{"id":1161560,"date":"2026-09-01T19:05:24","date_gmt":"2026-09-01T19:05:24","guid":{"rendered":"https:\/\/www.europesays.com\/fr\/1161560\/"},"modified":"2026-09-01T19:05:24","modified_gmt":"2026-09-01T19:05:24","slug":"arbres-fragilises-apres-lorage-a-lyon-reouverture-repoussee-pour-le-parc-de-la-tete-dor","status":"publish","type":"post","link":"https:\/\/www.europesays.com\/fr\/1161560\/","title":{"rendered":"Arbres fragilis\u00e9s apr\u00e8s l&rsquo;orage \u00e0 Lyon : r\u00e9ouverture repouss\u00e9e pour le parc de la T\u00eate d&rsquo;Or"},"content":{"rendered":"<p itemprop=\"description\"><strong>Le parc de la T\u00eate d&rsquo;Or est rest\u00e9 ferm\u00e9 au public ce mardi \u00e0 Lyon.<\/strong><\/p>\n<p>Le parc, qui n&rsquo;a pas rouvert depuis le violent orage qui a touch\u00e9 Lyon vendredi, sera de nouveau accessible au public \u00e0 partir de ce mercredi 2 septembre, a fait savoir la Ville de Lyon.<\/p>\n<p>Des op\u00e9rations d&rsquo;abattage et d&rsquo;\u00e9lagage doivent encore \u00eatre men\u00e9es pour permettre la s\u00e9curisation compl\u00e8te du site alors que plusieurs arbres ont \u00e9t\u00e9 fragilis\u00e9s.<\/p>\n<p>A noter que certaines zones du parc resteront ferm\u00e9es au public mercredi. Les portes Nord, le long de l&rsquo;all\u00e9e Achille Lignon resteront ferm\u00e9es jusqu&rsquo;\u00e0 nouvel ordre.<\/p>\n","protected":false},"excerpt":{"rendered":"Le parc de la T\u00eate d&rsquo;Or est rest\u00e9 ferm\u00e9 au public ce mardi \u00e0 Lyon. Le parc, qui&hellip;\n","protected":false},"author":2,"featured_media":1161561,"comment_status":"","ping_status":"","sticky":false,"template":"","format":"standard","meta":{"footnotes":"","_share_on_mastodon":"0"},"categories":[1889],"tags":[1111,11,2813,2190,2430,1109,251,1112,2811,1777,674,118,1011,27,1922,1110,1114,2428,2810,12,241,316,25,2812,517,800],"class_list":["post-1161560","post","type-post","status-publish","format-standard","has-post-thumbnail","category-lyon","tag-actu","tag-actualites","tag-article","tag-asvel","tag-auvergne-rhone-alpes","tag-breves","tag-culture","tag-depeches","tag-economique","tag-eu","tag-europe","tag-faits-divers","tag-fr","tag-france","tag-info","tag-informations","tag-infos","tag-lyon","tag-lyonmag","tag-news","tag-ol","tag-politique","tag-republique-francaise","tag-sociale","tag-sport","tag-transports"],"share_on_mastodon":{"url":"https:\/\/pubeurope.com\/@fr\/117197348952270899","error":""},"_links":{"self":[{"href":"https:\/\/www.europesays.com\/fr\/wp-json\/wp\/v2\/posts\/1161560","targetHints":{"allow":["GET"]}}],"collection":[{"href":"https:\/\/www.europesays.com\/fr\/wp-json\/wp\/v2\/posts"}],"about":[{"href":"https:\/\/www.europesays.com\/fr\/wp-json\/wp\/v2\/types\/post"}],"author":[{"embeddable":true,"href":"https:\/\/www.europesays.com\/fr\/wp-json\/wp\/v2\/users\/2"}],"replies":[{"embeddable":true,"href":"https:\/\/www.europesays.com\/fr\/wp-json\/wp\/v2\/comments?post=1161560"}],"version-history":[{"count":0,"href":"https:\/\/www.europesays.com\/fr\/wp-json\/wp\/v2\/posts\/1161560\/revisions"}],"wp:featuredmedia":[{"embeddable":true,"href":"https:\/\/www.europesays.com\/fr\/wp-json\/wp\/v2\/media\/1161561"}],"wp:attachment":[{"href":"https:\/\/www.europesays.com\/fr\/wp-json\/wp\/v2\/media?parent=1161560"}],"wp:term":[{"taxonomy":"category","embeddable":true,"href":"https:\/\/www.europesays.com\/fr\/wp-json\/wp\/v2\/categories?post=1161560"},{"taxonomy":"post_tag","embeddable":true,"href":"https:\/\/www.europesays.com\/fr\/wp-json\/wp\/v2\/tags?post=1161560"}],"curies":[{"name":"wp","href":"https:\/\/api.w.org\/{rel}","templated":true}]}}