{"id":1161572,"date":"2026-09-01T19:14:36","date_gmt":"2026-09-01T19:14:36","guid":{"rendered":"https:\/\/www.europesays.com\/fr\/1161572\/"},"modified":"2026-09-01T19:14:36","modified_gmt":"2026-09-01T19:14:36","slug":"les-russes-ont-ete-decisifs-dans-la-repression-de-la-mutinerie-au-niger-la-junte-de-plus-en-plus-dependante-de-moscou","status":"publish","type":"post","link":"https:\/\/www.europesays.com\/fr\/1161572\/","title":{"rendered":"\u00abLes Russes ont \u00e9t\u00e9 d\u00e9cisifs dans la r\u00e9pression de la mutinerie\u00bb : au Niger, la junte de plus en plus d\u00e9pendante de Moscou"},"content":{"rendered":"<p>\n    <strong>R\u00c9CIT <\/strong>&#8211; Confront\u00e9s \u00e0 une mutinerie de l\u2019arm\u00e9e, les militaires au pouvoir ont d\u00fb leur salut en partie \u00e0 l\u2019Africa Corps, le contingent russe.<\/p>\n<p class=\"fig-paragraph\">Le g\u00e9n\u00e9ral Abdourahamane Tiani pr\u00e9side toujours aux destin\u00e9es du Niger. L\u2019officier, auteur d\u2019un\u00a0<a href=\"https:\/\/www.lefigaro.fr\/international\/coup-d-etat-au-niger-tiani-le-general-protecteur-sorti-de-l-ombre-20230730\" data-fig-type=\"Article\" data-gtm-custom-categorie=\"navigation\" data-gtm-custom-action=\"crossclick\" data-gtm-custom-label=\"Contextuel\" data-gtm-event=\"customEventSPE\" data-fig-domain=\"LEFIGARO\" rel=\"nofollow noopener\" target=\"_blank\">coup d\u2019\u00c9tat \u00e0 l\u2019\u00e9t\u00e9 2023<\/a>, a pourtant failli, samedi, \u00eatre \u00e0 son tour renvers\u00e9. Le couperet est pass\u00e9 tr\u00e8s pr\u00e8s et laisse une junte tr\u00e8s affaiblie et plus d\u00e9pendante que jamais \u00e0 \u00ab\u00a0l\u2019alli\u00e9\u00a0\u00bb russe. \u00ab\u00a0La mise \u00e0 nu des tensions internes au sein de l\u2019arm\u00e9e (\u2026) illustre ainsi un nouveau tournant, dans la mesure o\u00f9 le r\u00e9gime nig\u00e9rien s\u2019est d\u00e9sormais vu contraint de se tourner vers un partenaire ext\u00e9rieur pour l\u2019aider \u00e0 r\u00e9tablir l\u2019ordre au sein de ses propres rangs\u00a0\u00bb, souligne dans une note le Timbuktu Institute, un centre de recherche bas\u00e9 \u00e0\u00a0<a href=\"http:\/\/www.lefigaro.fr\/flash-actu\/washington-et-dakar-signent-un-accord-pour-renforcer-le-systeme-de-sante-du-senegal-20260314\" data-fig-type=\"NewsFlash\" data-gtm-custom-categorie=\"navigation\" data-gtm-custom-action=\"crossclick\" data-gtm-custom-label=\"Contextuel\" data-gtm-event=\"customEventSPE\" data-fig-domain=\"LEFIGARO\" rel=\"nofollow noopener\" target=\"_blank\">Dakar<\/a>.<\/p>\n<p class=\"fig-paragraph\">La tentative se noue vendredi. Dans des casernes situ\u00e9es en dehors de la capitale, Niamey, autour de Tillab\u00e9ri, des militaires se soul\u00e8vent. Il n\u2019est toujours pas clair aujourd\u2019hui si les insurg\u00e9s pensent alors d\u00e9j\u00e0 \u00e0 prendre la capitale. Seule certitude\u00a0: dans la nuit, la troupe, conduite par de jeunes officiers, notamment des forces sp\u00e9ciales\u2026<\/p>\n<p class=\"fig-premium-paywall__infos\">\n        Cet article est r\u00e9serv\u00e9 aux abonn\u00e9s.        Il vous reste 85% \u00e0 d\u00e9couvrir.\n    <\/p>\n<p>                <img  data- alt=\"Le Figaro\" class=\"fig-img--complete fig-img\"\/><\/p>\n<p class=\"fig-premium-paywall__title\">Vente Flash<\/p>\n<p class=\"fig-premium-paywall__subtitle\">-70% sur votre abonnement. Sans engagement.<\/p>\n<p class=\"fig-premium-paywall__connect\">\n                D\u00e9j\u00e0 abonn\u00e9\u00a0?                <a class=\"fig-premium-paywall__connect-link\" href=\"https:\/\/connect.lefigaro.fr\/login?client=horizon_web&amp;type=main&amp;redirect_uri=https%3A%2F%2Fwww.lefigaro.fr%2Finternational%2Fles-russes-ont-ete-decisifs-dans-la-repression-de-la-mutinerie-au-niger-la-junte-de-plus-en-plus-dependante-de-moscou-20260901\" data-js-gtm=\"{&quot;event&quot;:&quot;customEventGA4&quot;,&quot;eventName&quot;:&quot;click_action&quot;,&quot;feature&quot;:&quot;paywall&quot;,&quot;location&quot;:&quot;paywall&quot;,&quot;button_action&quot;:&quot;connect&quot;,&quot;click_text&quot;:&quot;Connectez-vous&quot;}\" rel=\"nofollow noopener\" target=\"_blank\"><br \/>\n                    Connectez-vous<br \/>\n                <\/a>\n            <\/p>\n","protected":false},"excerpt":{"rendered":"R\u00c9CIT &#8211; Confront\u00e9s \u00e0 une mutinerie de l\u2019arm\u00e9e, les militaires au pouvoir ont d\u00fb leur salut en partie&hellip;\n","protected":false},"author":2,"featured_media":1161573,"comment_status":"","ping_status":"","sticky":false,"template":"","format":"standard","meta":{"footnotes":"","_share_on_mastodon":"0"},"categories":[1591],"tags":[11,1887,12,19995,1885,1886,132],"class_list":["post-1161572","post","type-post","status-publish","format-standard","has-post-thumbnail","category-russie","tag-actualites","tag-federation-de-russie","tag-news","tag-niger","tag-russia","tag-russian-federation","tag-russie"],"share_on_mastodon":{"url":"","error":""},"_links":{"self":[{"href":"https:\/\/www.europesays.com\/fr\/wp-json\/wp\/v2\/posts\/1161572","targetHints":{"allow":["GET"]}}],"collection":[{"href":"https:\/\/www.europesays.com\/fr\/wp-json\/wp\/v2\/posts"}],"about":[{"href":"https:\/\/www.europesays.com\/fr\/wp-json\/wp\/v2\/types\/post"}],"author":[{"embeddable":true,"href":"https:\/\/www.europesays.com\/fr\/wp-json\/wp\/v2\/users\/2"}],"replies":[{"embeddable":true,"href":"https:\/\/www.europesays.com\/fr\/wp-json\/wp\/v2\/comments?post=1161572"}],"version-history":[{"count":0,"href":"https:\/\/www.europesays.com\/fr\/wp-json\/wp\/v2\/posts\/1161572\/revisions"}],"wp:featuredmedia":[{"embeddable":true,"href":"https:\/\/www.europesays.com\/fr\/wp-json\/wp\/v2\/media\/1161573"}],"wp:attachment":[{"href":"https:\/\/www.europesays.com\/fr\/wp-json\/wp\/v2\/media?parent=1161572"}],"wp:term":[{"taxonomy":"category","embeddable":true,"href":"https:\/\/www.europesays.com\/fr\/wp-json\/wp\/v2\/categories?post=1161572"},{"taxonomy":"post_tag","embeddable":true,"href":"https:\/\/www.europesays.com\/fr\/wp-json\/wp\/v2\/tags?post=1161572"}],"curies":[{"name":"wp","href":"https:\/\/api.w.org\/{rel}","templated":true}]}}