{"id":1161586,"date":"2026-09-01T19:25:20","date_gmt":"2026-09-01T19:25:20","guid":{"rendered":"https:\/\/www.europesays.com\/fr\/1161586\/"},"modified":"2026-09-01T19:25:20","modified_gmt":"2026-09-01T19:25:20","slug":"mercato-youssouf-fofana-ne-sera-finalement-pas-prete-a-lol-lequipe","status":"publish","type":"post","link":"https:\/\/www.europesays.com\/fr\/1161586\/","title":{"rendered":"Mercato : Youssouf Fofana ne sera finalement pas pr\u00eat\u00e9 \u00e0 l&#039;OL &#8211; L&#039;\u00c9quipe"},"content":{"rendered":"<ol>\n<li><a href=\"https:\/\/news.google.com\/rss\/articles\/CBMirwFBVV95cUxOOE42Y3BBRFR1SUNzaW5HcFdTd3RMbnlRQWd2ek1EQ25WU21Dbkh5SG9QNFhVVDg0YXVOeXhaQXdzTDlmVzFGUkpyWkVJanpvU2xWNE1zRGMwZ2dsRzhEQ0ZPOHl6MGFJdFBsZFhvTE5pNzNpUS1YQVpiT0x6Y3A2VkJINHFZeTYzTkFCR0p0N0VrZ1lSNjRBR255RjFwZWJjUGlkdk5ySW84UkpwMDA0?oc=5\" target=\"_blank\" rel=\"nofollow noopener\">Mercato : Youssouf Fofana ne sera finalement pas pr\u00eat\u00e9 \u00e0 l&rsquo;OL<\/a>&nbsp;&nbsp;L&rsquo;\u00c9quipe<\/li>\n<li><a href=\"https:\/\/news.google.com\/rss\/articles\/CBMic0FVX3lxTFBUQmpJbWVQN0NhWUVuZk5US0Z3d3JzT1FSSy1sWWZ4aUdMVjBnalJGWjkyaUdBaTFCdHhURmwxOVEybFBmeGZkY2NyR3BTdTRsX1BnQXhUQVNZajRUQ25VTzh2alpxS2RVTkpnSUc0VWpNaFU?oc=5\" target=\"_blank\" rel=\"nofollow noopener\">DIRECT. Mercato : Youssouf Fofana n&rsquo;ira pas \u00e0 l&rsquo;OL, Enzo Fernandez attendu \u00e0 City<\/a>&nbsp;&nbsp;L&rsquo;\u00c9quipe<\/li>\n<li><a href=\"https:\/\/news.google.com\/rss\/articles\/CBMivAFBVV95cUxQdnlYdDhkMW5WODhmWHJxeV9qWUFMYjB1aXdjaTVfRmtnVmxnYl9WYzVlOHlVY0owUDZONkdMbWdGa0QxYnFiMGk5UGNhMHVKT043Q0FJdng4UGpodEhLRlhkcXI5NVJBZlppVnI4U0ZieERNWTR4X19qX0hmUzVUcFh2TFVUTTVwWDBEOGp6ODhPVC1mWTdpd0V2SlJ6TG9iRWxuSUxhb05YUldNVHRLdXZDbmlkLXZKN3ZhNdIBuwFBVV95cUxNTFh1TWd3RjZ2UFJ0c0xoSGVTYU1ReEpDZjdqMmdDNjBxSTlNM3dTQmd5TjJLZjNIZEN1WkdLMFFndERlUWp2Sm9LMTdpUTljYXdNM0FyazRwTmpUZXEwT1o4dDlPeXJ5dFFrTmNMS1NkcDFxcE9jWkVsWTRTczFfaTBiVVdhWTNyMzV4ZEV2OFBMUlFTdnE5T3djSjRCTmJlLWFfc19JbU9hMGhfTzlnSzdsdDN4UGgybEVB?oc=5\" target=\"_blank\" rel=\"nofollow noopener\">OL : Finalement, Youssouf Fofana ne viendra pas : Sports &#8211; Orange<\/a>&nbsp;&nbsp;Sports &#8211; Orange<\/li>\n<li><a href=\"https:\/\/news.google.com\/rss\/articles\/CBMiuAFBVV95cUxNS2h6VC1EeVE1Qm5hVHhodHZJSGNUQy1tWGVHUXRZSVJKRlA5YURjYzFTWGRSMVRNOHRVOE16VmQ2YmFwVHdwU2lUS2ZCZVBoaTdtUzFfa1c1X1JSMkxjWGJjXzZkZnBveTJ1THZsQklTVVZrYjhrSUNGRGc5ZXpiTGlMVVBaY0dETVhuVHY2amo3MXhhTlFqcmViWUJUMG1IT2ZVQ1d3NGE4b25vWDZqbVNXbEo0LXlF?oc=5\" target=\"_blank\" rel=\"nofollow noopener\">L&rsquo;\u00e9chec du transfert d&rsquo;un finaliste du Mondial 2022 \u00e0 l&rsquo;OL &#8211; France &#8211; Olympique Lyonnais<\/a>&nbsp;&nbsp;SO FOOT.com<\/li>\n<li><a href=\"https:\/\/news.google.com\/rss\/articles\/CBMiswFBVV95cUxNZ01xbGJEclk3enBhbG1iRmwtSUVoajJkYjBCbTNnRFlrVTlFclEyeHZBWmRkYTZzRTBBcExOR1BkNktkNUNMU3Y5a2VqQjA2SUN6am8wR19pRkhlVV91WFJIbGF6Z09lckJEN252aDI5bzU3ZWVHSldNY00zcy01MnNXU2hwWHQ3X0x4bEozMGtzZG5yV0hjaUlOdWMwVDIxNWFwVTltczRFNjNraWk1eDBxcw?oc=5\" target=\"_blank\" rel=\"nofollow noopener\">En direct. Mercato de l&rsquo;OL : Malick Fofana toujours en attente, Youssouf Fofana ne viendra pas<\/a>&nbsp;&nbsp;Le Progr\u00e8s<\/li>\n<\/ol>\n","protected":false},"excerpt":{"rendered":"Mercato : Youssouf Fofana ne sera finalement pas pr\u00eat\u00e9 \u00e0 l&rsquo;OL&nbsp;&nbsp;L&rsquo;\u00c9quipe DIRECT. Mercato : Youssouf Fofana n&rsquo;ira pas&hellip;\n","protected":false},"author":2,"featured_media":1161587,"comment_status":"","ping_status":"","sticky":false,"template":"","format":"standard","meta":{"footnotes":"","_share_on_mastodon":"0"},"categories":[2],"tags":[30513,11,86760,86638,63,1011,27,86886,87483,66,2428,12,25,33137],"class_list":["post-1161586","post","type-post","status-publish","format-standard","has-post-thumbnail","category-actualites","tag-ac-milan","tag-actualites","tag-actus-et-infos","tag-championnat-ditalie","tag-football","tag-fr","tag-france","tag-hugo-delom","tag-hugo-guillemet","tag-ligue-1","tag-lyon","tag-news","tag-republique-francaise","tag-transferts-football"],"share_on_mastodon":{"url":"https:\/\/pubeurope.com\/@fr\/117197427741480410","error":""},"_links":{"self":[{"href":"https:\/\/www.europesays.com\/fr\/wp-json\/wp\/v2\/posts\/1161586","targetHints":{"allow":["GET"]}}],"collection":[{"href":"https:\/\/www.europesays.com\/fr\/wp-json\/wp\/v2\/posts"}],"about":[{"href":"https:\/\/www.europesays.com\/fr\/wp-json\/wp\/v2\/types\/post"}],"author":[{"embeddable":true,"href":"https:\/\/www.europesays.com\/fr\/wp-json\/wp\/v2\/users\/2"}],"replies":[{"embeddable":true,"href":"https:\/\/www.europesays.com\/fr\/wp-json\/wp\/v2\/comments?post=1161586"}],"version-history":[{"count":0,"href":"https:\/\/www.europesays.com\/fr\/wp-json\/wp\/v2\/posts\/1161586\/revisions"}],"wp:featuredmedia":[{"embeddable":true,"href":"https:\/\/www.europesays.com\/fr\/wp-json\/wp\/v2\/media\/1161587"}],"wp:attachment":[{"href":"https:\/\/www.europesays.com\/fr\/wp-json\/wp\/v2\/media?parent=1161586"}],"wp:term":[{"taxonomy":"category","embeddable":true,"href":"https:\/\/www.europesays.com\/fr\/wp-json\/wp\/v2\/categories?post=1161586"},{"taxonomy":"post_tag","embeddable":true,"href":"https:\/\/www.europesays.com\/fr\/wp-json\/wp\/v2\/tags?post=1161586"}],"curies":[{"name":"wp","href":"https:\/\/api.w.org\/{rel}","templated":true}]}}