{"id":1161594,"date":"2026-09-01T19:31:20","date_gmt":"2026-09-01T19:31:20","guid":{"rendered":"https:\/\/www.europesays.com\/fr\/1161594\/"},"modified":"2026-09-01T19:31:20","modified_gmt":"2026-09-01T19:31:20","slug":"paul-gustard-entraineur-du-stade-francais-affiche-ses-ambitions-avant-la-reprise-du-top-14-jai-un-objectif-gagner-un-titre-si-ce-nest-pas-le-cas-je-le-vivrai-comme-un-echec","status":"publish","type":"post","link":"https:\/\/www.europesays.com\/fr\/1161594\/","title":{"rendered":"Paul Gustard, entra\u00eeneur du Stade Fran\u00e7ais, affiche ses ambitions avant la reprise du Top 14 : \u00ab J&rsquo;ai un objectif, gagner un titre. Si ce n&rsquo;est pas le cas, je le vivrai comme un \u00e9chec \u00bb"},"content":{"rendered":"<p>Rugby,<\/p>\n<p>Stade Fran\u00e7ais,<\/p>\n<p>Entretien<\/p>\n<p>abonn\u00e9<\/p>\n<p>Paul Gustard, entra\u00eeneur du Stade Fran\u00e7ais, affiche ses ambitions avant la reprise du Top 14 : \u00ab J&rsquo;ai un objectif, gagner un titre. Si ce n&rsquo;est pas le cas, je le vivrai comme un \u00e9chec \u00bb<\/p>\n<p>Demi-finaliste du dernier exercice, le Stade Fran\u00e7ais de l&rsquo;Anglais Paul Gustard nourrit de grandes ambitions \u00e0 l&rsquo;aube de cette nouvelle saison de Top 14.<\/p>\n","protected":false},"excerpt":{"rendered":"Rugby, Stade Fran\u00e7ais, Entretien abonn\u00e9 Paul Gustard, entra\u00eeneur du Stade Fran\u00e7ais, affiche ses ambitions avant la reprise du&hellip;\n","protected":false},"author":2,"featured_media":1161595,"comment_status":"","ping_status":"","sticky":false,"template":"","format":"standard","meta":{"footnotes":"","_share_on_mastodon":"0"},"categories":[1416],"tags":[61864,113526,35888,1011,27,87287,86837,3464,479,1468,60,119476,2558,17932,478],"class_list":["post-1161594","post","type-post","status-publish","format-standard","has-post-thumbnail","category-rugby","tag-2026-2027","tag-aller-1re-journe","tag-entretiens","tag-fr","tag-france","tag-maxime-raulin","tag-payant","tag-perpignan","tag-rugby","tag-rugby-football","tag-sports","tag-stade-franais-perpignan","tag-stade-francais","tag-temoignages","tag-top-14"],"share_on_mastodon":{"url":"https:\/\/pubeurope.com\/@fr\/117197451277459591","error":""},"_links":{"self":[{"href":"https:\/\/www.europesays.com\/fr\/wp-json\/wp\/v2\/posts\/1161594","targetHints":{"allow":["GET"]}}],"collection":[{"href":"https:\/\/www.europesays.com\/fr\/wp-json\/wp\/v2\/posts"}],"about":[{"href":"https:\/\/www.europesays.com\/fr\/wp-json\/wp\/v2\/types\/post"}],"author":[{"embeddable":true,"href":"https:\/\/www.europesays.com\/fr\/wp-json\/wp\/v2\/users\/2"}],"replies":[{"embeddable":true,"href":"https:\/\/www.europesays.com\/fr\/wp-json\/wp\/v2\/comments?post=1161594"}],"version-history":[{"count":0,"href":"https:\/\/www.europesays.com\/fr\/wp-json\/wp\/v2\/posts\/1161594\/revisions"}],"wp:featuredmedia":[{"embeddable":true,"href":"https:\/\/www.europesays.com\/fr\/wp-json\/wp\/v2\/media\/1161595"}],"wp:attachment":[{"href":"https:\/\/www.europesays.com\/fr\/wp-json\/wp\/v2\/media?parent=1161594"}],"wp:term":[{"taxonomy":"category","embeddable":true,"href":"https:\/\/www.europesays.com\/fr\/wp-json\/wp\/v2\/categories?post=1161594"},{"taxonomy":"post_tag","embeddable":true,"href":"https:\/\/www.europesays.com\/fr\/wp-json\/wp\/v2\/tags?post=1161594"}],"curies":[{"name":"wp","href":"https:\/\/api.w.org\/{rel}","templated":true}]}}