{"id":1161616,"date":"2026-09-01T19:49:18","date_gmt":"2026-09-01T19:49:18","guid":{"rendered":"https:\/\/www.europesays.com\/fr\/1161616\/"},"modified":"2026-09-01T19:49:18","modified_gmt":"2026-09-01T19:49:18","slug":"beam-ultra-fini-la-virtualisation-sonos-fait-passer-sa-barre-de-son-intermediaire-au-7-1-2","status":"publish","type":"post","link":"https:\/\/www.europesays.com\/fr\/1161616\/","title":{"rendered":"Beam Ultra : fini la virtualisation, Sonos fait passer sa barre de son interm\u00e9diaire au 7.1.2"},"content":{"rendered":"<p>                    <a aria-label=\"Sonos Beam Ultra\" href=\"https:\/\/www.lesnumeriques.com\/barre-de-son\/sonos-beam-ultra-meilleur-prix-meilleur-prix-p78770.html\" rel=\"nofollow noopener\" target=\"_blank\">Sonos Beam Ultra<\/a><\/p>\n<p>\tPrix de lancement 700 \u20ac\n            <\/p>\n<p>                                                <a href=\"https:\/\/www.lesnumeriques.com\/barre-de-son\/sonos-beam-ultra-meilleur-prix-meilleur-prix-p78770.html\" title=\"Sonos Beam Ultra\" rel=\"nofollow noopener\" target=\"_blank\"><\/p>\n<p>            <img loading=\"lazy\" decoding=\"async\" src=\"data:image\/svg+xml,%3Csvg xmlns='http:\/\/www.w3.org\/2000\/svg'%3E%3C\/svg%3E\" draggable=\"false\" width=\"452\" height=\"254\" class=\"ed__title-xxs\" alt=\"Sonos Beam Ultra\"\/><\/p>\n<p>                <\/a><\/p>\n<ul class=\"pr__m-pt__lst is--active\" data-table-content=\"148924\" role=\"list\">\n<li class=\"pr__m-pt__lst__itm is--dropdown-open \" role=\"listitem\">\n<p>            <a href=\"https:\/\/prix.lesnums.com\/offer\/eyJwcmljZUlkIjo0NDE5NjMsInNpdGVJZCI6MSwib2ZmZXJJZCI6IjAwMDAwMDAwMDAwMTI0NDExMSIsImZlZWRJZCI6MTIwNn0=\" class=\"pr__m-pt__lst__itm__lnk js-price-lead js-track-price-url\" data-source=\"TP\" data-track-action=\"Boulanger.com\" data-track-label=\"Sonos Beam Ultra\" data-track-brand=\"Sonos\" data-track-price=\"699.00\" data-variant=\"Clic prix sortant variant merged_offers_new_refurbished\" target=\"_blank\" rel=\"nofollow noopener\" aria-label=\"Voir l&#039;offre\" title=\"Sonos - Barre De Son  Beam Ultra Noir\"><\/p>\n<p>                    <img decoding=\"async\" src=\"https:\/\/www.europesays.com\/fr\/wp-content\/uploads\/2026\/02\/1770022521_54_boulanger-034dc369.png\" alt=\"Boulanger.com\" loading=\"lazy\" intrinsicsize=\"16x16\" width=\"16\" height=\"16\"\/><br \/>\n                    Boulanger.com<\/p>\n<p>\n                699,00\u00a0\u20ac                    Neuf<\/p>\n<\/li>\n<ul>\n<li class=\"pr__m-pt__lst__itm is--in-dropdown\">\n<p>                        <a href=\"https:\/\/prix.lesnums.com\/offer\/eyJwcmljZUlkIjo0NDE5NjMsInNpdGVJZCI6MSwib2ZmZXJJZCI6IjAwMDAwMDAwMDAwMTI0NDExMSIsImZlZWRJZCI6MTIwNn0=\" class=\"pr__m-pt__lst__itm__lnk js-price-lead js-track-price-url\" data-source=\"TP\" data-track-action=\"Boulanger.com\" data-track-label=\"Sonos Beam Ultra\" data-track-brand=\"Sonos\" data-track-price=\"699.00\" data-variant=\"Clic prix sortant variant merged_offers_new_refurbished\" target=\"_blank\" rel=\"nofollow noopener\" aria-label=\"Voir l&#039;offre\" title=\"Sonos - Barre De Son  Beam Ultra Noir\"><\/p>\n<p>                                                                                                                        Sonos &#8211; Barre De Son  Beam Ultra Noir<\/p>\n<p>\n                            699,00\u00a0\u20ac                                Neuf\n                                                    <\/p>\n<\/li>\n<li class=\"pr__m-pt__lst__itm is--in-dropdown\">\n<p>                            <a href=\"https:\/\/prix.lesnums.com\/offer\/eyJwcmljZUlkIjo0NDE5NjMsInNpdGVJZCI6MSwib2ZmZXJJZCI6IjAwMDAwMDAwMDAwMTI0NDExMyIsImZlZWRJZCI6MTIwNn0=\" class=\"pr__m-pt__lst__itm__lnk js-price-lead js-track-price-url\" data-source=\"TP\" data-track-action=\"Boulanger.com\" data-track-label=\"Sonos Beam Ultra\" data-track-brand=\"Sonos\" data-track-price=\"699.00\" data-variant=\"Clic prix sortant variant merged_offers_new_refurbished\" target=\"_blank\" rel=\"nofollow noopener\" aria-label=\"Voir l&#039;offre\" title=\"Sonos - Barre De Son  Beam Ultra Blanc\"><\/p>\n<p>                                                                                                                                    Sonos &#8211; Barre De Son  Beam Ultra Blanc<\/p>\n<p>\n                                699,00\u00a0\u20ac                                    Neuf\n                                                            <\/p>\n<\/li>\n<\/ul>\n<\/ul>\n<p>\n            Fonctionnement du tableau de prix\n        <\/p>\n<p>\n\tD\u00e9sactivez votre bloqueur de publicit\u00e9s pour acc\u00e9der \u00e0 tous les liens ci-dessus.\n<\/p>\n<p>Configuration 7.1.2, Atmos natif et voie centrale repens\u00e9e<\/p>\n<p class=\"ed__a-p ed__bdy__l\">La Beam Ultra adopte une architecture sonore totalement repens\u00e9e par rapport \u00e0 celle de sa devanci\u00e8re. Elle passe d\u2019une configuration 5.0 \u00e0 7.1.2 gr\u00e2ce \u00e0 l\u2019ajout de deux haut-parleurs frontaux et de deux tweeters verticaux. Grande premi\u00e8re pour une barre de son Sonos de milieu de gamme, la Beam Ultra cumule d\u00e9sormais quatre v\u00e9ritables woofers, ce qui lui permet de s\u2019affranchir de radiateurs passifs et de revendiquer un canal LFE. Gr\u00e2ce \u00e0 ces am\u00e9liorations, elle entend donc d\u00e9livrer des basses convaincantes sans caisson externe, mais surtout restituer pleinement les effets tridimensionnels des bandes-son Dolby Atmos, l\u00e0 o\u00f9 la Beam (Gen 2) se contentait d\u2019une virtualisation.<\/p>\n<p class=\"ed__a-p ed__bdy__l\"><img loading=\"lazy\" decoding=\"async\" src=\"data:image\/svg+xml,%3Csvg xmlns='http:\/\/www.w3.org\/2000\/svg'%3E%3C\/svg%3E\" draggable=\"false\" width=\"1500\" height=\"1000\" class=\"ed__title-xxs\" alt=\"Sonos Beam Ultra\" style=\"background-color: #f2f2f2; aspect-ratio:1500\/1000;\"\/><\/p>\n<p class=\"ed__a-p ed__bdy__l\">Le haut-parleur m\u00e9dium\/aigu central adopte un nouveau guide d\u2019ondes et une conception m\u00e9canique repens\u00e9e, associ\u00e9s \u00e0 un traitement num\u00e9rique du signal (DSP) in\u00e9dit. Ce dernier va de pair avec quatre niveaux d\u2019am\u00e9lioration pilot\u00e9s par IA, capables d\u2019optimiser l\u2019intelligibilit\u00e9 des dialogues en temps r\u00e9el. Bien s\u00fbr, la Beam Ultra conserve des unit\u00e9s lat\u00e9rales afin de d\u00e9livrer une large sc\u00e8ne sonore et ainsi rendre justice aux effets surround.<\/p>\n<p>Un format toujours compact, facile \u00e0 int\u00e9grer<\/p>\n<p class=\"ed__a-p ed__bdy__l\">\u00c0 l\u2019exception d\u2019une nouvelle grille acoustique sur sa face sup\u00e9rieure et de commandes tactiles d\u00e9plac\u00e9es en cons\u00e9quence, la Beam Ultra ressemble beaucoup \u00e0 son a\u00een\u00e9e. Sonos s\u2019est en effet attach\u00e9 \u00e0 conserver un format compact malgr\u00e9 les optimisations acoustiques. Elle s\u2019affine ainsi tr\u00e8s l\u00e9g\u00e8rement pour encore moins occulter l\u2019image du t\u00e9l\u00e9viseur, tout en \u00e9tant seulement un peu plus longue et plus profonde. Par ailleurs, elle conserve un poids de 2,9 kg, identique \u00e0 celui de la Beam (Gen 2). Malgr\u00e9 cette compacit\u00e9, Sonos l\u2019annonce capable de sonoriser un t\u00e9l\u00e9viseur de 65&Prime;.<\/p>\n<p class=\"ed__a-p ed__bdy__l\"><img loading=\"lazy\" decoding=\"async\" src=\"data:image\/svg+xml,%3Csvg xmlns='http:\/\/www.w3.org\/2000\/svg'%3E%3C\/svg%3E\" draggable=\"false\" width=\"2992\" height=\"2000\" class=\"ed__title-xxs\" alt=\"Sonos Beam Ultra\" style=\"background-color: #f2f2f2; aspect-ratio:2992\/2000;\"\/><\/p>\n<p class=\"ed__a-p ed__bdy__l\">La Beam Ultra conserve les fonctions phares de Sonos, comme le syst\u00e8me de calibrage acoustique par microphone TruePlay, le basculement audio  vers un casque Ace Ultra et le contr\u00f4le par commandes vocales via Sonos Voice Control. Pour l\u2019heure, la marque n\u2019a fait aucune mention de l\u2019int\u00e9gration d\u2019Amazon Alexa ou de Google Assistant.<\/p>\n<p>Wi-Fi, Bluetooth, HDMI eARC et USB-C<\/p>\n<p class=\"ed__a-p ed__bdy__l\">Pour l\u2019\u00e9coute musicale, outre un r\u00e9cepteur Bluetooth 5.3, la barre comprend un module Wi-Fi 6 permettant de streamer sans perte via AirPlay 2 ou le protocole propri\u00e9taire de Sonos. Cette connectivit\u00e9 peut bien s\u00fbr \u00eatre mise \u00e0 profit pour int\u00e9grer la Beam Ultra au sein d\u2019un \u00e9cosyst\u00e8me multiroom compos\u00e9 de plusieurs produits Sonos.<\/p>\n<p class=\"ed__a-p ed__bdy__l\">La barre conserve un port HDMI eARC, mais ajoute un port USB-C permettant de connecter une source mini-jack ou un routeur avec un c\u00e2ble Ethernet, via des adaptateurs propri\u00e9taires optionnels. Dommage que l\u2019adaptateur optique con\u00e7u pour se connecter au port HDMI ne soit plus inclus dans la bo\u00eete.<\/p>\n<p class=\"ed__a-p ed__bdy__l\"><img loading=\"lazy\" decoding=\"async\" src=\"data:image\/svg+xml,%3Csvg xmlns='http:\/\/www.w3.org\/2000\/svg'%3E%3C\/svg%3E\" draggable=\"false\" width=\"3000\" height=\"2000\" class=\"ed__title-xxs\" alt=\"Sonos Beam Ultra\" style=\"background-color: #f2f2f2; aspect-ratio:3000\/2000;\"\/><\/p>\n<p class=\"ed__a-p ed__bdy__l\">Via l\u2019application Sonos, outre un \u00e9galiseur \u00e0 bandes et l\u2019acc\u00e8s aux services de streaming, on retrouve bien s\u00fbr des menus permettant d\u2019associer un caisson de basses et\/ou des enceintes arri\u00e8re Sonos, sans le moindre c\u00e2ble, dans une logique d\u2019\u00e9volution. Petite nouveaut\u00e9 : les enceintes sur batterie <a href=\"https:\/\/www.lesnumeriques.com\/enceintes-portables\/sonos-play-p77944\/test.html\" title=\"Sonos Play : une enceinte connect\u00e9e cam\u00e9l\u00e9on, aussi dou\u00e9e au salon qu&#039;\u00e0 l&#039;aventure\" rel=\"nofollow noopener\" target=\"_blank\">Play<\/a> et <a href=\"https:\/\/www.lesnumeriques.com\/enceintes-portables\/sonos-move-2-p73833\/test.html\" title=\"Sonos Move 2 : une enceinte portable ultra connect\u00e9e et endurante\" rel=\"nofollow noopener\" target=\"_blank\">Move 2<\/a> peuvent d\u00e9sormais faire office de satellites, au m\u00eame titre que les <a href=\"https:\/\/www.lesnumeriques.com\/enceintes-sans-fil\/sonos-era-100-p73069\/test.html\" title=\"Enceinte sans-fil Sonos Era\u00a0100\u00a0: une digne h\u00e9riti\u00e8re de la Sonos One\" rel=\"nofollow noopener\" target=\"_blank\">Era 100<\/a> et <a href=\"https:\/\/www.lesnumeriques.com\/enceintes-sans-fil\/sonos-era-300-p73075\/test.html\" title=\"Enceinte sans-fil Era 300 : Sonos s\u2019approche de l\u2019excellence\" rel=\"nofollow noopener\" target=\"_blank\">Era 300<\/a>.<\/p>\n<p class=\"ed__a-p ed__bdy__l\">D\u2019ores et d\u00e9j\u00e0 disponible en pr\u00e9commande, la Beam Ultra sera commercialis\u00e9e \u00e0 partir du 29 septembre 2026 dans des coloris noir et blanc. Lanc\u00e9e \u00e0 699 \u20ac, elle affiche une hausse tarifaire de 200 \u20ac par rapport au prix de lancement de la Beam (Gen 2). Celle-ci s\u2019explique logiquement par une architecture acoustique plus pouss\u00e9e.<\/p>\n<p class=\"ed__a-p ed__bdy__l\">Envie de faire encore plus d&rsquo;\u00e9conomies ? D\u00e9couvrez <a href=\"https:\/\/www.lesnumeriques.com\/codes-promo.html\" rel=\"nofollow noopener\" target=\"_blank\">nos codes promo<\/a> s\u00e9lectionn\u00e9s pour vous.<\/p>\n","protected":false},"excerpt":{"rendered":"Sonos Beam Ultra Prix de lancement 700 \u20ac Boulanger.com 699,00\u00a0\u20ac Neuf Sonos &#8211; Barre De Son Beam Ultra&hellip;\n","protected":false},"author":2,"featured_media":1161617,"comment_status":"","ping_status":"","sticky":false,"template":"","format":"standard","meta":{"footnotes":"","_share_on_mastodon":"0"},"categories":[7],"tags":[1011,27,43,40,41,39,42,44],"class_list":["post-1161616","post","type-post","status-publish","format-standard","has-post-thumbnail","category-sciences-et-technologies","tag-fr","tag-france","tag-science","tag-science-and-technology","tag-sciences","tag-sciences-et-technologies","tag-technologies","tag-technology"],"share_on_mastodon":{"url":"https:\/\/pubeurope.com\/@fr\/117197524051847440","error":""},"_links":{"self":[{"href":"https:\/\/www.europesays.com\/fr\/wp-json\/wp\/v2\/posts\/1161616","targetHints":{"allow":["GET"]}}],"collection":[{"href":"https:\/\/www.europesays.com\/fr\/wp-json\/wp\/v2\/posts"}],"about":[{"href":"https:\/\/www.europesays.com\/fr\/wp-json\/wp\/v2\/types\/post"}],"author":[{"embeddable":true,"href":"https:\/\/www.europesays.com\/fr\/wp-json\/wp\/v2\/users\/2"}],"replies":[{"embeddable":true,"href":"https:\/\/www.europesays.com\/fr\/wp-json\/wp\/v2\/comments?post=1161616"}],"version-history":[{"count":0,"href":"https:\/\/www.europesays.com\/fr\/wp-json\/wp\/v2\/posts\/1161616\/revisions"}],"wp:featuredmedia":[{"embeddable":true,"href":"https:\/\/www.europesays.com\/fr\/wp-json\/wp\/v2\/media\/1161617"}],"wp:attachment":[{"href":"https:\/\/www.europesays.com\/fr\/wp-json\/wp\/v2\/media?parent=1161616"}],"wp:term":[{"taxonomy":"category","embeddable":true,"href":"https:\/\/www.europesays.com\/fr\/wp-json\/wp\/v2\/categories?post=1161616"},{"taxonomy":"post_tag","embeddable":true,"href":"https:\/\/www.europesays.com\/fr\/wp-json\/wp\/v2\/tags?post=1161616"}],"curies":[{"name":"wp","href":"https:\/\/api.w.org\/{rel}","templated":true}]}}