{"id":1161643,"date":"2026-09-01T20:07:15","date_gmt":"2026-09-01T20:07:15","guid":{"rendered":"https:\/\/www.europesays.com\/fr\/1161643\/"},"modified":"2026-09-01T20:07:15","modified_gmt":"2026-09-01T20:07:15","slug":"patrick-bruel-annonce-lannulation-de-sa-tournee-lartiste-nassurera-pas-ses-concerts-a-caen-et-rouen","status":"publish","type":"post","link":"https:\/\/www.europesays.com\/fr\/1161643\/","title":{"rendered":"Patrick Bruel annonce l\u2019annulation de sa tourn\u00e9e\u00a0: l\u2019artiste n\u2019assurera pas ses concerts \u00e0 Caen et Rouen"},"content":{"rendered":"<p data-ofstats-scroll=\"read_depth_20\">La pression des \u00e9lus locaux de Normandie sur Patrick Bruel avait \u00e9t\u00e9 plus importante ces derniers jours. Le chanteur, mis en examen dans plusieurs affaires de violences sexuelles, a annonc\u00e9, mardi 1er\u00a0septembre 2026 sur Instagram, <a href=\"https:\/\/www.ouest-france.fr\/culture\/musiques\/patrick-bruel\/patrick-bruel-mis-en-examen-pour-plusieurs-affaires-de-violences-sexuelles-annule-sa-tournee-263900c2-a621-11f1-8a27-1e0c4eb5e395\" target=\"_self\" rel=\"nofollow noopener\">l\u2019annulation des concerts de sa tourn\u00e9e d\u2019automne qui devait reprendre le 2\u00a0octobre 2026<\/a>.<\/p>\n<p data-ofstats-scroll=\"read_depth_30\">L\u2019artiste devait passer par la Normandie pour deux dates qui affichaient complet\u00a0: le dimanche 18\u00a0octobre \u00e0 Rouen\u00a0(Seine-Maritime) et le lendemain \u00e0 Caen\u00a0(Calvados), dans les z\u00e9niths des deux villes.<\/p>\n<p data-ofstats-scroll=\"read_depth_40\"><strong>Lire aussi\u00a0: <\/strong> <a href=\"https:\/\/www.ouest-france.fr\/culture\/musiques\/patrick-bruel\/patrick-bruel-la-mairie-de-montpellier-naccueillera-pas-son-concert-pour-des-raisons-morales-et-de-securite-dfa09b64-9f06-11f1-a8ad-3219df531147\" target=\"_self\" rel=\"nofollow noopener\">Patrick Bruel\u00a0: les maires de Montpellier et Dijon refusent d\u2019accueillir les concerts du chanteur<\/a><\/p>\n<p>        \u00ab\u00a0Un risque av\u00e9r\u00e9 de trouble \u00e0 l\u2019ordre public\u00a0\u00bb<\/p>\n<p data-ofstats-scroll=\"read_depth_60\">Fin ao\u00fbt\u00a02026, plusieurs \u00e9lus locaux avaient pris la parole. <a href=\"https:\/\/www.ouest-france.fr\/culture\/musiques\/patrick-bruel\/a-quelques-semaines-du-concert-de-patrick-bruel-au-zenith-de-caen-le-maire-aristide-olivier-prend-de-nouveau-position-0be7f072-9fa3-11f1-a8ad-3219df531147\" target=\"_self\" rel=\"nofollow noopener\">Aristide Olivier, maire de Caen, avait avanc\u00e9<\/a>\u00a0: Je respecte pleinement et sans r\u00e9serve la pr\u00e9somption d\u2019innocence, qui s\u2019impose \u00e0 tous tant qu\u2019aucune condamnation d\u00e9finitive n\u2019est intervenue. Pour autant, face au nombre de plaintes pour violences sexuelles d\u00e9sormais d\u00e9pos\u00e9es \u00e0 l\u2019encontre de Monsieur Bruel et faisant l\u2019objet de proc\u00e9dures judiciaires, celui-ci aurait d\u00fb, de sa propre initiative et en responsabilit\u00e9, d\u00e9cider de suspendre ou d\u2019annuler sa tourn\u00e9e dans l\u2019attente du jugement.<\/p>\n<\/p>\n<p data-ofstats-scroll=\"read_depth_80\">Sans appeler clairement \u00e0 l\u2019annulation du concert de l\u2019artiste, l\u2019\u00e9dile avait assur\u00e9 que si des \u00e9l\u00e9ments faisaient appara\u00eetre un risque av\u00e9r\u00e9 de trouble \u00e0 l\u2019ordre public, il n\u2019h\u00e9sitera pas \u00e0 prendre toutes les mesures n\u00e9cessaires pour y faire face.<\/p>\n<p data-ofstats-scroll=\"read_depth_100\">De son c\u00f4t\u00e9, Nicolas Mayer-Rossignol, maire de Rouen, avait d\u00e9clar\u00e9 en mai\u00a02026 sur son compte X\u00a0: La pr\u00e9somption d\u2019innocence n\u2019emp\u00eache pas le respect de la parole des femmes. Je n\u2019ai pas le pouvoir d\u2019annuler un concert. Mais pour que justice soit rendue sereinement, dans l\u2019int\u00e9r\u00eat de tous y compris de la d\u00e9fense, Bruel devrait suspendre sa tourn\u00e9e.<\/p>\n","protected":false},"excerpt":{"rendered":"La pression des \u00e9lus locaux de Normandie sur Patrick Bruel avait \u00e9t\u00e9 plus importante ces derniers jours. Le&hellip;\n","protected":false},"author":2,"featured_media":1161644,"comment_status":"","ping_status":"","sticky":false,"template":"","format":"standard","meta":{"footnotes":"","_share_on_mastodon":"0"},"categories":[9587],"tags":[1111,11,5492,251,1777,674,118,1011,27,303,12,5161,5473,25,9590,48217],"class_list":["post-1161643","post","type-post","status-publish","format-standard","has-post-thumbnail","category-rouen","tag-actu","tag-actualites","tag-caen","tag-culture","tag-eu","tag-europe","tag-faits-divers","tag-fr","tag-france","tag-justice","tag-news","tag-normandie","tag-patrick-bruel","tag-republique-francaise","tag-rouen","tag-violence-sexuelle"],"share_on_mastodon":{"url":"https:\/\/pubeurope.com\/@fr\/117197592904045792","error":""},"_links":{"self":[{"href":"https:\/\/www.europesays.com\/fr\/wp-json\/wp\/v2\/posts\/1161643","targetHints":{"allow":["GET"]}}],"collection":[{"href":"https:\/\/www.europesays.com\/fr\/wp-json\/wp\/v2\/posts"}],"about":[{"href":"https:\/\/www.europesays.com\/fr\/wp-json\/wp\/v2\/types\/post"}],"author":[{"embeddable":true,"href":"https:\/\/www.europesays.com\/fr\/wp-json\/wp\/v2\/users\/2"}],"replies":[{"embeddable":true,"href":"https:\/\/www.europesays.com\/fr\/wp-json\/wp\/v2\/comments?post=1161643"}],"version-history":[{"count":0,"href":"https:\/\/www.europesays.com\/fr\/wp-json\/wp\/v2\/posts\/1161643\/revisions"}],"wp:featuredmedia":[{"embeddable":true,"href":"https:\/\/www.europesays.com\/fr\/wp-json\/wp\/v2\/media\/1161644"}],"wp:attachment":[{"href":"https:\/\/www.europesays.com\/fr\/wp-json\/wp\/v2\/media?parent=1161643"}],"wp:term":[{"taxonomy":"category","embeddable":true,"href":"https:\/\/www.europesays.com\/fr\/wp-json\/wp\/v2\/categories?post=1161643"},{"taxonomy":"post_tag","embeddable":true,"href":"https:\/\/www.europesays.com\/fr\/wp-json\/wp\/v2\/tags?post=1161643"}],"curies":[{"name":"wp","href":"https:\/\/api.w.org\/{rel}","templated":true}]}}