{"id":1161660,"date":"2026-09-01T20:19:25","date_gmt":"2026-09-01T20:19:25","guid":{"rendered":"https:\/\/www.europesays.com\/fr\/1161660\/"},"modified":"2026-09-01T20:19:25","modified_gmt":"2026-09-01T20:19:25","slug":"college-gisele-halimi-a-nantes-violette-dorange-a-lege-la-loire-atlantique-sapproche-de-la-parite","status":"publish","type":"post","link":"https:\/\/www.europesays.com\/fr\/1161660\/","title":{"rendered":"Coll\u00e8ge Gis\u00e8le Halimi \u00e0 Nantes, Violette Dorange \u00e0 Leg\u00e9, la Loire-Atlantique s&rsquo;approche de la parit\u00e9"},"content":{"rendered":"<p><img decoding=\"async\" class=\"\" style=\"width:100%\" src=\"https:\/\/www.europesays.com\/fr\/wp-content\/uploads\/2026\/09\/20260901_0942131788272147284.jpg\" alt=\"La rentr\u00e9e des 6e au coll\u00e8ge Gis\u00e8le-Halimi, \u00e0 Nantes\"\/> <\/p>\n<p>L\u2019heure des retrouvailles et sourires pour certains, des pleurs et du stress pour d\u2019autres. Ce mardi 1er septembre 2026, pr\u00e8s de 700 000 \u00e9l\u00e8ves ont fait leur rentr\u00e9e en Pays de la Loire, 600 000 en Bretagne, <a href=\"https:\/\/www.ouest-france.fr\/education\/rentree-scolaire\/rentree-2026-interdiction-des-telephones-cours-deducation-financiere-ce-qui-change-pour-les-eleves-cette-annee-69777c68-a547-11f1-94d9-ff4da0548a19\" rel=\"noopener nofollow\" target=\"_blank\">avec quelques nouveaut\u00e9s<\/a>.\u00a0<\/p>\n<p>Notamment, l&rsquo;interdiction progressive des portables au lyc\u00e9e, le temps de modifier les r\u00e8glements int\u00e9rieurs, la fin des groupes de niveaux obligatoires en 6e et 5e ou encore l\u2019introduction d\u2019un questionnaire sur les violences sexuelles et sexistes, distribu\u00e9 \u00e0 tous les \u00e9l\u00e8ves. Une th\u00e9matique au coeur de la rentr\u00e9e du coll\u00e8ge Chantenay \u00e0 Nantes, qui prend le nom de Gis\u00e8le Halimi, c\u00e9l\u00e8bre avocate f\u00e9ministe.<\/p>\n<p>\u00a0<\/p>\n<blockquote><p>\nLa parit\u00e9 progresse en Loire-Atlantique\n<\/p><\/blockquote>\n<p>\u00a0<\/p>\n<p>C&rsquo;est un symbole tr\u00e8s important pour la principale adjointe Florence Chenuaud :\u00a0\u00ab\u00a0<strong>On a des enfants tr\u00e8s sensibles \u00e0 cette question d&rsquo;\u00e9galit\u00e9 hommes-femmes, et d&rsquo;autres, des jeunes gar\u00e7ons, qui sont dans une autre mouvance et critiquent beaucoup ce combat<\/strong>. Et \u00e7a, c&rsquo;est aussi issu des r\u00e9seaux sociaux. Malheureusement, on a une bataille importante \u00e0 mener l\u00e0-dessus. En revanche, jamais par la punition parce que cela ne va pas nous amener grand chose. C&rsquo;est plut\u00f4t par la p\u00e9dagogie, leur faire travailler certains th\u00e8mes et beaucoup d&rsquo;explications. C&rsquo;est \u00e7a qui fera progresser.\u00a0\u00bb<\/p>\n<p>Florence Chenuaud, principale adjointe du coll\u00e8ge Gis\u00e8le-HalimiFlorence Chenuaud, principale adjointe du coll\u00e8ge Gis\u00e8le-Halimi <\/p>\n<p>Trois autres coll\u00e8ges publics de Loire-Atlantique ont adopt\u00e9 des noms de femmes en cette rentr\u00e9e : Violette-Dorange \u00e0 Leg\u00e9, Elisa-Mercoeur \u00e0 Saint-Herblain, Angela-Davis \u00e0 Saint-S\u00e9bastien-sur-Loire. <strong>Aujourd\u2019hui, 38 coll\u00e8ges portent des noms d\u2019hommes, 28 de femmes. <\/strong><\/p>\n<p>\u00ab\u00a0L\u2019objectif est d&rsquo;\u00eatre \u00e0 la parit\u00e9\u00a0\u00bb, annonce le pr\u00e9sident du d\u00e9partement Michel M\u00e9nard, pr\u00e9sent ce mardi dans l&rsquo;\u00e9tablissement du quartier Chantenay pour observer aussi les travaux r\u00e9alis\u00e9s cet \u00e9t\u00e9 dans la cour de r\u00e9cr\u00e9ation.<\/p>\n<p>\u00a0<\/p>\n<blockquote><p>\n\u00ab\u00a0V\u00e9g\u00e9talisation et inclusion\u00a0\u00bb\n<\/p><\/blockquote>\n<p>\u00a0<\/p>\n<p>Les mots d\u2019ordre : v\u00e9g\u00e9talisation et inclusion filles gar\u00e7ons, explique Cathy Rodier, principale du coll\u00e8ge : <strong>\u00ab\u00a0La nouvelle cour va avoir un effet sur le climat scolaire. C&rsquo;est le lieu le plus violent du syst\u00e8me scolaire. <\/strong>On veut enlever le clivage gar\u00e7ons sur les terrains de foot et basket, filles dans un coin. L\u00e0, l&rsquo;\u00e9l\u00e8ve va pouvoir circuler partout et se poser aussi gr\u00e2ce \u00e0 l&rsquo;am\u00e9nagement de tables. Cela peut aussi fonctionner avec un jeu d&rsquo;\u00e9checs, en permettant des \u00e9quipes mixtes de sport.\u00a0<\/p>\n<p>\u00a0<\/p>\n<p><img loading=\"lazy\" decoding=\"async\" style=\"display: block; margin-left: auto; margin-right: auto;\" src=\"https:\/\/www.europesays.com\/fr\/wp-content\/uploads\/2026\/09\/SDSkdizCfO.jpeg\" alt=\"\" width=\"800\" height=\"600\"\/><\/p>\n<p>\u00a0<\/p>\n<p>Et avec le changement climatique, avoir plus de v\u00e9g\u00e9tations et d&rsquo;ombre, ce sera tr\u00e8s appr\u00e9ciable car la cour \u00e9tait tr\u00e8s b\u00e9tonn\u00e9e\u00a0\u00bb.\u00a0<\/p>\n<p>Cathy Rodier, principale du coll\u00e8ge Gis\u00e8le-HalimiCathy Rodier, principale du coll\u00e8ge Gis\u00e8le-Halimi <\/p>\n<blockquote><p>\nCanicule : il faut acc\u00e9l\u00e9rer les am\u00e9nagements\n<\/p><\/blockquote>\n<p>\u00a0<\/p>\n<p>Le pr\u00e9sident PS du d\u00e9partement veut aller plus loin : \u00ab\u00a0il y a beaucoup \u00e0 faire, il faut acc\u00e9l\u00e9rer.<strong> J&rsquo;ai demand\u00e9 cet \u00e9t\u00e9 \u00e0 ce qu&rsquo;on regarde toutes les adaptations possibles rapidement dans les coll\u00e8ges parce que nous aurons des canicules \u00e0 r\u00e9p\u00e9tition. <\/strong><\/p>\n<p>On ne peut pas simplement adapter nos b\u00e2timents au r\u00e9chauffement climatique lors des grosses r\u00e9habilitations, il faut aussi intervenir sur des coll\u00e8ges qui ont besoin par exemple de films sur les vitres, de ventilateurs etc. <strong>Des mesures simples \u00e0 prendre et qui peuvent se r\u00e9aliser pendant l&rsquo;hiver pour que l&rsquo;\u00e9t\u00e9 2027 soit plus supportable.<\/strong> Nous pouvons faire baisser de quelques degr\u00e9s, c&rsquo;est un enjeu extr\u00eamement important pour le confort des \u00e9l\u00e8ves, des\u00a0 professionnels, des enseignants\u00a0\u00bb.\u00a0\u00a0<\/p>\n<p>Michel M\u00e9nard, pr\u00e9sident du d\u00e9partement de Loire-AtlantiqueMichel M\u00e9nard, pr\u00e9sident du d\u00e9partement de Loire-Atlantique<img decoding=\"async\" class=\"\" style=\"width:100%\" src=\"https:\/\/www.europesays.com\/fr\/wp-content\/uploads\/2026\/09\/20260901_0955581788272355889.jpg\" alt=\"Michel M\u00e9nard et Cathy Rodier\"\/> <\/p>\n<p>Le d\u00e9partement de Loire-Atlantique annonce consacrer 75 millions d\u2019euros aux coll\u00e8ges, dont la moiti\u00e9 pour moderniser et entretenir les 82 \u00e9tablissements publics. \u00a0<\/p>\n","protected":false},"excerpt":{"rendered":"L\u2019heure des retrouvailles et sourires pour certains, des pleurs et du stress pour d\u2019autres. Ce mardi 1er septembre&hellip;\n","protected":false},"author":2,"featured_media":1161661,"comment_status":"","ping_status":"","sticky":false,"template":"","format":"standard","meta":{"footnotes":"","_share_on_mastodon":"0"},"categories":[2818],"tags":[1111,11,10205,17262,1126,1719,1777,674,1011,27,39708,3047,766,12,2636,5140,28313,25],"class_list":["post-1161660","post","type-post","status-publish","format-standard","has-post-thumbnail","category-nantes","tag-actu","tag-actualites","tag-canicules","tag-colleges","tag-education-nationale","tag-enfants","tag-eu","tag-europe","tag-fr","tag-france","tag-gisele-halimi","tag-loire-atlantique","tag-nantes","tag-news","tag-pays-de-la-loire","tag-rechauffement-climatique","tag-rentree","tag-republique-francaise"],"share_on_mastodon":{"url":"https:\/\/pubeurope.com\/@fr\/117197642575860333","error":""},"_links":{"self":[{"href":"https:\/\/www.europesays.com\/fr\/wp-json\/wp\/v2\/posts\/1161660","targetHints":{"allow":["GET"]}}],"collection":[{"href":"https:\/\/www.europesays.com\/fr\/wp-json\/wp\/v2\/posts"}],"about":[{"href":"https:\/\/www.europesays.com\/fr\/wp-json\/wp\/v2\/types\/post"}],"author":[{"embeddable":true,"href":"https:\/\/www.europesays.com\/fr\/wp-json\/wp\/v2\/users\/2"}],"replies":[{"embeddable":true,"href":"https:\/\/www.europesays.com\/fr\/wp-json\/wp\/v2\/comments?post=1161660"}],"version-history":[{"count":0,"href":"https:\/\/www.europesays.com\/fr\/wp-json\/wp\/v2\/posts\/1161660\/revisions"}],"wp:featuredmedia":[{"embeddable":true,"href":"https:\/\/www.europesays.com\/fr\/wp-json\/wp\/v2\/media\/1161661"}],"wp:attachment":[{"href":"https:\/\/www.europesays.com\/fr\/wp-json\/wp\/v2\/media?parent=1161660"}],"wp:term":[{"taxonomy":"category","embeddable":true,"href":"https:\/\/www.europesays.com\/fr\/wp-json\/wp\/v2\/categories?post=1161660"},{"taxonomy":"post_tag","embeddable":true,"href":"https:\/\/www.europesays.com\/fr\/wp-json\/wp\/v2\/tags?post=1161660"}],"curies":[{"name":"wp","href":"https:\/\/api.w.org\/{rel}","templated":true}]}}