{"id":1161666,"date":"2026-09-01T20:25:35","date_gmt":"2026-09-01T20:25:35","guid":{"rendered":"https:\/\/www.europesays.com\/fr\/1161666\/"},"modified":"2026-09-01T20:25:35","modified_gmt":"2026-09-01T20:25:35","slug":"tout-savoir-sur-velvet-futur-concurrent-de-la-sncf-dont-les-premiers-trains-seront-lances-des-2028","status":"publish","type":"post","link":"https:\/\/www.europesays.com\/fr\/1161666\/","title":{"rendered":"Tout savoir sur Velvet, futur concurrent de la SNCF, dont les premiers trains seront lanc\u00e9s d\u00e8s 2028"},"content":{"rendered":"<p class=\"dm_article-chapeau\">La SNCF va devoir composer avec un nouveau concurrent sur le r\u00e9seau fran\u00e7ais. L\u2019entreprise ferroviaire priv\u00e9e Velvet a annonc\u00e9 ce mardi 1er septembre avoir obtenu sa licence d\u2019exploitation ferroviaire en France.<\/p>\n<p class=\"isselectedend\">Velvet part \u00e0 la conqu\u00eate de l\u2019Ouest\u2026 La compagnie, qui ambitionne de rivaliser avec la <a href=\"https:\/\/www.cnews.fr\/sncf\" rel=\"nofollow noopener\" target=\"_blank\">SNCF<\/a> sur quatre destinations \u00e0 grande vitesse de l\u2019ouest : Bordeaux, Nantes, Angers et <a href=\"https:\/\/www.cnews.fr\/rennes\" rel=\"nofollow noopener\" target=\"_blank\">Rennes<\/a>, a obtenu mardi sa licence ferroviaire.\u00a0<\/p>\n<p>Ce pr\u00e9cieux s\u00e9same, d\u00e9livr\u00e9 par le minist\u00e8re des Transports, est obligatoire pour pouvoir exercer une activit\u00e9 de transport ferroviaire en France. Il garantit que l\u2019entreprise, priv\u00e9e et ind\u00e9pendante, remplit les conditions juridiques et financi\u00e8res n\u00e9cessaires au lancement de services de trains de voyageurs en exploitation commerciale.\u00a0<\/p>\n<p>\u00abLa licence est une \u00e9tape importante : elle nous autorise \u00e0 aller plus loin dans la pr\u00e9paration de nos trains, de nos \u00e9quipes et de nos proc\u00e9dures\u00bb, a comment\u00e9 la pr\u00e9sidente de Velvet, Rachel Picard, cit\u00e9e dans le communiqu\u00e9.<\/p>\n<p>trois lignes pour d\u00e9buter<\/p>\n<p>Pour se lancer dans l&rsquo;aventure, Velvet a lev\u00e9 un milliard d&rsquo;euros aupr\u00e8s du fonds d&rsquo;investissement Antin Infrastructure Partners, dont 850 millions d&rsquo;euros sont d\u00e9di\u00e9s au contrat avec <a href=\"https:\/\/www.cnews.fr\/monde\/2025-10-22\/14-milliard-deuros-30-50-nouveaux-trains-dici-2031-rames-deux-etages-eurostar-et\" target=\"_blank\" rel=\"nofollow noopener\">Alstom<\/a> sign\u00e9 en 2024. Outre les 12 trains \u00e0 grande vitesse de derni\u00e8re g\u00e9n\u00e9ration, les m\u00eames que ceux command\u00e9s par la SNCF, le contrat pr\u00e9voit leur maintenance pendant 15 ans. Celle-ci sera r\u00e9alis\u00e9e par Alstom dans un atelier en construction pr\u00e8s de Bordeaux.<\/p>\n<p>\u00abNous commencerons avec trois lignes d&rsquo;un coup : Paris-Bordeaux, Paris Angers-Nantes, et Paris-Rennes. Ce qu&rsquo;aucun nouvel op\u00e9rateur ne fait\u00bb, indique Mme Picard, avec 10 millions de places pr\u00e9vues au total sur les trois destinations.<\/p>\n<p>Pour remplir ses trains, Velvet compte sur le d\u00e9s\u00e9quilibre entre l&rsquo;offre et la demande qui existe sur les axes de la fa\u00e7ade atlantique desservis seulement par la SNCF. \u00abActuellement, 15% de voyageurs ne trouvent pas de place et renoncent \u00e0 leur voyage sur chacune de ces routes. Selon nos estimations, 25% ne trouveront pas de place en 2028 si rien n&rsquo;est fait\u00bb, ajoute-t-elle.<\/p>\n<p>Confiante dans la \u00abtendance structurelle de croissance \u00e0 long terme\u00bb pour ces destinations, elle observe que \u00abbeaucoup d&rsquo;entreprises, notamment dans la tech, sont bi-localis\u00e9es entre Paris et Rennes ou Nantes\u00bb. Elle souligne : \u00abil y a une vraie tendance au d\u00e9veloppement \u00e9conomique de ces r\u00e9gions de la fa\u00e7ade atlantique et la hausse des prix du p\u00e9trole est aussi un facteur de croissance pour le train\u00bb.<\/p>\n","protected":false},"excerpt":{"rendered":"La SNCF va devoir composer avec un nouveau concurrent sur le r\u00e9seau fran\u00e7ais. L\u2019entreprise ferroviaire priv\u00e9e Velvet a&hellip;\n","protected":false},"author":2,"featured_media":1161667,"comment_status":"","ping_status":"","sticky":false,"template":"","format":"standard","meta":{"footnotes":"","_share_on_mastodon":"0"},"categories":[2817],"tags":[1111,11,2213,1997,1777,674,1011,27,12,2219,25,2215,1857,926,800],"class_list":["post-1161666","post","type-post","status-publish","format-standard","has-post-thumbnail","category-bordeaux","tag-actu","tag-actualites","tag-alstom","tag-bordeaux","tag-eu","tag-europe","tag-fr","tag-france","tag-news","tag-nouvelle-aquitaine","tag-republique-francaise","tag-sncf","tag-sociu00e9tu00e9","tag-train","tag-transports"],"share_on_mastodon":{"url":"https:\/\/pubeurope.com\/@fr\/117197663432344717","error":""},"_links":{"self":[{"href":"https:\/\/www.europesays.com\/fr\/wp-json\/wp\/v2\/posts\/1161666","targetHints":{"allow":["GET"]}}],"collection":[{"href":"https:\/\/www.europesays.com\/fr\/wp-json\/wp\/v2\/posts"}],"about":[{"href":"https:\/\/www.europesays.com\/fr\/wp-json\/wp\/v2\/types\/post"}],"author":[{"embeddable":true,"href":"https:\/\/www.europesays.com\/fr\/wp-json\/wp\/v2\/users\/2"}],"replies":[{"embeddable":true,"href":"https:\/\/www.europesays.com\/fr\/wp-json\/wp\/v2\/comments?post=1161666"}],"version-history":[{"count":0,"href":"https:\/\/www.europesays.com\/fr\/wp-json\/wp\/v2\/posts\/1161666\/revisions"}],"wp:featuredmedia":[{"embeddable":true,"href":"https:\/\/www.europesays.com\/fr\/wp-json\/wp\/v2\/media\/1161667"}],"wp:attachment":[{"href":"https:\/\/www.europesays.com\/fr\/wp-json\/wp\/v2\/media?parent=1161666"}],"wp:term":[{"taxonomy":"category","embeddable":true,"href":"https:\/\/www.europesays.com\/fr\/wp-json\/wp\/v2\/categories?post=1161666"},{"taxonomy":"post_tag","embeddable":true,"href":"https:\/\/www.europesays.com\/fr\/wp-json\/wp\/v2\/tags?post=1161666"}],"curies":[{"name":"wp","href":"https:\/\/api.w.org\/{rel}","templated":true}]}}