{"id":1161668,"date":"2026-09-01T20:27:15","date_gmt":"2026-09-01T20:27:15","guid":{"rendered":"https:\/\/www.europesays.com\/fr\/1161668\/"},"modified":"2026-09-01T20:27:15","modified_gmt":"2026-09-01T20:27:15","slug":"municipales-2026-une-seule-voix-separait-les-deux-candidats-le-recours-en-annulation-des-elections-de-cette-commune-de-louest-toulousain-sera-examine-dans-quinze-jours","status":"publish","type":"post","link":"https:\/\/www.europesays.com\/fr\/1161668\/","title":{"rendered":"Municipales 2026 : une seule voix s\u00e9parait les deux candidats&#8230; le recours en annulation des \u00e9lections de cette commune de l&rsquo;Ouest toulousain sera examin\u00e9 dans quinze jours"},"content":{"rendered":"<p>\n                                                                    l&rsquo;essentiel<br \/>\n                                                                Le tribunal administratif de Toulouse examinera le 16 septembre le recours en annulation de l&rsquo;\u00e9lection municipale de Tournefeuille, \u00e0 l&rsquo;ouest de Toulouse, marqu\u00e9e par la victoire d&rsquo;une voix de Fr\u00e9d\u00e9ric Parre (PS) sur Laurent Souli\u00e9 (Renaissance). Cinq irr\u00e9gularit\u00e9s, dont des bulletins exc\u00e9dentaires, ont \u00e9t\u00e9 relev\u00e9es, remettant en question le scrutin.\n                            <\/p>\n<p>Les habitants de Tournefeuille devront-ils retourner aux urnes bient\u00f4t ? On en saura un peu plus le 16 septembre prochain. Ce jour-l\u00e0, le recours en annulation de l&rsquo;\u00e9lection sera en effet examin\u00e9 par le tribunal administratif de Toulouse, pr\u00e8s de six mois apr\u00e8s le second tour des municipales. Le 22 mars dernier, apr\u00e8s plusieurs comptages, le maire sortant, Fr\u00e9d\u00e9ric Parre (PS), avait gagn\u00e9 d&rsquo;une seule petite voix face \u00e0 son adversaire du parti Renaissance, Laurent Souli\u00e9, soit 6 262 voix contre 6 261.<\/p>\n<p>Cinq irr\u00e9gularit\u00e9s recens\u00e9es\u00a0<\/p>\n<p>Un seul bulletin entour\u00e9 de beaucoup de tensions. Le soir des \u00e9lections d\u00e9j\u00e0, lors du d\u00e9pouillement, le perdant a d\u00e9pos\u00e9 rapidement un recours. Mais il n&rsquo;est pas le seul \u00e0 en avoir d\u00e9pos\u00e9 un. Il a \u00e9t\u00e9 suivi par la pr\u00e9fecture de la Haute-Garonne qui a relev\u00e9 pas moins de cinq irr\u00e9gularit\u00e9s lors du d\u00e9roulement du scrutin.<\/p>\n<p>Et c&rsquo;est au bureau n\u00b0 20 que la principale a \u00e9t\u00e9 relev\u00e9e : l\u00e0, 638 bulletins ont \u00e9t\u00e9 comptabilis\u00e9s pour&#8230; 635 votants, soit trois bulletins de trop. Dans un autre bureau, une enveloppe qui contenait une carte d\u2019\u00e9lecteur a \u00e9t\u00e9 valid\u00e9e par les scrutateurs en faveur de Fr\u00e9d\u00e9ric Parre. Or, selon le Code \u00e9lectoral, il aurait d\u00fb \u00eatre comptabilis\u00e9 comme nul. Et sur un autre bureau, on a recens\u00e9 671 bulletins sur la table de d\u00e9pouillement alors qu\u2019il n\u2019y a eu que 670 signatures d\u2019\u00e9margement compt\u00e9es.<\/p>\n<p>Depuis cette soir\u00e9e-l\u00e0, en juillet dernier, les comptes de campagne des deux candidats ont \u00e9t\u00e9 approuv\u00e9s par la Commission nationale des comptes de campagne, ce qui \u00e9tait un passage oblig\u00e9 avant l&rsquo;examen du recours par la juridiction administrative. Ce qui sera donc fait d&rsquo;ici quinze jours.<\/p>\n","protected":false},"excerpt":{"rendered":"l&rsquo;essentiel Le tribunal administratif de Toulouse examinera le 16 septembre le recours en annulation de l&rsquo;\u00e9lection municipale de&hellip;\n","protected":false},"author":2,"featured_media":1161669,"comment_status":"","ping_status":"","sticky":false,"template":"","format":"standard","meta":{"footnotes":"","_share_on_mastodon":"0"},"categories":[2816],"tags":[1111,11,5949,1777,674,1011,27,2722,3434,12,2680,316,25,2312],"class_list":["post-1161668","post","type-post","status-publish","format-standard","has-post-thumbnail","category-toulouse","tag-actu","tag-actualites","tag-elections","tag-eu","tag-europe","tag-fr","tag-france","tag-haute-garonne","tag-municipales-2026","tag-news","tag-occitanie","tag-politique","tag-republique-francaise","tag-toulouse"],"share_on_mastodon":{"url":"https:\/\/pubeurope.com\/@fr\/117197671421401098","error":""},"_links":{"self":[{"href":"https:\/\/www.europesays.com\/fr\/wp-json\/wp\/v2\/posts\/1161668","targetHints":{"allow":["GET"]}}],"collection":[{"href":"https:\/\/www.europesays.com\/fr\/wp-json\/wp\/v2\/posts"}],"about":[{"href":"https:\/\/www.europesays.com\/fr\/wp-json\/wp\/v2\/types\/post"}],"author":[{"embeddable":true,"href":"https:\/\/www.europesays.com\/fr\/wp-json\/wp\/v2\/users\/2"}],"replies":[{"embeddable":true,"href":"https:\/\/www.europesays.com\/fr\/wp-json\/wp\/v2\/comments?post=1161668"}],"version-history":[{"count":0,"href":"https:\/\/www.europesays.com\/fr\/wp-json\/wp\/v2\/posts\/1161668\/revisions"}],"wp:featuredmedia":[{"embeddable":true,"href":"https:\/\/www.europesays.com\/fr\/wp-json\/wp\/v2\/media\/1161669"}],"wp:attachment":[{"href":"https:\/\/www.europesays.com\/fr\/wp-json\/wp\/v2\/media?parent=1161668"}],"wp:term":[{"taxonomy":"category","embeddable":true,"href":"https:\/\/www.europesays.com\/fr\/wp-json\/wp\/v2\/categories?post=1161668"},{"taxonomy":"post_tag","embeddable":true,"href":"https:\/\/www.europesays.com\/fr\/wp-json\/wp\/v2\/tags?post=1161668"}],"curies":[{"name":"wp","href":"https:\/\/api.w.org\/{rel}","templated":true}]}}