{"id":1161692,"date":"2026-09-01T20:44:18","date_gmt":"2026-09-01T20:44:18","guid":{"rendered":"https:\/\/www.europesays.com\/fr\/1161692\/"},"modified":"2026-09-01T20:44:18","modified_gmt":"2026-09-01T20:44:18","slug":"guerre-en-ukraine-zelensky-avertit-les-compagnies-aeriennes-que-lespace-aerien-russe-devient-extremement-dangereux","status":"publish","type":"post","link":"https:\/\/www.europesays.com\/fr\/1161692\/","title":{"rendered":"Guerre en Ukraine\u00a0: Zelensky avertit les compagnies a\u00e9riennes que \u00ab\u00a0l\u2019espace a\u00e9rien russe devient extr\u00eamement dangereux\u00a0\u00bb"},"content":{"rendered":"<p>Il a pr\u00e9cis\u00e9 que si elle n\u2019\u00e9tait pas vis\u00e9e \u00ab\u00a0en soi\u00a0\u00bb, l\u2019aviation civile n\u2019avait \u00ab\u00a0pas sa place dans un ciel infest\u00e9 de drones\u00a0\u00bb. \u00ab\u00a0L\u2019Ukraine ne veut pas que des vies innocentes soient perdues. C\u2019est pourquoi nous avertissons nos partenaires\u00a0: les jours s\u00fbrs dans le ciel russe sont r\u00e9volus\u00a0\u00bb, a-t-il poursuivi, affirmant qu\u2019il s\u2019agit d\u2019une r\u00e9ponse \u00ab\u00a0juste\u00a0\u00bb au \u00ab\u00a0d\u00e9sir de la Russie de prolonger la guerre et d\u2019intensifier l\u2019ampleur des frappes\u00a0\u00bb.<\/p>\n<p><a href=\"https:\/\/www.sudouest.fr\/international\/europe\/ukraine\/guerre-en-ukraine-au-total-12-personnes-ont-ete-tuees-cette-nuit-par-de-nouvelles-frappes-russes-sur-kiev-30439952.php\" target=\"_blank\" rel=\"follow nofollow noopener\">Au moins 12\u00a0personnes ont \u00e9t\u00e9 tu\u00e9es mardi \u00e0 Kiev et dans sa r\u00e9gion<\/a> dans de nouvelles frappes nocturnes massives russes. \u00ab\u00a0Le ciel au-dessus de la Russie est actuellement pour les drones. Pas pour l\u2019aviation civile. Tant que la guerre continue\u00a0\u00bb, a-t-il insist\u00e9.<\/p>\n<p>Intensification des frappes<\/p>\n<p>Plus de quatre ans et demi apr\u00e8s le d\u00e9but de l\u2019invasion russe de l\u2019Ukraine, Moscou mais aussi Kiev <a href=\"https:\/\/www.sudouest.fr\/international\/russie\/guerre-en-ukraine-la-russie-dit-preparer-des-frappes-massives-contre-le-secteur-energetique-de-kiev-30418384.php\" target=\"_blank\" rel=\"follow nofollow noopener\">ont intensifi\u00e9 leurs frappes<\/a>, au prix d\u2019un nombre croissant de victimes civiles. Le trafic a\u00e9rien au d\u00e9part et \u00e0 l\u2019arriv\u00e9e des a\u00e9roports russes est r\u00e9guli\u00e8rement perturb\u00e9 par l\u2019approche de drones ukrainiens, dont le nombre a augment\u00e9 ces derniers mois.<\/p>\n<p>L\u2019Ukraine r\u00e9pondra cependant favorablement aux demandes de ses partenaires de ne pas perturber les vols en Russie \u00ab\u00a0\u00e0 des p\u00e9riodes sp\u00e9cifiques et pour des destinations sp\u00e9cifiques\u00a0\u00bb a affirm\u00e9 M. Zelensky, \u00ab\u00a0au nom de la diplomatie et des n\u00e9gociations\u00a0\u00bb.<\/p>\n","protected":false},"excerpt":{"rendered":"Il a pr\u00e9cis\u00e9 que si elle n\u2019\u00e9tait pas vis\u00e9e \u00ab\u00a0en soi\u00a0\u00bb, l\u2019aviation civile n\u2019avait \u00ab\u00a0pas sa place dans&hellip;\n","protected":false},"author":2,"featured_media":1161693,"comment_status":"","ping_status":"","sticky":false,"template":"","format":"standard","meta":{"footnotes":"","_share_on_mastodon":"0"},"categories":[1591],"tags":[11,1887,12,1885,1886,132],"class_list":["post-1161692","post","type-post","status-publish","format-standard","has-post-thumbnail","category-russie","tag-actualites","tag-federation-de-russie","tag-news","tag-russia","tag-russian-federation","tag-russie"],"share_on_mastodon":{"url":"https:\/\/pubeurope.com\/@fr\/117197738338369662","error":""},"_links":{"self":[{"href":"https:\/\/www.europesays.com\/fr\/wp-json\/wp\/v2\/posts\/1161692","targetHints":{"allow":["GET"]}}],"collection":[{"href":"https:\/\/www.europesays.com\/fr\/wp-json\/wp\/v2\/posts"}],"about":[{"href":"https:\/\/www.europesays.com\/fr\/wp-json\/wp\/v2\/types\/post"}],"author":[{"embeddable":true,"href":"https:\/\/www.europesays.com\/fr\/wp-json\/wp\/v2\/users\/2"}],"replies":[{"embeddable":true,"href":"https:\/\/www.europesays.com\/fr\/wp-json\/wp\/v2\/comments?post=1161692"}],"version-history":[{"count":0,"href":"https:\/\/www.europesays.com\/fr\/wp-json\/wp\/v2\/posts\/1161692\/revisions"}],"wp:featuredmedia":[{"embeddable":true,"href":"https:\/\/www.europesays.com\/fr\/wp-json\/wp\/v2\/media\/1161693"}],"wp:attachment":[{"href":"https:\/\/www.europesays.com\/fr\/wp-json\/wp\/v2\/media?parent=1161692"}],"wp:term":[{"taxonomy":"category","embeddable":true,"href":"https:\/\/www.europesays.com\/fr\/wp-json\/wp\/v2\/categories?post=1161692"},{"taxonomy":"post_tag","embeddable":true,"href":"https:\/\/www.europesays.com\/fr\/wp-json\/wp\/v2\/tags?post=1161692"}],"curies":[{"name":"wp","href":"https:\/\/api.w.org\/{rel}","templated":true}]}}