{"id":1161694,"date":"2026-09-01T20:45:13","date_gmt":"2026-09-01T20:45:13","guid":{"rendered":"https:\/\/www.europesays.com\/fr\/1161694\/"},"modified":"2026-09-01T20:45:13","modified_gmt":"2026-09-01T20:45:13","slug":"france-la-rentree-scolaire-pour-11-millions-deleves-guerre-en-ukraine-12-morts-accord-fmi-senegal-catastrophe-naturelle-au-nepal-journal-en-francais-facile-francais-facile","status":"publish","type":"post","link":"https:\/\/www.europesays.com\/fr\/1161694\/","title":{"rendered":"France: la rentr\u00e9e scolaire pour 11 millions d&rsquo;\u00e9l\u00e8ves \/ Guerre en Ukraine: 12 morts \/ Accord FMI-S\u00e9n\u00e9gal \/ Catastrophe naturelle au N\u00e9pal&#8230; &#8211; Journal en fran\u00e7ais facile &#8211; Fran\u00e7ais Facile"},"content":{"rendered":"<p>\n                        Bonjour  \u00e0  toutes  et  \u00e0  tous.  Radio  France  Internationale. En direct  de  Paris, il est  18  heures.                     <\/p>\n<p>\n                        Le  Journal en  fran\u00e7ais  facile.                      <\/p>\n<p>\n                        Adrien Delgrange.                     <\/p>\n<p>\n                        16  heures temps universel.                      <\/p>\n<p>\n                        Nous  sommes  le  1\u1d49\u02b3  septembre.                      <\/p>\n<p>\n                        L&rsquo;Himalaya pleure  ses  morts, apr\u00e8s  ces g\u00e9antes  coul\u00e9es  de  boue  qui  ont  ravag\u00e9  une  partie  du  N\u00e9pal  et  du  Tibet.  Le  Premier  ministre  n\u00e9palais  pointe les  cons\u00e9quences  du  r\u00e9chauffement  climatique.                      <\/p>\n<p>\n                        La  guerre  en  Ukraine : au  moins  douze  morts la nuit  derni\u00e8re. Le pr\u00e9sident  ukrainien, Volodymyr  Zelensky, appelle  \u00e0  l&rsquo;aide.                      <\/p>\n<p>\n                        Et  puis  le  FMI  va, de  nouveau, pr\u00eater  de  l&rsquo;argent  au  S\u00e9n\u00e9gal.  Le  Fonds  mon\u00e9taire  international  et  les  autorit\u00e9s  s\u00e9n\u00e9galaises  viennent  de  trouver  un  accord : 2,2  milliards de dollars, pr\u00eat\u00e9s sur  une  p\u00e9riode  de  trois  ans.                      <\/p>\n<p>\n                        Voil\u00e0  pour  les  titres. Soyez  les  bienvenus.                      <\/p>\n<p>\n                        Six  jours  apr\u00e8s  ces  inondations  meurtri\u00e8res  qui  ont  d\u00e9vast\u00e9  une  partie  du  N\u00e9pal  et  du  Tibet,  des  c\u00e9r\u00e9monies  en  l&rsquo;honneur  des  victimes  ont  eu  lieu  aujourd&rsquo;hui.  Le  bilan  humain, pendant  ce  temps-l\u00e0, continue  d&rsquo;augmenter.  Il  s&rsquo;\u00e9l\u00e8ve, d\u00e9sormais, \u00e0  plus  de  1 000 morts  et  pr\u00e8s  de  4 000 disparus.  Des  milliers  de  personnes  toujours  \u00e0  la  recherche  de  leurs  proches.  Et, pendant  ce  temps-l\u00e0, le  Premier  ministre  n\u00e9palais  parle,  lui,  d&rsquo;une  \u00ab des plus  grandes  catastrophes  de  la  r\u00e9gion \u00bb. Nicolas  Feldmann,  pour  expliquer  cette  catastrophe  meurtri\u00e8re, Balendra Shah pointe  le  changement  climatique.                      <\/p>\n<p>\n                        Pour  le  Premier  ministre,  la  crue  du  fleuve  Bhote Khoshi est  tout  sauf \u00ab ordinaire \u00bb. Pour  lui,  cela  ne  fait  pas  de  doute. L&rsquo;effondrement d&rsquo;un  glacier  qui  a, ensuite, d\u00e9clench\u00e9  un  tsunami  d&rsquo;eau  et  de  boue  est, bel  et  bien, d\u00fb  au  changement  climatique.  Il  faut, pourtant, rester  prudents sur  ces  affirmations,  car, certes,  le  r\u00e9chauffement  climatique  entra\u00eene, un  peu  partout  dans  le  monde, la  fonte  des  glaciers,  mais  des  scientifiques  expliquent  plut\u00f4t  l&rsquo;origine  de  la  catastrophe  par  un  gigantesque  glissement  de  terrain.  C&rsquo;est  le  cas  de  Kristen  Cook.  Elle  est  g\u00e9omorphologue  \u00e0  l&rsquo;universit\u00e9 des  Alpes  de  Grenoble.                      <\/p>\n<p>\n                        \u00ab Un glacier ne  contient  pas, \u00e0  lui  seul, suffisamment  de  mati\u00e8re  pour  provoquer  un  ph\u00e9nom\u00e8ne  de  cette  ampleur.  Lorsqu&rsquo;une  masse  importante  tombe,  cela  g\u00e9n\u00e8re  de  l&rsquo;\u00e9nergie.  L&rsquo;eau descend  lentement  le  long  de  la  vall\u00e9e,  mais  \u00e7a  ne  se  transforme  pas  en  une  grosse  crue  de  ce  type.  Il  faut  donc, vraiment, cette  \u00e9norme  masse  rocheuse  pour  provoquer  un  \u00e9v\u00e9nement  comme  celui-ci. \u00bb                     <\/p>\n<p>\n                        S&rsquo;il  faudra  encore  du  temps  pour  d\u00e9terminer  les  raisons  de  cette  crue,  le  N\u00e9pal  reste, tout  de  m\u00eame, expos\u00e9  aux  effets  du  changement  climatique.  Les  glaciers  des  cha\u00eenes  de  l&rsquo;Himalaya  et  de  l&rsquo;Hindou  Kouch  sont  fragilis\u00e9s.  Ils  repr\u00e9sentent  une  source  d&rsquo;eau  vitale  pour  les  240  millions  de  personnes  qui  vivent  dans  ces  r\u00e9gions  montagneuses.                      <\/p>\n<p>\n                        Ailleurs  sur  la  plan\u00e8te,  la  Russie  continue  de  bombarder  l&rsquo;Ukraine.  Au  moins  douze  personnes  ont  \u00e9t\u00e9  tu\u00e9es  \u00e0  Kiev  et  dans  sa  r\u00e9gion  lors  de  nouvelles  frappes  russes.  C&rsquo;\u00e9tait  la  nuit  derni\u00e8re. Et, une  nouvelle  fois,  le  pr\u00e9sident  ukrainien  appelle  ses  partenaires  \u00e0  lui  fournir  davantage  d&rsquo;armes  pour  se  d\u00e9fendre.  L&rsquo;Union europ\u00e9enne  a  r\u00e9agi  par  la  voix  de  Kaja Kallas.  La  cheffe  de  la  diplomatie  europ\u00e9enne  assure  que  les  27  pays  de  l&rsquo;UE  continueront  de  soutenir  l&rsquo;Ukraine.                     <\/p>\n<p>\n                        \u00ab La Russie  frappe, \u00e9galement, l&rsquo;Europe, avec  une  vague  d&rsquo;attaques  hybrides  de  plus  en  plus  syst\u00e9matiques.  Avec  ces attaques,  elle  cherche  \u00e0  nous  dissuader  de  soutenir  l&rsquo;Ukraine.  Elle  n&rsquo;y  parviendra  pas,  au  contraire.  \u00c0  la  suite  des  discussions  tenues  aujourd&rsquo;hui,  nous  allons  accro\u00eetre  notre  soutien  \u00e0  l&rsquo;Ukraine  et  investir  dans  notre  propre  d\u00e9fense.  C&rsquo;est  le  meilleur  moyen  d&rsquo;arr\u00eater  Poutine.  Nous  pr\u00e9parons, \u00e9galement, les  sanctions  les  plus  s\u00e9v\u00e8res  jamais  adopt\u00e9es  \u00e0  l&rsquo;encontre  de  la  Russie.  La  d\u00e9fense  a\u00e9rienne  demeure  notre  priorit\u00e9  absolue,  mais  les  intercepteurs  viennent  \u00e0  manquer  partout.  Je  remercie  les  \u00c9tats  membres  d&rsquo;examiner, \u00e0  nouveau, leurs  stocks,  notamment  pour  voir  si  leurs  missiles  Patriot dont  la  date  de  p\u00e9remption  approche peuvent  \u00eatre  envoy\u00e9s  ou  vendus  \u00e0  l&rsquo;Ukraine. \u00bb                     <\/p>\n<p>\n                        Kaja Kallas, la repr\u00e9sentante  de  l&rsquo;Union europ\u00e9enne pour  les  affaires  \u00e9trang\u00e8res, aujourd&rsquo;hui, en  Irlande.                      <\/p>\n<p>\n                        Par  ailleurs,  b\u0153ufs, vaches  et  poulets  en  provenance  du  Br\u00e9sil  ne  sont  plus  les  bienvenus  en  Europe.  La  Commission  europ\u00e9enne  a  d\u00e9cid\u00e9  de  suspendre  toutes  les  importations  de  ces  animaux  \u00e9lev\u00e9s  au  Br\u00e9sil.  Pierre Olivier, que  reproche  Bruxelles  \u00e0  son  partenaire  commercial ?                     <\/p>\n<p>\n                        C&rsquo;est  l&rsquo;utilisation  abusive  d&rsquo;antibiotiques  dans  les  \u00e9levages  br\u00e9siliens  qui  pose  probl\u00e8me.  Des  m\u00e9dicaments  qui  seraient  administr\u00e9s  au  b\u00e9tail,  non  pas  pour  traiter  une  maladie,  mais  pour  aider  les  b\u00eates  \u00e0  mieux  dig\u00e9rer  l&rsquo;herbe  et  grossir  plus  vite.  Sauf  que  l&rsquo;Union  europ\u00e9enne  interdit  ce  genre  d&rsquo;utilisation  non  m\u00e9dicale.  Une  r\u00e8gle  fix\u00e9e  pour  lutter  contre  la  r\u00e9sistance  des  microbes  aux  m\u00e9dicaments.  Bruxelles  exige, donc, plus  de  transparence  sur  l&rsquo;utilisation  que  les  \u00e9leveurs  br\u00e9siliens  font  des  antibiotiques.  Une  fois  la  conformit\u00e9  des  traitements  d\u00e9montr\u00e9e,  les  importations  pourront  reprendre,  pr\u00e9cise  l&rsquo;Europe.  Concernant  les  volailles,  des  expertises  sont  en  cours  et, si  elles s&rsquo;av\u00e8rent concluantes, dans  les  semaines  qui  viennent,  elles pourraient, de  nouveau, \u00eatre  autoris\u00e9es \u00e0  rentrer  dans  l&rsquo;Union  europ\u00e9enne.  Un  d\u00e9lai  qui  devrait, cependant, \u00eatre  bien  plus  long  que  pour  le  b\u0153uf,  son  cycle  de  production  \u00e9tant  plus  \u00e9tendu  dans  le  temps.  Cette  suspension  des  importations  de  b\u0153ufs et  de  volailles  est, aussi, un  moyen  pour  Bruxelles  de  donner  des  gages  de  sa  vigilance, apr\u00e8s avoir  \u00e9t\u00e9  vivement  critiqu\u00e9e  par  les  \u00e9leveurs  fran\u00e7ais  en  janvier  dernier,  lors  de  la  signature  de  l&rsquo;accord  de  libre-\u00e9change avec  le  Mercosur.                      <\/p>\n<p>\n                        Pierre Olivier.                     <\/p>\n<p>\n                        RFI. \u00c0 Paris, 18  h  06.                      <\/p>\n<p>\n                        Apr\u00e8s  plus  d&rsquo;un  an  et  demi  d&rsquo;interruption,  le  FMI  et  le  S\u00e9n\u00e9gal  vont  reprendre  leur  coop\u00e9ration.  Le  Fonds  mon\u00e9taire  international  et  les  autorit\u00e9s  s\u00e9n\u00e9galaises  viennent  d&rsquo;annoncer  un  accord.  Le  FMI  va  pr\u00eater, \u00e0  nouveau, de  l&rsquo;argent  au  S\u00e9n\u00e9gal : 2,2  milliards de dollars  accord\u00e9s  \u00e0  Dakar  sur  une  p\u00e9riode  de  trois  ans.  Avec  cet  argent,  l&rsquo;id\u00e9e  est  de  r\u00e9tablir  la  sant\u00e9  financi\u00e8re  du  S\u00e9n\u00e9gal,  pr\u00e9cise  le  FMI.                      <\/p>\n<p>\n                        Le  Vanuatu  veut  engager  une  proc\u00e9dure  judiciaire  contre  la  France.  Le  Vanuatu \u2013 cet  \u00c9tat  situ\u00e9  dans  l&rsquo;oc\u00e9an  Pacifique \u2013 a  d\u00e9pos\u00e9  une  requ\u00eate,  une  demande  devant  la  Cour  internationale  de  justice, \u00e0  La  Haye,  au  sujet  de  deux  \u00eeles : Matthew et  Hunter.  Les  \u00eeles  Matthew et  Hunter  sont, actuellement, administr\u00e9es  par  la  France : elles sont  rattach\u00e9es  \u00e0  la  Nouvelle-Cal\u00e9donie.  La  France  affirme, donc, qu&rsquo;elles  lui  appartiennent. Mais  le  Vanuatu  les  revendique  depuis  son  ind\u00e9pendance, en  1980.  Il  affirme  que  ces  \u00eeles  font  partie  de  son  territoire.                      <\/p>\n<p>\n                        L&rsquo;actualit\u00e9  en  France  marqu\u00e9e  par  la  rentr\u00e9e  scolaire.  Parmi  les  changements, cette  ann\u00e9e,  un  questionnaire  \u00e0  destination  des  \u00e9l\u00e8ves.  10  millions  d&rsquo;\u00e9l\u00e8ves  vont  \u00eatre  interrog\u00e9s  sur  d&rsquo;\u00e9ventuelles  violences  sexistes  et  sexuelles  dont  ils  auraient  \u00e9t\u00e9  victimes.  L&rsquo;id\u00e9e  est  de  permettre  \u00e0  celles  et  ceux  qui  le  souhaitent  d&rsquo;obtenir  de  l&rsquo;aide.  T\u00e9moignage  de  Cherel. Elle  est  \u00e9l\u00e8ve  de  seconde  au  lyc\u00e9e  Paul  Bert, \u00e0  Paris,  et  elle  pense  que  ce  questionnaire  est  une  bonne  id\u00e9e.                      <\/p>\n<p>\n                        \u00ab Le sexisme,  c&rsquo;est  quelque  chose  qu&rsquo;on  peut  rencontrer  dans  la  vie  de  tous  les  jours,  et  on  n&rsquo;est  pas  forc\u00e9ment  super  inform\u00e9s  par  rapport  \u00e0  \u00e7a.  Donc, c&rsquo;est  important  d&rsquo;informer  les  jeunes, surtout  parce  que  \u00e7a  nous  touche  particuli\u00e8rement.  Et, aussi, les  r\u00e9seaux  sociaux,  \u00e7a  peut  amener  \u00e0  des  violences  sexistes  de  ce  genre.  Toutes  les  filles, en  g\u00e9n\u00e9ral, elles ont d\u00e9j\u00e0  v\u00e9cu  des  exp\u00e9riences  un  peu  sexistes. Par exemple, dans  la  rue,  se  faire  siffler,  etc.  \u00c7a  peut  para\u00eetre  minime,  mais  c&rsquo;est  des  trucs  qu&rsquo;on  rencontre  souvent.  Pareil,  des  remarques  \u00ab\u00a0Les femmes, c&rsquo;est  \u00e0  la  cuisine\u00a0\u00bb, etc., d\u00e8s le  plus  jeune  \u00e2ge,  pour  que  les  gens, ils  se  rendent  compte  que  c&rsquo;est  pas  des  blagues  et  qu&rsquo;en  soi, c&rsquo;est  pas  de  l&rsquo;humour  et  de  se  rendre  compte  de  la  violence  des  propos  qu&rsquo;ils  peuvent  avoir. \u00bb                     <\/p>\n<p>\n                        Des propos recueillis  par  Cassiop\u00e9e  Etchevers.                      <\/p>\n<p>\n                        L&rsquo;astronaute fran\u00e7aise  Sophie Adenot effectue, \u00e0  l&rsquo;heure  actuelle, une  sortie  hors  de  la  Station  spatiale  internationale.  C&rsquo;est  la  troisi\u00e8me  sortie  depuis  qu&rsquo;elle  est  dans  l&rsquo;ISS.  Elle  est, cette  fois, aux  commandes  d&rsquo;une  \u00e9quipe  100 % f\u00e9minine.  Ces  femmes  vont, donc, tenter  de  remplacer  un  objet  qui  est  utilis\u00e9  pour  faciliter  la  navigation.  Cette  mission  doit  durer  six heures et  demie.                      <\/p>\n<p>\n                        Et  puis  Maranello,  c&rsquo;est  le  nom  de  ce  bateau  de  p\u00eache  fran\u00e7ais  qui  a  coul\u00e9, samedi  soir, au  large  des  c\u00f4tes  anglaises,  pr\u00e8s  de  Plymouth.  Deux  p\u00eacheurs  bretons  sont  toujours  port\u00e9s  disparus  apr\u00e8s  ce  naufrage.  Et  on  apprend, cet  apr\u00e8s-midi, que  la  Marine fran\u00e7aise,  au  d\u00e9part  de  Brest,  a  d\u00e9cid\u00e9  d&rsquo;envoyer  un  de  ses  navires  pour, d&rsquo;abord, rechercher  l&rsquo;\u00e9pave \u2013 le bateau  au  fond  de  l&rsquo;eau.  Une  fois  retrouv\u00e9,  les  autorit\u00e9s  pourront, alors, voir  s&rsquo;il  est  possible  d&rsquo;envoyer  des  plongeurs  sur  place.                      <\/p>\n<p>\n                        Ainsi  se  referme  ce  Journal en  fran\u00e7ais  facile, que  vous  pouvez  retrouver, \u00e0  tout  moment, sur  notre  site  internet francaisfacile.rfi.fr.                     <\/p>\n","protected":false},"excerpt":{"rendered":"Bonjour \u00e0 toutes et \u00e0 tous. Radio France Internationale. En direct de Paris, il est 18 heures. Le&hellip;\n","protected":false},"author":2,"featured_media":1161695,"comment_status":"","ping_status":"","sticky":false,"template":"","format":"standard","meta":{"footnotes":"","_share_on_mastodon":"0"},"categories":[1590],"tags":[47,11,10343,33409,33,1057,1777,674,3535,10342,303,12,220],"class_list":["post-1161694","post","type-post","status-publish","format-standard","has-post-thumbnail","category-ukraine","tag-actualite","tag-actualites","tag-all","tag-catastrophes-naturelles","tag-economie","tag-education","tag-eu","tag-europe","tag-geopolitique","tag-journal-en-francais-facile","tag-justice","tag-news","tag-ukraine"],"share_on_mastodon":{"url":"https:\/\/pubeurope.com\/@fr\/117197742282752858","error":""},"_links":{"self":[{"href":"https:\/\/www.europesays.com\/fr\/wp-json\/wp\/v2\/posts\/1161694","targetHints":{"allow":["GET"]}}],"collection":[{"href":"https:\/\/www.europesays.com\/fr\/wp-json\/wp\/v2\/posts"}],"about":[{"href":"https:\/\/www.europesays.com\/fr\/wp-json\/wp\/v2\/types\/post"}],"author":[{"embeddable":true,"href":"https:\/\/www.europesays.com\/fr\/wp-json\/wp\/v2\/users\/2"}],"replies":[{"embeddable":true,"href":"https:\/\/www.europesays.com\/fr\/wp-json\/wp\/v2\/comments?post=1161694"}],"version-history":[{"count":0,"href":"https:\/\/www.europesays.com\/fr\/wp-json\/wp\/v2\/posts\/1161694\/revisions"}],"wp:featuredmedia":[{"embeddable":true,"href":"https:\/\/www.europesays.com\/fr\/wp-json\/wp\/v2\/media\/1161695"}],"wp:attachment":[{"href":"https:\/\/www.europesays.com\/fr\/wp-json\/wp\/v2\/media?parent=1161694"}],"wp:term":[{"taxonomy":"category","embeddable":true,"href":"https:\/\/www.europesays.com\/fr\/wp-json\/wp\/v2\/categories?post=1161694"},{"taxonomy":"post_tag","embeddable":true,"href":"https:\/\/www.europesays.com\/fr\/wp-json\/wp\/v2\/tags?post=1161694"}],"curies":[{"name":"wp","href":"https:\/\/api.w.org\/{rel}","templated":true}]}}