{"id":1161700,"date":"2026-09-01T20:49:31","date_gmt":"2026-09-01T20:49:31","guid":{"rendered":"https:\/\/www.europesays.com\/fr\/1161700\/"},"modified":"2026-09-01T20:49:31","modified_gmt":"2026-09-01T20:49:31","slug":"agents-jetables-et-tentative-dattentat-lallemagne-accuse-la-russie-detre-derriere-le-drone-explosif-de-laerop","status":"publish","type":"post","link":"https:\/\/www.europesays.com\/fr\/1161700\/","title":{"rendered":"\u00ab\u00a0Agents jetables\u00a0\u00bb et \u00ab\u00a0tentative d\u2019attentat\u00a0\u00bb\u00a0: l\u2019Allemagne accuse la Russie d\u2019\u00eatre derri\u00e8re le drone explosif de l\u2019a\u00e9roport de Leipzig"},"content":{"rendered":"<p class=\"mb-4 text-lg md:leading-8 break-words\">L&rsquo;ombre du Kremlin plane sur cet incident survenu dans un a\u00e9roport strat\u00e9gique pour le soutien \u00e0 l&rsquo;Ukraine. L&rsquo;Allemagne a annonc\u00e9 ce mardi 1er\u00a0septembre des mesures de r\u00e9torsion contre la Russie, apr\u00e8s l&rsquo;avoir officiellement accus\u00e9e d&rsquo;avoir envoy\u00e9 un drone charg\u00e9 d&rsquo;explosifs d\u00e9but ao\u00fbt <a data-ylk=\"slk:\u00e0 l&#039;a\u00e9roport de Leipzig;elm:context_link;itc:0;sec:content-canvas;\" data-yga=\"{&quot;yLinkElement&quot;:&quot;link&quot;,&quot;yLinkElementType&quot;:&quot;article_link&quot;}\" href=\"https:\/\/www.nouvelobs.com\/monde\/20260806.OBS117228\/drone-explosif-a-l-aeroport-de-leipzig-en-allemagne-une-menace-hybride-professionnelle-les-regards-tournes-vers-la-russie.html\" rel=\"noopener noreferrer nofollow\" target=\"_blank\">\u00e0 l&rsquo;a\u00e9roport de Leipzig<\/a>, une plateforme militaire cl\u00e9 pour l&rsquo;arm\u00e9e allemande et pour l&rsquo;Otan.<\/p>\n<p class=\"mb-4 text-lg md:leading-8 break-words\"><a data-ylk=\"slk:Comment les drones entra\u00eenent les guerres contemporaines vers un point de non-retour;elm:context_link;itc:0;sec:content-canvas;\" data-yga=\"{&quot;yLinkElement&quot;:&quot;link&quot;,&quot;yLinkElementType&quot;:&quot;article_link&quot;}\" href=\"https:\/\/www.nouvelobs.com\/chroniques\/20251007.OBS108460\/comment-les-drones-entrainent-les-guerres-contemporaines-vers-un-point-de-non-retour.html\" rel=\"noopener noreferrer nofollow\" target=\"_blank\">Comment les drones entra\u00eenent les guerres contemporaines vers un point de non-retour<\/a><\/p>\n<p class=\"mb-4 text-lg md:leading-8 break-words\">D\u00e9but ao\u00fbt, un drone charg\u00e9 d&rsquo;explosifs a \u00e9t\u00e9 d\u00e9couvert dans la zone s\u00e9curis\u00e9e des op\u00e9rations de fret de l&rsquo;a\u00e9roport de Leipzig, \u00e0 proximit\u00e9 de plusieurs avions-cargos ukrainiens, et un deuxi\u00e8me engin aurait heurt\u00e9 un avion-cargo de DHL quelques minutes plus tard. L&rsquo;engin, d\u00e9couvert pr\u00e8s d&rsquo;un avion-cargo ukrainien, avait \u00e9t\u00e9 neutralis\u00e9 par un robot de la police. Selon la presse allemande, un autre drone aurait \u00e9t\u00e9 d\u00e9couvert plus tard pr\u00e8s de l&rsquo;a\u00e9roport, \u00e9galement avec des traces de substances explosives.<\/p>\n<p class=\"mb-4 text-lg md:leading-8 break-words\">\u00ab\u00a0Dans l&rsquo;ensemble, les enqu\u00eates polici\u00e8res, les modes op\u00e9ratoires et les informations des services de renseignement d\u00e9montrent une responsabilit\u00e9 russe dans la tentative d&rsquo;attentat \u00e0 l&rsquo;a\u00e9roport de Leipzig\u00a0\u00bb, a d\u00e9clar\u00e9 ce mardi Alexander Dobrindt, ministre allemand de l&rsquo;Int\u00e9rieur.<\/p>\n<p class=\"mb-4 text-lg md:leading-8 break-words\">En cons\u00e9quence, l&rsquo;Allemagne va fermer au 18\u00a0septembre le dernier consulat russe sur son territoire, \u00e0 Bonn (ouest), et le centre culturel russe de Berlin, aussi appel\u00e9 \u00ab\u00a0Maison russe\u00a0\u00bb. Berlin va par ailleurs proposer d&rsquo;inscrire de nouvelles personnes de nationalit\u00e9 russe sur les listes de sanctions europ\u00e9ennes. Johann Wadephul, ministre des Affaires \u00e9trang\u00e8res, a en outre promis de \u00ab\u00a0renforcer la pression sur la flotte fant\u00f4me russe\u00a0\u00bb, d\u00e9signant <a data-ylk=\"slk:un ensemble de navires vieillissants;elm:context_link;itc:0;sec:content-canvas;\" data-yga=\"{&quot;yLinkElement&quot;:&quot;link&quot;,&quot;yLinkElementType&quot;:&quot;article_link&quot;}\" href=\"https:\/\/www.nouvelobs.com\/monde\/20260601.OBS115411\/capitaine-russe-lien-avec-un-magnat-iranien-ce-que-l-on-sait-du-petrolier-de-la-flotte-fantome-de-poutine-arraisonne-par-la-france.html\" rel=\"noopener noreferrer nofollow\" target=\"_blank\">un ensemble de navires vieillissants<\/a> au statut juridique opaque que la Russie utilise pour contourner les sanctions occidentales.<\/p>\n<p>La solidarit\u00e9 europ\u00e9enne face \u00e0 cette \u00ab\u00a0tentative d&rsquo;attentat\u00a0\u00bb<\/p>\n<p class=\"mb-4 text-lg md:leading-8 break-words\">L&rsquo;UE se tient \u00ab\u00a0pleinement\u00a0\u00bb aux c\u00f4t\u00e9s de l&rsquo;Allemagne, a \u00e9crit la pr\u00e9sidente de la Commission Europ\u00e9enne Ursula von der Leyen sur X, tandis que l&rsquo;Otan \u00ab\u00a0continuera \u00e0 renforcer sa capacit\u00e9 \u00e0 dissuader et \u00e0 d\u00e9fendre tous les Alli\u00e9s contre toute menace\u00a0\u00bb, a promis son chef Mark Rutte. Londres, Varsovie et Tallinn ont \u00e9galement f\u00e9licit\u00e9 Berlin pour sa r\u00e9action.<\/p>\n<p class=\"mb-4 text-lg md:leading-8 break-words\">\u00ab\u00a0Nous ne consid\u00e9rons pas l&rsquo;incident de Leipzig de mani\u00e8re isol\u00e9e mais le voyons dans le contexte d&rsquo;autres actions hybrides\u00a0\u00bb, a par ailleurs insist\u00e9 Alexander Dobrindt. Depuis le d\u00e9but de la guerre en Ukraine, en f\u00e9vrier\u00a02022, l&rsquo;Allemagne et plusieurs autres Etats europ\u00e9ens imputent r\u00e9guli\u00e8rement au Kremlin des op\u00e9rations de d\u00e9stabilisation, d&rsquo;espionnage et de sabotage sur leur sol.<\/p>\n<p class=\"mb-4 text-lg md:leading-8 break-words\"><a data-ylk=\"slk:\u00ab\u00a0L&#039;op\u00e9rateur qui suit la cible n&#039;est pas celui qui l&#039;ach\u00e8ve, mais \u00e7a peut arriver que tu fasses les deux\u00a0\u00bb\u00a0: en Ukraine, la guerre via l&#039;\u00e9cran des pilotes de drone;elm:context_link;itc:0;sec:content-canvas;\" data-yga=\"{&quot;yLinkElement&quot;:&quot;link&quot;,&quot;yLinkElementType&quot;:&quot;article_link&quot;}\" href=\"https:\/\/www.nouvelobs.com\/monde\/20250528.OBS104379\/l-operateur-qui-suit-la-cible-n-est-pas-celui-qui-l-acheve-mais-ca-peut-arriver-que-tu-fasses-les-deux-en-ukraine-la-guerre-via-l-ecran-des-pilotes-de-drone.html\" rel=\"noopener noreferrer nofollow\" target=\"_blank\">\u00ab\u00a0L&rsquo;op\u00e9rateur qui suit la cible n&rsquo;est pas celui qui l&rsquo;ach\u00e8ve, mais \u00e7a peut arriver que tu fasses les deux\u00a0\u00bb\u00a0: en Ukraine, la guerre via l&rsquo;\u00e9cran des pilotes de drone<\/a><\/p>\n<p class=\"mb-4 text-lg md:leading-8 break-words\">Ce mardi, un engin explosif artisanal a endommag\u00e9 plusieurs lignes \u00e9lectriques pr\u00e8s d&rsquo;une centrale thermique de l&rsquo;est de l&rsquo;Allemagne, a annonc\u00e9 la police sans en dire davantage sur les suspects. Face \u00e0 la multiplication des menaces, le gouvernement allemand a pr\u00e9sent\u00e9 \u00e0 la mi-ao\u00fbt une vaste r\u00e9forme de ses services de renseignement, leur octroyant des pouvoirs \u00e9largis.<\/p>\n<p class=\"mb-4 text-lg md:leading-8 break-words\">De son c\u00f4t\u00e9, Emmanuel Macron a r\u00e9affirm\u00e9 le soutient de la France en faveure de nouvelles sanctions europ\u00e9ennes contre la Russie. \u00ab\u00a0Ces attaques hybrides se multiplient en Europe. Elles ne peuvent rester sans r\u00e9ponse\u00a0\u00bb, a encore exhort\u00e9 le chef de l&rsquo;Etat sur X.<\/p>\n<p>\u00ab\u00a0Agents jetables\u00a0\u00bb<\/p>\n<p class=\"mb-4 text-lg md:leading-8 break-words\">A Leipzig, la technologie utilis\u00e9e et \u00ab\u00a0l&rsquo;interaction des diff\u00e9rents \u00e9l\u00e9ments doivent \u00eatre qualifi\u00e9es de professionnelles et r\u00e9v\u00e8lent un haut niveau d&rsquo;expertise technique ainsi qu&rsquo;un effort organisationnel consid\u00e9rable\u00a0\u00bb, a poursuivi le ministre de l&rsquo;Int\u00e9rieur. Si l&rsquo;ex\u00e9cution finale de la \u00ab\u00a0tentative d&rsquo;attentat\u00a0\u00bb a relev\u00e9 d&rsquo;agents dits \u00ab\u00a0jetables\u00a0\u00bb, ces derniers ont agi \u00ab\u00a0sur ordre d&rsquo;autorit\u00e9s \u00e9tatiques russes\u00a0\u00bb, a-t-il affirm\u00e9.<\/p>\n<p class=\"mb-4 text-lg md:leading-8 break-words\">L&rsquo;a\u00e9roport, situ\u00e9 dans l&rsquo;est de l&rsquo;Allemagne, joue un r\u00f4le de premier plan dans le transport de mat\u00e9riel militaire, en particulier pour l&rsquo;arm\u00e9e allemande et les alli\u00e9s de l&rsquo;Otan, et sert aussi de base au constructeur a\u00e9ronautique ukrainien Antonov. Sans d\u00e9signer Moscou, le chancelier Friedrich Merz avait averti la semaine pass\u00e9e les auteurs d&rsquo;attaques hybrides contre l&rsquo;Allemagne qu&rsquo;ils \u00ab\u00a0en paieraient le prix\u00a0\u00bb.<\/p>\n<p class=\"mb-4 text-lg md:leading-8 break-words\"><a data-ylk=\"slk:Guerre en Ukraine\u00a0: \u00ab\u00a0Les drones, c&#039;est devenu l&#039;arme populaire, \u00e0 l&#039;image du cocktail Molotov\u00a0\u00bb;elm:context_link;itc:0;sec:content-canvas;\" data-yga=\"{&quot;yLinkElement&quot;:&quot;link&quot;,&quot;yLinkElementType&quot;:&quot;article_link&quot;}\" href=\"https:\/\/www.nouvelobs.com\/monde\/20250528.OBS104359\/guerre-en-ukraine-les-drones-c-est-devenu-l-arme-populaire-a-l-image-du-cocktail-molotov.html\" rel=\"noopener noreferrer nofollow\" target=\"_blank\">Guerre en Ukraine\u00a0: \u00ab\u00a0Les drones, c&rsquo;est devenu l&rsquo;arme populaire, \u00e0 l&rsquo;image du cocktail Molotov\u00a0\u00bb<\/a><\/p>\n<p class=\"mb-4 text-lg md:leading-8 break-words\">Le d\u00e9bat s&rsquo;\u00e9tait rapidement port\u00e9 sur la fermeture de la Maison russe des sciences et de la culture, un b\u00e2timent construit dans l&rsquo;ancien Berlin-Est en\u00a01984 pr\u00e8s de l&rsquo;ambassade de Russie. Dans un entretien sur la cha\u00eene priv\u00e9e de t\u00e9l\u00e9vision Welt TV, le d\u00e9put\u00e9 conservateur Roderich Kiesewetter a assur\u00e9 que cet \u00e9tablissement servait de plateforme aux espions russes.<\/p>\n<p class=\"mb-4 text-lg md:leading-8 break-words\">Selon lui, plus de 100 personnes y vivent \u00ab\u00a0sans que l&rsquo;on sache qui elles sont\u00a0\u00bb et la consommation d&rsquo;\u00e9lectricit\u00e9 du b\u00e2timent est anormalement \u00e9lev\u00e9e. Berlin privil\u00e9giait le statu quo jusqu&rsquo;ici en raison du contrat bilat\u00e9ral existant avec l&rsquo;Institut Goethe \u00e0 Moscou.<\/p>\n","protected":false},"excerpt":{"rendered":"L&rsquo;ombre du Kremlin plane sur cet incident survenu dans un a\u00e9roport strat\u00e9gique pour le soutien \u00e0 l&rsquo;Ukraine. L&rsquo;Allemagne&hellip;\n","protected":false},"author":2,"featured_media":1161701,"comment_status":"","ping_status":"","sticky":false,"template":"","format":"standard","meta":{"footnotes":"","_share_on_mastodon":"0"},"categories":[1587],"tags":[11,20594,672,119503,1898,119502,1804,64217,119493,1805,119497,119494,1803,119501,1073,1777,674,19579,1801,4998,119496,17524,8161,2287,18613,119504,1916,12,26660,1802,119500,119498,119505,119499,9066,119495],"class_list":["post-1161700","post","type-post","status-publish","format-standard","has-post-thumbnail","category-allemagne","tag-actualites","tag-alexander-dobrindt","tag-allemagne","tag-annonce-la-police-sans-en-dire-davantage-sur-les","tag-berlin","tag-berlin-va","tag-bundesrepublik-deutschland","tag-considerable","tag-contre-la-russie","tag-de","tag-debut-aout","tag-decouvert-pres-dun-avion-cargo-ukrainien","tag-deutschland","tag-elles-ne","tag-emmanuel-macron","tag-eu","tag-europe","tag-german","tag-germany","tag-kremlin","tag-la-solidarite-europeenne","tag-leipzig","tag-leyen","tag-mark-rutte","tag-merz","tag-ministre-allemand-de-linterieur","tag-moscou","tag-news","tag-promis","tag-republique-federale-dallemagne","tag-rester-sans-reponse","tag-selon-la-presse-allemande","tag-strategique-pour-le-soutien-a","tag-tard-pres-de-laeroport","tag-un","tag-va-fermer-au-18-septembre"],"share_on_mastodon":{"url":"","error":"Validation failed: Text character limit of 500 exceeded"},"_links":{"self":[{"href":"https:\/\/www.europesays.com\/fr\/wp-json\/wp\/v2\/posts\/1161700","targetHints":{"allow":["GET"]}}],"collection":[{"href":"https:\/\/www.europesays.com\/fr\/wp-json\/wp\/v2\/posts"}],"about":[{"href":"https:\/\/www.europesays.com\/fr\/wp-json\/wp\/v2\/types\/post"}],"author":[{"embeddable":true,"href":"https:\/\/www.europesays.com\/fr\/wp-json\/wp\/v2\/users\/2"}],"replies":[{"embeddable":true,"href":"https:\/\/www.europesays.com\/fr\/wp-json\/wp\/v2\/comments?post=1161700"}],"version-history":[{"count":0,"href":"https:\/\/www.europesays.com\/fr\/wp-json\/wp\/v2\/posts\/1161700\/revisions"}],"wp:featuredmedia":[{"embeddable":true,"href":"https:\/\/www.europesays.com\/fr\/wp-json\/wp\/v2\/media\/1161701"}],"wp:attachment":[{"href":"https:\/\/www.europesays.com\/fr\/wp-json\/wp\/v2\/media?parent=1161700"}],"wp:term":[{"taxonomy":"category","embeddable":true,"href":"https:\/\/www.europesays.com\/fr\/wp-json\/wp\/v2\/categories?post=1161700"},{"taxonomy":"post_tag","embeddable":true,"href":"https:\/\/www.europesays.com\/fr\/wp-json\/wp\/v2\/tags?post=1161700"}],"curies":[{"name":"wp","href":"https:\/\/api.w.org\/{rel}","templated":true}]}}