{"id":1161708,"date":"2026-09-01T20:56:14","date_gmt":"2026-09-01T20:56:14","guid":{"rendered":"https:\/\/www.europesays.com\/fr\/1161708\/"},"modified":"2026-09-01T20:56:14","modified_gmt":"2026-09-01T20:56:14","slug":"des-cadres-conserves-et-des-jeunes-en-renfort-brest-joue-la-carte-de-la-continuite-et-de-la-jeunesse-lequipe","status":"publish","type":"post","link":"https:\/\/www.europesays.com\/fr\/1161708\/","title":{"rendered":"Des cadres conserv\u00e9s et des jeunes en renfort : Brest joue la carte de la continuit\u00e9 et de la jeunesse &#8211; L&#039;\u00c9quipe"},"content":{"rendered":"<ol>\n<li><a href=\"https:\/\/news.google.com\/rss\/articles\/CBMi5gFBVV95cUxQSTJyMnZKWkhEUmxXa2V1a3FPS3pHbjU2X0xId1pDM0pGR3hwZm9WTEtmdUI3MlZvYkhRMHZDS0J0am1uNmZ6YmZJdC1IdTZ1VTlGTEJESG5RUWtFSnNaREQ4M3V6aFNSRUpqYlpGYTR2UEtiYWdyTmNjQkxNcEVqdlhUdFVBTjhwQWNzdUkxeUpxMHNFVzFULXUxUjZ3WUtmT0E5ZmNXVzlTeDg5dTdZc1JyQlltSGxfc2pGMW5qdU5RTkFyV2JQSHBUeDQ0bUVabmdKZUcybU4xMzNSR1hpNlZFMTYwQQ?oc=5\" target=\"_blank\" rel=\"nofollow noopener\">Des cadres conserv\u00e9s et des jeunes en renfort : Brest joue la carte de la continuit\u00e9 et de la jeunesse<\/a>&nbsp;&nbsp;L&rsquo;\u00c9quipe<\/li>\n<li><a href=\"https:\/\/news.google.com\/rss\/articles\/CBMiiAFBVV95cUxOS19DVXZOclZya3NxLTk2X2psN3o0VC1uQ0ZtSVBzaEJHS3FuQld2LXlwWkpKQS1Vc2tFZnVON1d2bGN3dHRPTlphdGhiREhHZzVaUWlnVTdqYXJNcFJ4UWl5UG0zVEVfaEZwQ05Ra1Y1N3MyeDFRd1hPUHRWcW4tMnFyVUkyODUt?oc=5\" target=\"_blank\" rel=\"nofollow noopener\">Noah Edjouma pr\u00eat\u00e9 au Stade Brestois 29<\/a>&nbsp;&nbsp;LOSC<\/li>\n<li><a href=\"https:\/\/news.google.com\/rss\/articles\/CBMiekFVX3lxTFBJdVJnOUo3bXFkSXJXbTdvdGtPbGZZcXBzTGRzTkJrcnZnSFp4eTJpemRGQVhFWXlTS0NTTXJCSXJzXzV2di1HYXpzU2hDNU9TUmtoNmhEbFB1UXFlYzg5NUNfc2paSEI3TkxVUk0zWVJzV2oxVEpRTk5B?oc=5\" target=\"_blank\" rel=\"nofollow noopener\">Brest garde ses cadres et joue la carte jeunes<\/a>&nbsp;&nbsp;fr.news.yahoo.com<\/li>\n<li><a href=\"https:\/\/news.google.com\/rss\/articles\/CBMigwJBVV95cUxNSW1jTGdjVTdoNGpWSFhKMmJFcWhFNXJXa1BhV0x5Z2g3cF9uM3pNV2Nfc2xxN0R4ZlJjS1hXbmptaWhoUi0teEdTams4Y25MRUdxUFpvMzFFb3gyU2pDdGgwRjk3OFZLdFRIcUdCSUZBZW1mem9VQ05kQncyaXlYemw5eHpQTFZSbkZsOVVySXFpcmFYMlVHSElSY2hrdWdZX1diblZGV0tnYW45YXVYcWZ1RzZJMTFRUERwY1RnY1VDUV81VFpqMVVZdV9BVV9zYV9rNDc2S1NPU0FPWkNHLVNuZHRvc1ZzQjNZbzFhV3JuMVhmZmZSVlExNUltNmpsZFg0?oc=5\" target=\"_blank\" rel=\"nofollow noopener\">Mercato Ligue 1. Le Stade Brestois officialise la venue en pr\u00eat de Noah Edjouma<\/a>&nbsp;&nbsp;Ouest-France<\/li>\n<li><a href=\"https:\/\/news.google.com\/rss\/articles\/CBMi4AFBVV95cUxPbXdZNHBLWXVkYTBpYWhVb2FZLTFOano0bU4wUU9nc3BMSmRleVc5R3RCdV9hMHhZMlVIVTlmME8yRUFMbUVzNXBtWlVzSWF3dzYzZGtQeGtYM0d6aFZXb0gyTmdtdVFkTU9IT1V1U3M1UmVEQzZvSmFjaEg5SHplMkFCbGc1SExFVmJzcEh2cXdfaUV4cTZOd3JGR1lzdHZwcDlkZlE3cy03S0ZvRzdhcGpJZVFtVGVHNWlkTXdiYzJGZmRtYnd6b2NlVGJYVWFBMWZFWVpVUEZDYmFibnkxOQ?oc=5\" target=\"_blank\" rel=\"nofollow noopener\">Mercato. Djylian N\u2019Guessan et Noah Edjouma pour renforcer l\u2019attaque du Stade Brestois . Sport<\/a>&nbsp;&nbsp;lorient.maville.com<\/li>\n<\/ol>\n","protected":false},"excerpt":{"rendered":"Des cadres conserv\u00e9s et des jeunes en renfort : Brest joue la carte de la continuit\u00e9 et de&hellip;\n","protected":false},"author":2,"featured_media":1161709,"comment_status":"","ping_status":"","sticky":false,"template":"","format":"standard","meta":{"footnotes":"","_share_on_mastodon":"0"},"categories":[2],"tags":[11,86760,93113,3450,63,1011,27,87241,12,25,33137],"class_list":["post-1161708","post","type-post","status-publish","format-standard","has-post-thumbnail","category-actualites","tag-actualites","tag-actus-et-infos","tag-antoine-maumon-de-longevialle","tag-brest","tag-football","tag-fr","tag-france","tag-gratuit-journal","tag-news","tag-republique-francaise","tag-transferts-football"],"share_on_mastodon":{"url":"https:\/\/pubeurope.com\/@fr\/117197785784175265","error":""},"_links":{"self":[{"href":"https:\/\/www.europesays.com\/fr\/wp-json\/wp\/v2\/posts\/1161708","targetHints":{"allow":["GET"]}}],"collection":[{"href":"https:\/\/www.europesays.com\/fr\/wp-json\/wp\/v2\/posts"}],"about":[{"href":"https:\/\/www.europesays.com\/fr\/wp-json\/wp\/v2\/types\/post"}],"author":[{"embeddable":true,"href":"https:\/\/www.europesays.com\/fr\/wp-json\/wp\/v2\/users\/2"}],"replies":[{"embeddable":true,"href":"https:\/\/www.europesays.com\/fr\/wp-json\/wp\/v2\/comments?post=1161708"}],"version-history":[{"count":0,"href":"https:\/\/www.europesays.com\/fr\/wp-json\/wp\/v2\/posts\/1161708\/revisions"}],"wp:featuredmedia":[{"embeddable":true,"href":"https:\/\/www.europesays.com\/fr\/wp-json\/wp\/v2\/media\/1161709"}],"wp:attachment":[{"href":"https:\/\/www.europesays.com\/fr\/wp-json\/wp\/v2\/media?parent=1161708"}],"wp:term":[{"taxonomy":"category","embeddable":true,"href":"https:\/\/www.europesays.com\/fr\/wp-json\/wp\/v2\/categories?post=1161708"},{"taxonomy":"post_tag","embeddable":true,"href":"https:\/\/www.europesays.com\/fr\/wp-json\/wp\/v2\/tags?post=1161708"}],"curies":[{"name":"wp","href":"https:\/\/api.w.org\/{rel}","templated":true}]}}