{"id":1161749,"date":"2026-09-01T21:27:33","date_gmt":"2026-09-01T21:27:33","guid":{"rendered":"https:\/\/www.europesays.com\/fr\/1161749\/"},"modified":"2026-09-01T21:27:33","modified_gmt":"2026-09-01T21:27:33","slug":"nancy-troisieme-intrusion-en-dix-jours-a-lecole-jean-jaures-le-choc-et-linquietude","status":"publish","type":"post","link":"https:\/\/www.europesays.com\/fr\/1161749\/","title":{"rendered":"Nancy. Troisi\u00e8me intrusion en dix jours \u00e0 l\u2019\u00e9cole Jean-Jaur\u00e8s\u00a0: le choc et l\u2019inqui\u00e9tude"},"content":{"rendered":"<p>Ce devait \u00eatre le point de d\u00e9part heureux, celui d\u2019une rentr\u00e9e scolaire que tous esp\u00e8rent sous les meilleurs auspices \u00e0 l\u2019\u00e9cole maternelle Jean-Jaur\u00e8s de Nancy. Sauf que ce mardi, l\u2019assistante maternelle arriv\u00e9e la premi\u00e8re dans l\u2019\u00e9tablissement pr\u00e9vient son directeur alors sur la route\u00a0: \u00ab\u00a0L\u2019\u00e9cole a \u00e9t\u00e9 visit\u00e9e.\u00a0\u00bb<\/p>\n<p>Sur place, le directeur Laurent Woerther constate\u00a0: \u00ab\u00a0Ils ont forc\u00e9 une porte d\u2019une ancienne d\u00e9pendance pour entrer. Ils ont aussi forc\u00e9 des serrures. On a retrouv\u00e9 des excr\u00e9ments, de l\u2019urine, mon bureau a \u00e9t\u00e9 retourn\u00e9. Ils ont vol\u00e9 des ordinateurs d\u2019enseignantes qui avaient laiss\u00e9 leur mat\u00e9riel suite \u00e0 la pr\u00e9rentr\u00e9e de la veille. Elles ont perdu tout leur travail de pr\u00e9paration. Ces intrus ont aussi d\u00e9rob\u00e9 des tablettes, les enceintes de l\u2019\u00e9cole. Il faut croire qu\u2019ils se sont am\u00e9lior\u00e9s dans le modus operandi, car le coup pr\u00e9c\u00e9dant, on avait retrouv\u00e9 des traces de sang autour d\u2019une vitre cass\u00e9e.\u00a0\u00bb<\/p>\n<p>Ce contenu est bloqu\u00e9 car vous n&rsquo;avez pas accept\u00e9 les cookies et autres traceurs.<\/p>\n<p>En cliquant sur \u00ab J\u2019accepte \u00bb, les cookies et autres traceurs seront d\u00e9pos\u00e9s et vous pourrez visualiser les contenus  (<a href=\"\" class=\"consentModule_policy\" target=\"_blank\" title=\"Consulter la politique de protection des donn\u00e9es du fournisseur\">plus d&rsquo;informations<\/a>).<\/p>\n<p>En cliquant sur \u00ab J\u2019accepte tous les cookies \u00bb, vous autorisez des d\u00e9p\u00f4ts de cookies et autres traceurs pour le stockage de vos donn\u00e9es sur nos sites et applications \u00e0 des fins de personnalisation et de ciblage publicitaire.<\/p>\n<p class=\"consentModule_secondaryText\">Vous gardez la possibilit\u00e9 de retirer votre consentement \u00e0 tout moment en consultant notre <a href=\"https:\/\/www.estrepublicain.fr\/protection-des-donnees\" target=\"_blank\" title=\"Consulter notre politique de protection des donn\u00e9es\" rel=\"nofollow noopener\">politique de protection des donn\u00e9es<\/a>. <br \/>&#13;<br \/>\n            <a href=\"https:\/\/www.estrepublicain.fr\/education\/2026\/09\/01\/javascript:Didomi.notice.show()\" class=\"consentModule_cmp\" rel=\"nofollow noopener\" target=\"_blank\">G\u00e9rer mes choix<\/a>&#13;\n        <\/p>\n<p>&#13;<br \/>\n                        J&rsquo;accepte&#13;<br \/>\n            J&rsquo;accepte tous les cookies&#13;\n        <\/p>\n<p>C\u2019est que l\u2019\u00e9cole en est \u00e0 sa troisi\u00e8me intrusion en dix jours. \u00c0 la premi\u00e8re, le directeur de l\u2019\u00e9cole rel\u00e8ve\u00a0: \u00ab\u00a0C\u2019est encore notre aide maternelle, qui nettoyait les salles, qui est tomb\u00e9e en plein apr\u00e8s-midi sur ce groupe de jeunes gens plein d\u2019aplomb avant de rebrousser chemin. Aujourd\u2019hui, elle est inqui\u00e8te.\u00a0\u00bb<\/p>\n<p>  Des bruits autour de 3\u00a0h du matin<\/p>\n<p>La mairie a donc inscrit un ordre de priorit\u00e9 pour l\u2019 <a href=\"https:\/\/www.estrepublicain.fr\/education\/2023\/08\/23\/des-cours-de-recre-plus-vertes\" target=\"_blank\" rel=\"nofollow noopener\">\u00e9cole maternelle Jean-Jaur\u00e8s.<\/a> \u00a0Sur les lieux, l\u2019\u00e9lue \u00e0 l\u2019\u00e9ducation Chlo\u00e9 Blandin constate\u00a0: \u00ab\u00a0Bien qu\u2019on ne le fasse pas habituellement dans les \u00e9coles, cette fois on va installer pour Jean-Jaur\u00e8s un syst\u00e8me d\u2019alarme. Dans l\u2019\u00e9cole, ont \u00e9t\u00e9 retrouv\u00e9s des paquets de chips et du soda\u2026 Ce qui laisse sugg\u00e9rer le profil des malfrats.\u00a0\u00bb<\/p>\n<p>Selon des riverains, des bruits ont \u00e9t\u00e9 entendus entre 3\u00a0h et 3\u00a0h\u00a030 dans la nuit de lundi \u00e0 mardi dans l\u2019\u00e9cole. \u00ab\u00a0Certains ont vu un groupe de jeunes mais n\u2019ont pas daign\u00e9 appeler la police\u00a0\u00bb, pr\u00e9cise le directeur, lui-m\u00eame en proie \u00e0 des sentiments ambigus\u2026 Celui de d\u00e9dramatiser une situation qu\u2019il qualifie d\u2019inacceptable, et de s\u2019assurer que l\u2019\u00e9quipe ne transf\u00e8re pas un quelconque stress aux enfants pour ce jour de rentr\u00e9e qui plus est pour de tout-petits qui d\u00e9couvrent l\u2019\u00e9cole.<\/p>\n<p>  Rentr\u00e9e retard\u00e9e, police scientifique sur les lieux<\/p>\n<p>Il reprend\u00a0: \u00ab\u00a0On a d\u00fb dans l\u2019urgence tout remettre en \u00e9tat pour que l\u2019accueil des enfants se fasse dans les meilleures conditions. Puis il a fallu trouver les mots, les plus pond\u00e9r\u00e9s possible, expliquer aussi aux parents ce qui venait de se passer. Franchement, on a une \u00e9quipe formidable, car les enfants ont fait une rentr\u00e9e, on va dire \u201cpresque\u201d normale\u00a0\u00bb insiste le directeur.<\/p>\n<p>La mairie a d\u00e9pos\u00e9 plainte et la police scientifique a effectu\u00e9 des relev\u00e9s en matin\u00e9e, avant l\u2019ouverture de cette rentr\u00e9e des classes retard\u00e9e d\u2019une bonne vingtaine de minutes afin que rien, en apparence, n\u2019apparaisse aux yeux des jeunes \u00e9coliers.<\/p>\n<p>Pourtant, les enseignants sont impact\u00e9s par l\u2019incident. Au sein de l\u2019effectif de l\u2019\u00e9quipe p\u00e9dagogique figure notamment une jeune enseignante qui effectuait sa toute premi\u00e8re prise de poste, choqu\u00e9e de l\u2019\u00e9pisode. Le directeur souffle\u00a0: \u00ab\u00a0Franchement\u00a0? Je suis d\u00e9go\u00fbt\u00e9\u2026 Et je comprends que des coll\u00e8gues m\u2019aient aussi fait part de leur stress de venir travailler hors temps scolaire.\u00a0\u00bb<\/p>\n","protected":false},"excerpt":{"rendered":"Ce devait \u00eatre le point de d\u00e9part heureux, celui d\u2019une rentr\u00e9e scolaire que tous esp\u00e8rent sous les meilleurs&hellip;\n","protected":false},"author":2,"featured_media":1161750,"comment_status":"","ping_status":"","sticky":false,"template":"","format":"standard","meta":{"footnotes":"","_share_on_mastodon":"0"},"categories":[9635],"tags":[1111,11,271,272,1704,1057,1777,674,274,1011,27,775,10425,3457,1702,1703,12,25],"class_list":["post-1161749","post","type-post","status-publish","format-standard","has-post-thumbnail","category-nancy","tag-actu","tag-actualites","tag-crime","tag-delit-et-contravention","tag-edition-nancy-et-agglomeration","tag-education","tag-eu","tag-europe","tag-faits-divers-justice","tag-fr","tag-france","tag-grand-est","tag-maternelle-elementaire","tag-meurthe-et-moselle","tag-nancy","tag-nancy-ville-54b","tag-news","tag-republique-francaise"],"share_on_mastodon":{"url":"https:\/\/pubeurope.com\/@fr\/117197907347120453","error":""},"_links":{"self":[{"href":"https:\/\/www.europesays.com\/fr\/wp-json\/wp\/v2\/posts\/1161749","targetHints":{"allow":["GET"]}}],"collection":[{"href":"https:\/\/www.europesays.com\/fr\/wp-json\/wp\/v2\/posts"}],"about":[{"href":"https:\/\/www.europesays.com\/fr\/wp-json\/wp\/v2\/types\/post"}],"author":[{"embeddable":true,"href":"https:\/\/www.europesays.com\/fr\/wp-json\/wp\/v2\/users\/2"}],"replies":[{"embeddable":true,"href":"https:\/\/www.europesays.com\/fr\/wp-json\/wp\/v2\/comments?post=1161749"}],"version-history":[{"count":0,"href":"https:\/\/www.europesays.com\/fr\/wp-json\/wp\/v2\/posts\/1161749\/revisions"}],"wp:featuredmedia":[{"embeddable":true,"href":"https:\/\/www.europesays.com\/fr\/wp-json\/wp\/v2\/media\/1161750"}],"wp:attachment":[{"href":"https:\/\/www.europesays.com\/fr\/wp-json\/wp\/v2\/media?parent=1161749"}],"wp:term":[{"taxonomy":"category","embeddable":true,"href":"https:\/\/www.europesays.com\/fr\/wp-json\/wp\/v2\/categories?post=1161749"},{"taxonomy":"post_tag","embeddable":true,"href":"https:\/\/www.europesays.com\/fr\/wp-json\/wp\/v2\/tags?post=1161749"}],"curies":[{"name":"wp","href":"https:\/\/api.w.org\/{rel}","templated":true}]}}