{"id":1161751,"date":"2026-09-01T21:29:22","date_gmt":"2026-09-01T21:29:22","guid":{"rendered":"https:\/\/www.europesays.com\/fr\/1161751\/"},"modified":"2026-09-01T21:29:22","modified_gmt":"2026-09-01T21:29:22","slug":"football-mercato-brandon-bokangu-passe-de-las-nancy-lorraine-a-guingamp-sur-le-gong","status":"publish","type":"post","link":"https:\/\/www.europesays.com\/fr\/1161751\/","title":{"rendered":"Football. Mercato\u00a0: Brandon Bokangu passe de l\u2019AS Nancy Lorraine \u00e0 Guingamp sur le gong\u00a0!"},"content":{"rendered":"<p class=\"insetTitle\">Le point sur l&rsquo;effectif<\/p>\n<p>\t\t    \t\t\t\t<strong>Ils sont partis (16)<\/strong><\/p>\n<p>Brandon Bokangu (Guingamp), Adrien Julloux (Amiens), Cazim Suljic (Amiens), Bakari Camara (Amiens), Martin Sourzac (Imperia Calcio, ITA), Faitout Maouassa, Jimmy Evans (CD Universidad Catolica, EQU), Maxence Carlier (Ararat Armenia, ARM), Teddy Bouriaud (Laval), Patrick Ouotro (Vitoria Guimaraes, POR), Matth\u00e9o Guendez (Paris 13 Atletico, pr\u00eat), Youssouf Tandia (Epinal, p), Justin Bourgaut (Brest, retour de pr\u00eat), Rayan Bamba (Rennes, rp), Victor Orakpo (Nice, rp), Pape Sissoko (Reims, rp).<\/p>\n<p><strong>Ils sont arriv\u00e9s (12)<\/strong><\/p>\n<p>H\u00e9liohdino Tavares (Guingamp), Logan Ndenbe (libre), Ilyes Housni (Paris SG), Issam Bouaoune (Ch\u00e2teauroux), Kouroufia K\u00e9b\u00e9 (Orl\u00e9ans), Mamadou Fofana (Aarau, SUI), Jo\u00ebl-Emmanuel Coulibaly (Rennes), Thierno Bald\u00e9 (Troyes), Nordine Kandil (Amiens), Noam Obougou (Le\u00a0Havre, p), Ylan El Hadary (Paris FC),\u00a0Me\u00efssa Ba (Red Star).<\/p>\n<p><strong>Ils sont revenus de pr\u00eat (2)<\/strong><\/p>\n<p>Yanis Kouini (Haguenau), Sidi Ciss\u00e9 (Bourg-en-Bresse).<\/p>\n<p><strong>L\u2019effectif (30)\u00a0:<\/strong><\/p>\n<p><strong>Gardiens\u00a0:<\/strong>\u00a0Basilio, Kouini, Lembet, No\u00ebl.<\/p>\n<p><strong>D\u00e9fenseurs\u00a0:<\/strong>\u00a0Bald\u00e9, Tavares, Tacadred, Fernandez, Mendy, Nahounou, Saint-Ruf, Ndenbe.<\/p>\n<p><strong>Milieux\u00a0:<\/strong>\u00a0G\u00e9lin, K\u00e9b\u00e9, Barbier, Fofana, Bouaoune, El Hansar, Delaveau, Coulibaly, Bouabdeli.<\/p>\n<p><strong>Attaquants\u00a0:<\/strong>\u00a0Kandil, El Hadary, Fdaouch,\u00a0Me\u00efssa Ba, Ciss\u00e9, Obougou, Housni, Ztouti, Dabasse.<\/p>\n<p><strong>Du c\u00f4t\u00e9 du staff<\/strong><\/p>\n<p><strong>D\u00e9parts\u00a0:<\/strong>\u00a0Pablo Correa, Adrian Sarkisian.<\/p>\n<p><strong>Arriv\u00e9es\u00a0:<\/strong>\u00a0Oswald Tanchot (libre), Francis De Percin (Laval), St\u00e9phane Bernard (Cluses), Th\u00e9o Freulard (Bordeaux).<\/p>\n","protected":false},"excerpt":{"rendered":"Le point sur l&rsquo;effectif Ils sont partis (16) Brandon Bokangu (Guingamp), Adrien Julloux (Amiens), Cazim Suljic (Amiens), Bakari&hellip;\n","protected":false},"author":2,"featured_media":1161752,"comment_status":"","ping_status":"","sticky":false,"template":"","format":"standard","meta":{"footnotes":"","_share_on_mastodon":"0"},"categories":[9635],"tags":[1111,11,3703,1704,1777,674,1701,63,1011,27,775,23100,1702,1703,12,25,517,1700],"class_list":["post-1161751","post","type-post","status-publish","format-standard","has-post-thumbnail","category-nancy","tag-actu","tag-actualites","tag-asnl","tag-edition-nancy-et-agglomeration","tag-eu","tag-europe","tag-fil-info-sport","tag-football","tag-fr","tag-france","tag-grand-est","tag-mercato-football","tag-nancy","tag-nancy-ville-54b","tag-news","tag-republique-francaise","tag-sport","tag-sport-lorrain"],"share_on_mastodon":{"url":"https:\/\/pubeurope.com\/@fr\/117197915144901166","error":""},"_links":{"self":[{"href":"https:\/\/www.europesays.com\/fr\/wp-json\/wp\/v2\/posts\/1161751","targetHints":{"allow":["GET"]}}],"collection":[{"href":"https:\/\/www.europesays.com\/fr\/wp-json\/wp\/v2\/posts"}],"about":[{"href":"https:\/\/www.europesays.com\/fr\/wp-json\/wp\/v2\/types\/post"}],"author":[{"embeddable":true,"href":"https:\/\/www.europesays.com\/fr\/wp-json\/wp\/v2\/users\/2"}],"replies":[{"embeddable":true,"href":"https:\/\/www.europesays.com\/fr\/wp-json\/wp\/v2\/comments?post=1161751"}],"version-history":[{"count":0,"href":"https:\/\/www.europesays.com\/fr\/wp-json\/wp\/v2\/posts\/1161751\/revisions"}],"wp:featuredmedia":[{"embeddable":true,"href":"https:\/\/www.europesays.com\/fr\/wp-json\/wp\/v2\/media\/1161752"}],"wp:attachment":[{"href":"https:\/\/www.europesays.com\/fr\/wp-json\/wp\/v2\/media?parent=1161751"}],"wp:term":[{"taxonomy":"category","embeddable":true,"href":"https:\/\/www.europesays.com\/fr\/wp-json\/wp\/v2\/categories?post=1161751"},{"taxonomy":"post_tag","embeddable":true,"href":"https:\/\/www.europesays.com\/fr\/wp-json\/wp\/v2\/tags?post=1161751"}],"curies":[{"name":"wp","href":"https:\/\/api.w.org\/{rel}","templated":true}]}}