{"id":1161802,"date":"2026-09-01T22:08:18","date_gmt":"2026-09-01T22:08:18","guid":{"rendered":"https:\/\/www.europesays.com\/fr\/1161802\/"},"modified":"2026-09-01T22:08:18","modified_gmt":"2026-09-01T22:08:18","slug":"lyon-une-personne-sauvee-par-les-pompiers-apres-etre-tombee-accidentellement-dans-la-saone","status":"publish","type":"post","link":"https:\/\/www.europesays.com\/fr\/1161802\/","title":{"rendered":"Lyon. Une personne sauv\u00e9e par les pompiers apr\u00e8s \u00eatre tomb\u00e9e accidentellement dans la Sa\u00f4ne"},"content":{"rendered":"<p>Une personne a \u00e9t\u00e9 r\u00e9cup\u00e9r\u00e9e alors qu&rsquo;elle s&rsquo;aggripait \u00e0 la coque d&rsquo;un bateau, sur les bords de la Sa\u00f4ne, \u00e0 Lyon, \u00e0 proximit\u00e9 de l&rsquo;\u00cele Barbe, ce mardi 1er septembre. Elle serait tomb\u00e9e accidentellement dans la rivi\u00e8re vers 22 h 50 et se serait accroch\u00e9e \u00e0 un navire pour ne pas \u00eatre emport\u00e9e par le courant en attendant les secours, arriv\u00e9s sur place quelques minutes plus tard.<\/p>\n<p>Une vingtaine de sapeurs-pompiers, provenant notamment de la brigade de sauveteurs aquatiques, ont \u00e9t\u00e9 mobilis\u00e9s. Ils ont r\u00e9ussi \u00e0 la rep\u00eacher. L&rsquo;op\u00e9ration \u00e9tait close\u00a0vers 23 h 15.\u00a0\u00ab\u00a0D&rsquo;habitude, les personnes tombent plut\u00f4t du c\u00f4t\u00e9 de Perrache ou dans le Rh\u00f4ne\u00a0\u00bb, s&rsquo;\u00e9tonne-t-on du c\u00f4t\u00e9 des forces d&rsquo;intervention de secours.\u00a0<\/p>\n<p>Toutefois, les accidents adviennent aussi dans la Sa\u00f4ne. Le 14 ao\u00fbt, <a href=\"https:\/\/www.leprogres.fr\/faits-divers-justice\/2026\/08\/14\/nouvelle-noyade-un-homme-de-23-ans-perd-la-vie-dans-la-saone\" target=\"_blank\" rel=\"nofollow noopener\">un jeune homme de 23 ans \u00e9tait d\u00e9c\u00e9d\u00e9 par noyade<\/a>\u00a0au cours de la nuit dans cet affluent.\u00a0Un homme d&rsquo;une trentaine d&rsquo;ann\u00e9es y avait \u00e9galement laiss\u00e9 la vie, le\u00a018 juin, \u00e0 hauteur de la passerelle du quai Saint-Vincent.<\/p>\n","protected":false},"excerpt":{"rendered":"Une personne a \u00e9t\u00e9 r\u00e9cup\u00e9r\u00e9e alors qu&rsquo;elle s&rsquo;aggripait \u00e0 la coque d&rsquo;un bateau, sur les bords de la&hellip;\n","protected":false},"author":2,"featured_media":1161803,"comment_status":"","ping_status":"","sticky":false,"template":"","format":"standard","meta":{"footnotes":"","_share_on_mastodon":"0"},"categories":[1889],"tags":[119,1111,11,2430,2757,1777,674,274,107,1011,27,2428,12,25,2429],"class_list":["post-1161802","post","type-post","status-publish","format-standard","has-post-thumbnail","category-lyon","tag-accident","tag-actu","tag-actualites","tag-auvergne-rhone-alpes","tag-edition-lyon-villeurbanne","tag-eu","tag-europe","tag-faits-divers-justice","tag-fil-info","tag-fr","tag-france","tag-lyon","tag-news","tag-republique-francaise","tag-rhone"],"share_on_mastodon":{"url":"https:\/\/pubeurope.com\/@fr\/117198068476975528","error":""},"_links":{"self":[{"href":"https:\/\/www.europesays.com\/fr\/wp-json\/wp\/v2\/posts\/1161802","targetHints":{"allow":["GET"]}}],"collection":[{"href":"https:\/\/www.europesays.com\/fr\/wp-json\/wp\/v2\/posts"}],"about":[{"href":"https:\/\/www.europesays.com\/fr\/wp-json\/wp\/v2\/types\/post"}],"author":[{"embeddable":true,"href":"https:\/\/www.europesays.com\/fr\/wp-json\/wp\/v2\/users\/2"}],"replies":[{"embeddable":true,"href":"https:\/\/www.europesays.com\/fr\/wp-json\/wp\/v2\/comments?post=1161802"}],"version-history":[{"count":0,"href":"https:\/\/www.europesays.com\/fr\/wp-json\/wp\/v2\/posts\/1161802\/revisions"}],"wp:featuredmedia":[{"embeddable":true,"href":"https:\/\/www.europesays.com\/fr\/wp-json\/wp\/v2\/media\/1161803"}],"wp:attachment":[{"href":"https:\/\/www.europesays.com\/fr\/wp-json\/wp\/v2\/media?parent=1161802"}],"wp:term":[{"taxonomy":"category","embeddable":true,"href":"https:\/\/www.europesays.com\/fr\/wp-json\/wp\/v2\/categories?post=1161802"},{"taxonomy":"post_tag","embeddable":true,"href":"https:\/\/www.europesays.com\/fr\/wp-json\/wp\/v2\/tags?post=1161802"}],"curies":[{"name":"wp","href":"https:\/\/api.w.org\/{rel}","templated":true}]}}