{"id":1161813,"date":"2026-09-01T22:14:16","date_gmt":"2026-09-01T22:14:16","guid":{"rendered":"https:\/\/www.europesays.com\/fr\/1161813\/"},"modified":"2026-09-01T22:14:16","modified_gmt":"2026-09-01T22:14:16","slug":"agents-jetables-et-tentative-dattentat-lallemagne-accuse-la-russie-detre-derriere-le-drone-explosif-de-laerop-2","status":"publish","type":"post","link":"https:\/\/www.europesays.com\/fr\/1161813\/","title":{"rendered":"\u00ab\u00a0Agents jetables\u00a0\u00bb et \u00ab\u00a0tentative d\u2019attentat\u00a0\u00bb\u00a0: l\u2019Allemagne accuse la Russie d\u2019\u00eatre derri\u00e8re le drone explosif de l\u2019a\u00e9roport de Leipzig"},"content":{"rendered":"<p>                   <img fetchpriority=\"high\" decoding=\"async\" class=\"mx-auto\" src=\"data:image\/svg+xml,%3Csvg%20xmlns%3D%27http%3A%2F%2Fwww.w3.org%2F2000%2Fsvg%27%20fill%3D%22%23e4e4e4%22%20viewBox%3D%270%200%20510%20340%27%20width%3D%22510%22%20height%3D%22340%22%3E%3Cpath%20d%3D%27M0%200h510v340H0z%27%2F%3E%3C%2Fsvg%3E\"  loading=\"eager\" width=\"510\" height=\"340\" data-oncrawl-image-size=\"510x340\" alt=\"Un avion-cargo ukrainien de type \u00ab Antonov \u00bb, le 5\u00a0ao\u00fbt 2026\u00a0\u00e0 l\u2019a\u00e9roport allemand de Leipzig au lendemain de la d\u00e9couverte sur place d\u2019un drone charg\u00e9 d\u2019explosifs.\"\/>      <\/p>\n<p class=\"latino-100m text-grey-600\">  Un avion-cargo ukrainien de type \u00ab Antonov \u00bb, le 5\u00a0ao\u00fbt 2026\u00a0\u00e0 l\u2019a\u00e9roport allemand de Leipzig au lendemain de la d\u00e9couverte sur place d\u2019un drone charg\u00e9 d\u2019explosifs.\u00a0JOHN MACDOUGALL \/ AFP  <\/p>\n<p class=\"node__paragraphe antonia-750r text-grey-800 pb-24 pb-md-32\"> L\u2019ombre du Kremlin plane sur cet incident survenu dans un a\u00e9roport strat\u00e9gique pour le soutien \u00e0 l\u2019Ukraine. L\u2019Allemagne a annonc\u00e9 ce mardi 1er\u00a0septembre des mesures de r\u00e9torsion contre la Russie, apr\u00e8s l\u2019avoir officiellement accus\u00e9e d\u2019avoir envoy\u00e9 un drone charg\u00e9 d\u2019explosifs d\u00e9but ao\u00fbt <a href=\"https:\/\/www.nouvelobs.com\/monde\/20260806.OBS117228\/drone-explosif-a-l-aeroport-de-leipzig-en-allemagne-une-menace-hybride-professionnelle-les-regards-tournes-vers-la-russie.html\" rel=\"nofollow noopener\" target=\"_blank\">\u00e0 l\u2019a\u00e9roport de Leipzig<\/a>, une plateforme militaire cl\u00e9 pour l\u2019arm\u00e9e allemande et pour l\u2019Otan. <\/p>\n<p class=\"node__paragraphe antonia-750r text-grey-800 pb-24 pb-md-32\"> D\u00e9but ao\u00fbt, un drone charg\u00e9 d\u2019explosifs a \u00e9t\u00e9 d\u00e9couvert dans la zone s\u00e9curis\u00e9e des op\u00e9rations de fret de l\u2019a\u00e9roport de Leipzig, \u00e0 proximit\u00e9 de plusieurs avions-cargos ukrainiens, et un deuxi\u00e8me engin aurait heurt\u00e9 un avion-cargo de DHL quelques minutes plus tard. L\u2019engin, d\u00e9couvert pr\u00e8s d\u2019un avion-cargo ukrainien, avait \u00e9t\u00e9 neutralis\u00e9 par un robot de la police. Selon la presse allemande, un autre drone aurait \u00e9t\u00e9 d\u00e9couvert plus tard pr\u00e8s de l\u2019a\u00e9roport, \u00e9galement avec des traces de substances explosives. <\/p>\n<p class=\"node__paragraphe antonia-750r text-grey-800 pb-24 pb-md-32\"> \u00ab\u00a0Dans l\u2019ensemble, les enqu\u00eates polici\u00e8res, les modes op\u00e9ratoires et les informations des services de renseignement d\u00e9montrent une responsabilit\u00e9 russe dans la tentative d\u2019attentat \u00e0 l\u2019a\u00e9roport de Leipzig\u00a0\u00bb, a d\u00e9clar\u00e9 ce mardi Alexander Dobrindt, ministre allemand de l\u2019Int\u00e9rieur. <\/p>\n<p class=\"node__paragraphe antonia-750r text-grey-800 pb-24 pb-md-32\"> En cons\u00e9quence, l\u2019Allemagne va fermer au 18\u00a0septembre le dernier consulat russe sur son territoire, \u00e0 Bonn (ouest), et le centre culturel russe de Berlin, aussi appel\u00e9 \u00ab\u00a0Maison russe\u00a0\u00bb. Berlin va par ailleurs proposer d\u2019inscrire de nouvelles personnes de nationalit\u00e9 russe sur les listes de sanctions europ\u00e9ennes. Johann Wadephul, ministre des Affaires \u00e9trang\u00e8res, a en outre promis de \u00ab\u00a0renforcer la pression sur la flotte fant\u00f4me russe\u00a0\u00bb, d\u00e9signant <a href=\"https:\/\/www.nouvelobs.com\/monde\/20260601.OBS115411\/capitaine-russe-lien-avec-un-magnat-iranien-ce-que-l-on-sait-du-petrolier-de-la-flotte-fantome-de-poutine-arraisonne-par-la-france.html\" rel=\"nofollow noopener\" target=\"_blank\">un ensemble de navires vieillissants<\/a> au statut juridique opaque que la Russie utilise pour contourner les sanctions occidentales. <\/p>\n<p>                             La solidarit\u00e9 europ\u00e9enne face \u00e0 cette \u00ab\u00a0tentative d\u2019attentat\u00a0\u00bb                              <\/p>\n<p class=\"node__paragraphe antonia-750r text-grey-800 pb-24 pb-md-32\"> L\u2019UE se tient \u00ab\u00a0pleinement\u00a0\u00bb aux c\u00f4t\u00e9s de l\u2019Allemagne, a \u00e9crit la pr\u00e9sidente de la Commission Europ\u00e9enne Ursula von der Leyen sur X, tandis que l\u2019Otan \u00ab\u00a0continuera \u00e0 renforcer sa capacit\u00e9 \u00e0 dissuader et \u00e0 d\u00e9fendre tous les Alli\u00e9s contre toute menace\u00a0\u00bb, a promis son chef Mark Rutte. Londres, Varsovie et Tallinn ont \u00e9galement f\u00e9licit\u00e9 Berlin pour sa r\u00e9action. <\/p>\n<p class=\"node__paragraphe antonia-750r text-grey-800 pb-24 pb-md-32\"> \u00ab\u00a0Nous ne consid\u00e9rons pas l\u2019incident de Leipzig de mani\u00e8re isol\u00e9e mais le voyons dans le contexte d\u2019autres actions hybrides\u00a0\u00bb, a par ailleurs insist\u00e9 Alexander Dobrindt. Depuis le d\u00e9but de la guerre en Ukraine, en f\u00e9vrier\u00a02022, l\u2019Allemagne et plusieurs autres Etats europ\u00e9ens imputent r\u00e9guli\u00e8rement au Kremlin des op\u00e9rations de d\u00e9stabilisation, d\u2019espionnage et de sabotage sur leur sol. <\/p>\n<p class=\"node__paragraphe antonia-750r text-grey-800 pb-24 pb-md-32\"> Ce mardi, un engin explosif artisanal a endommag\u00e9 plusieurs lignes \u00e9lectriques pr\u00e8s d\u2019une centrale thermique de l\u2019est de l\u2019Allemagne, a annonc\u00e9 la police sans en dire davantage sur les suspects. Face \u00e0 la multiplication des menaces, le gouvernement allemand a pr\u00e9sent\u00e9 \u00e0 la mi-ao\u00fbt une vaste r\u00e9forme de ses services de renseignement, leur octroyant des pouvoirs \u00e9largis. <\/p>\n<p class=\"node__paragraphe antonia-750r text-grey-800 pb-24 pb-md-32\"> De son c\u00f4t\u00e9, Emmanuel Macron a r\u00e9affirm\u00e9 le soutient de la France en faveure de nouvelles sanctions europ\u00e9ennes contre la Russie. \u00ab\u00a0Ces attaques hybrides se multiplient en Europe. Elles ne peuvent rester sans r\u00e9ponse\u00a0\u00bb, a encore exhort\u00e9 le chef de l\u2019Etat sur X. <\/p>\n<p>                                                    \u00ab\u00a0Agents jetables\u00a0\u00bb                              <\/p>\n<p class=\"node__paragraphe antonia-750r text-grey-800 pb-24 pb-md-32\"> A Leipzig, la technologie utilis\u00e9e et \u00ab\u00a0l\u2019interaction des diff\u00e9rents \u00e9l\u00e9ments doivent \u00eatre qualifi\u00e9es de professionnelles et r\u00e9v\u00e8lent un haut niveau d\u2019expertise technique ainsi qu\u2019un effort organisationnel consid\u00e9rable\u00a0\u00bb, a poursuivi le ministre de l\u2019Int\u00e9rieur. Si l\u2019ex\u00e9cution finale de la \u00ab\u00a0tentative d\u2019attentat\u00a0\u00bb a relev\u00e9 d\u2019agents dits \u00ab\u00a0jetables\u00a0\u00bb, ces derniers ont agi \u00ab\u00a0sur ordre d\u2019autorit\u00e9s \u00e9tatiques russes\u00a0\u00bb, a-t-il affirm\u00e9. <\/p>\n<p class=\"node__paragraphe antonia-750r text-grey-800 pb-24 pb-md-32\"> L\u2019a\u00e9roport, situ\u00e9 dans l\u2019est de l\u2019Allemagne, joue un r\u00f4le de premier plan dans le transport de mat\u00e9riel militaire, en particulier pour l\u2019arm\u00e9e allemande et les alli\u00e9s de l\u2019Otan, et sert aussi de base au constructeur a\u00e9ronautique ukrainien Antonov. Sans d\u00e9signer Moscou, le chancelier Friedrich Merz avait averti la semaine pass\u00e9e les auteurs d\u2019attaques hybrides contre l\u2019Allemagne qu\u2019ils \u00ab\u00a0en paieraient le prix\u00a0\u00bb. <\/p>\n<p class=\"node__paragraphe antonia-750r text-grey-800 pb-24 pb-md-32\"> Le d\u00e9bat s\u2019\u00e9tait rapidement port\u00e9 sur la fermeture de la Maison russe des sciences et de la culture, un b\u00e2timent construit dans l\u2019ancien Berlin-Est en\u00a01984 pr\u00e8s de l\u2019ambassade de Russie. Dans un entretien sur la cha\u00eene priv\u00e9e de t\u00e9l\u00e9vision Welt TV, le d\u00e9put\u00e9 conservateur Roderich Kiesewetter a assur\u00e9 que cet \u00e9tablissement servait de plateforme aux espions russes. <\/p>\n<p class=\"node__paragraphe antonia-750r text-grey-800 pb-24 pb-md-32\"> Selon lui, plus de 100 personnes y vivent \u00ab\u00a0sans que l\u2019on sache qui elles sont\u00a0\u00bb et la consommation d\u2019\u00e9lectricit\u00e9 du b\u00e2timent est anormalement \u00e9lev\u00e9e. Berlin privil\u00e9giait le statu quo jusqu\u2019ici en raison du contrat bilat\u00e9ral existant avec l\u2019Institut Goethe \u00e0 Moscou. <\/p>\n<p class=\"authors latino-600m text-grey-800\">        Par\u00a0 Service Actu\u00a0(avec AFP)<\/p>\n","protected":false},"excerpt":{"rendered":"Un avion-cargo ukrainien de type \u00ab Antonov \u00bb, le 5\u00a0ao\u00fbt 2026\u00a0\u00e0 l\u2019a\u00e9roport allemand de Leipzig au lendemain de&hellip;\n","protected":false},"author":2,"featured_media":1161814,"comment_status":"","ping_status":"","sticky":false,"template":"","format":"standard","meta":{"footnotes":"","_share_on_mastodon":"0"},"categories":[1591],"tags":[5734,10983,11,6891,672,5581,564,1887,18861,74,12,1885,1886,132,7451],"class_list":["post-1161813","post","type-post","status-publish","format-standard","has-post-thumbnail","category-russie","tag-5734","tag-accuse","tag-actualites","tag-agents","tag-allemagne","tag-attentat","tag-drone","tag-federation-de-russie","tag-jetables","tag-monde","tag-news","tag-russia","tag-russian-federation","tag-russie","tag-tentative"],"share_on_mastodon":{"url":"https:\/\/pubeurope.com\/@fr\/117198092424336247","error":""},"_links":{"self":[{"href":"https:\/\/www.europesays.com\/fr\/wp-json\/wp\/v2\/posts\/1161813","targetHints":{"allow":["GET"]}}],"collection":[{"href":"https:\/\/www.europesays.com\/fr\/wp-json\/wp\/v2\/posts"}],"about":[{"href":"https:\/\/www.europesays.com\/fr\/wp-json\/wp\/v2\/types\/post"}],"author":[{"embeddable":true,"href":"https:\/\/www.europesays.com\/fr\/wp-json\/wp\/v2\/users\/2"}],"replies":[{"embeddable":true,"href":"https:\/\/www.europesays.com\/fr\/wp-json\/wp\/v2\/comments?post=1161813"}],"version-history":[{"count":0,"href":"https:\/\/www.europesays.com\/fr\/wp-json\/wp\/v2\/posts\/1161813\/revisions"}],"wp:featuredmedia":[{"embeddable":true,"href":"https:\/\/www.europesays.com\/fr\/wp-json\/wp\/v2\/media\/1161814"}],"wp:attachment":[{"href":"https:\/\/www.europesays.com\/fr\/wp-json\/wp\/v2\/media?parent=1161813"}],"wp:term":[{"taxonomy":"category","embeddable":true,"href":"https:\/\/www.europesays.com\/fr\/wp-json\/wp\/v2\/categories?post=1161813"},{"taxonomy":"post_tag","embeddable":true,"href":"https:\/\/www.europesays.com\/fr\/wp-json\/wp\/v2\/tags?post=1161813"}],"curies":[{"name":"wp","href":"https:\/\/api.w.org\/{rel}","templated":true}]}}