{"id":1161820,"date":"2026-09-01T22:19:19","date_gmt":"2026-09-01T22:19:19","guid":{"rendered":"https:\/\/www.europesays.com\/fr\/1161820\/"},"modified":"2026-09-01T22:19:19","modified_gmt":"2026-09-01T22:19:19","slug":"un-chapitre-extremement-special-le-defenseur-du-real-madrid-antonio-rudiger-prend-officiellement-sa-retraite-internationale-avec-lallemagne","status":"publish","type":"post","link":"https:\/\/www.europesays.com\/fr\/1161820\/","title":{"rendered":"\u00ab Un chapitre extr\u00eamement sp\u00e9cial \u00bb : le d\u00e9fenseur du Real Madrid Antonio R\u00fcdiger prend officiellement sa retraite internationale avec l\u2019Allemagne"},"content":{"rendered":"<p>Dans son communiqu\u00e9 officiel, R\u00fcdiger a \u00e9voqu\u00e9 sa fiert\u00e9 de repr\u00e9senter l\u2019Allemagne. \u00ab Apr\u00e8s m\u00fbre r\u00e9flexion, le moment est venu pour moi de mettre un terme \u00e0 ma carri\u00e8re en \u00e9quipe nationale et de laisser la place \u00e0 la jeune g\u00e9n\u00e9ration.<\/p>\n<p>Quand j\u2019ai port\u00e9 pour la premi\u00e8re fois le maillot du DFB en 2014, je n\u2019aurais jamais pu imaginer, m\u00eame dans mes r\u00eaves les plus fous, que cela me m\u00e8nerait finalement \u00e0 86 s\u00e9lections \u00bb, a d\u00e9clar\u00e9 R\u00fcdiger.<\/p>\n<p>\u00ab M\u00eame si le grand titre nous a \u00e9chapp\u00e9 lors des derniers tournois et que nous avons subi quelques d\u00e9faites douloureuses, cette p\u00e9riode a \u00e9t\u00e9 un chapitre extr\u00eamement sp\u00e9cial pour moi, qui me marquera pour toujours. \u00bb<\/p>\n","protected":false},"excerpt":{"rendered":"Dans son communiqu\u00e9 officiel, R\u00fcdiger a \u00e9voqu\u00e9 sa fiert\u00e9 de repr\u00e9senter l\u2019Allemagne. \u00ab Apr\u00e8s m\u00fbre r\u00e9flexion, le moment&hellip;\n","protected":false},"author":2,"featured_media":1161821,"comment_status":"","ping_status":"","sticky":false,"template":"","format":"standard","meta":{"footnotes":"","_share_on_mastodon":"0"},"categories":[1587],"tags":[107883,11,672,101129,1804,451,1805,1803,1777,674,1801,12,4790,1802,35392],"class_list":["post-1161820","post","type-post","status-publish","format-standard","has-post-thumbnail","category-allemagne","tag-a-ruediger","tag-actualites","tag-allemagne","tag-antonio-rudiger","tag-bundesrepublik-deutschland","tag-coupe-du-monde","tag-de","tag-deutschland","tag-eu","tag-europe","tag-germany","tag-news","tag-real-madrid","tag-republique-federale-dallemagne","tag-world-cup"],"share_on_mastodon":{"url":"https:\/\/pubeurope.com\/@fr\/117198111708642638","error":""},"_links":{"self":[{"href":"https:\/\/www.europesays.com\/fr\/wp-json\/wp\/v2\/posts\/1161820","targetHints":{"allow":["GET"]}}],"collection":[{"href":"https:\/\/www.europesays.com\/fr\/wp-json\/wp\/v2\/posts"}],"about":[{"href":"https:\/\/www.europesays.com\/fr\/wp-json\/wp\/v2\/types\/post"}],"author":[{"embeddable":true,"href":"https:\/\/www.europesays.com\/fr\/wp-json\/wp\/v2\/users\/2"}],"replies":[{"embeddable":true,"href":"https:\/\/www.europesays.com\/fr\/wp-json\/wp\/v2\/comments?post=1161820"}],"version-history":[{"count":0,"href":"https:\/\/www.europesays.com\/fr\/wp-json\/wp\/v2\/posts\/1161820\/revisions"}],"wp:featuredmedia":[{"embeddable":true,"href":"https:\/\/www.europesays.com\/fr\/wp-json\/wp\/v2\/media\/1161821"}],"wp:attachment":[{"href":"https:\/\/www.europesays.com\/fr\/wp-json\/wp\/v2\/media?parent=1161820"}],"wp:term":[{"taxonomy":"category","embeddable":true,"href":"https:\/\/www.europesays.com\/fr\/wp-json\/wp\/v2\/categories?post=1161820"},{"taxonomy":"post_tag","embeddable":true,"href":"https:\/\/www.europesays.com\/fr\/wp-json\/wp\/v2\/tags?post=1161820"}],"curies":[{"name":"wp","href":"https:\/\/api.w.org\/{rel}","templated":true}]}}