{"id":1161826,"date":"2026-09-01T22:22:34","date_gmt":"2026-09-01T22:22:34","guid":{"rendered":"https:\/\/www.europesays.com\/fr\/1161826\/"},"modified":"2026-09-01T22:22:34","modified_gmt":"2026-09-01T22:22:34","slug":"une-refonte-totale-strasbourg-a-enregistre-17-recrues-pendant-ce-mercato-estival-lequipe","status":"publish","type":"post","link":"https:\/\/www.europesays.com\/fr\/1161826\/","title":{"rendered":"Une refonte totale : Strasbourg a enregistr\u00e9 17 recrues pendant ce mercato estival &#8211; L&#039;\u00c9quipe"},"content":{"rendered":"<ol>\n<li><a href=\"https:\/\/news.google.com\/rss\/articles\/CBMiywFBVV95cUxPS1V2V1ZpSmh5ZlAybE4tWDlHS1ZtY3VUUXFienVEajVwRFVXVmd2WGl6TlZUclE5U0h3dVJOXzRKSlhGNkYtSk0xVTE1T0puSkxZUVhkMkFKdV9lSXBGQlZfZ2pUR05JMFZVeDRxaS0yNE8xWWFCR20xcGpBeUZJb2pVMTRVVHJrWHQtZTVGVGFZOWZDX3dZTGZqS193dWFXYlBfakg2N1hnWENUS2ZQLWpjVnpEYjNCR21VcFZKU2pTWjkwQkFTTHF2WQ?oc=5\" target=\"_blank\" rel=\"nofollow noopener\">Une refonte totale : Strasbourg a enregistr\u00e9 17 recrues pendant ce mercato estival<\/a>&nbsp;&nbsp;L&rsquo;\u00c9quipe<\/li>\n<li><a href=\"https:\/\/news.google.com\/rss\/articles\/CBMinAFBVV95cUxNQko5Q1d2ZE5mNGtkWXk1UjhkV0N4MEtpeEJZM0JCTGgzVHFPS3JOdlpKOXpqcHpwN1doc3NWTnNMZWV2bW44MnhpMG1JSWFqWnFNbUJtMmEtSncyNm8tYk1iX2hfTnJuWFpNZmxTYzlGM244UU9KVXJ0aHVsRDliT01aaWZsU0RCZ1k1M0lGX1ZXYnhNaFMtTjdvR3Y?oc=5\" target=\"_blank\" rel=\"nofollow noopener\">RC Strasbourg : Washington d\u00e9barque pour 16 M\u20ac (officiel)<\/a>&nbsp;&nbsp;sport.fr<\/li>\n<li><a href=\"https:\/\/news.google.com\/rss\/articles\/CBMilgFBVV95cUxQZTFiVkp3S3JNQkNjMm1ObE1STlF6dGtzN0J6M3VqRzBqY21mc0ZwdEZSUl9JeU5IaWhvdkt5eS1MdTFjWmRWRjV6MmhmTjNKVFZmamQtTXZ3REkwTG9ydmM0clFZU2M4SjVuZUdfMEhqVTFZSGd4TlVic014Sm9rSGUtclZmekhINFBGdnY0YjU1U0ZsWlE?oc=5\" target=\"_blank\" rel=\"nofollow noopener\">Chelsea vend un de ses attaquants br\u00e9siliens \u00e0 Strasbourg<\/a>&nbsp;&nbsp;Foot01<\/li>\n<li><a href=\"https:\/\/news.google.com\/rss\/articles\/CBMimAFBVV95cUxNcE12ZG40bDdKdW1LZ1JIYlJ6SGtQY2gtR29nWTZmNjdwOXdnLTFpdWR0MjRHYnNERDhEUHlIMGdOMzlKcjVsUW1wWjZSbDJQeThCSWJHcmdtWXV0VUhVdnY0eW9YT1dlZy1BRzVVdzViRWgyUGx3TUdhNnlQMU00WU1Bd3RJYWpDT1plbWZkUmREU0xkdHpnTw?oc=5\" target=\"_blank\" rel=\"nofollow noopener\">Strasbourg va boucler un \u00e9norme double coup<\/a>&nbsp;&nbsp;Foot Mercato<\/li>\n<li><a href=\"https:\/\/news.google.com\/rss\/articles\/CBMi3AFBVV95cUxOanBuck1WbXZKZU5kblowU1ZvNTdKRzFsU3J1NmExelUwdl8zMkVYR1pfLVhpekx5X2ROUHNyZVh4LWE0R3NZejJYTU4yZ3hjR05rU1l0cV9VZTNfQXV0dHlYWEstR0RJOTlCNjdqRkZBTkR5MTdLanNBQ0JaRW4taThoQldDSFdMSUJPNFlHTERpTHkzaEQ4YjBmazc1SWF1WWhYNkoySWR5NlFMaVAwVUFITlpyblNsV2tmazhmb1hsdDlBTml1ZzhsUXk5cXR5RGdZNEVmRUZQaEJZ?oc=5\" target=\"_blank\" rel=\"nofollow noopener\">Mercato Strasbourg &#8211; Le RC Strasbourg officialise l&rsquo;arriv\u00e9e de sa 18e recrue (officiel)<\/a>&nbsp;&nbsp;madeinfoot.ouest-france.fr<\/li>\n<\/ol>\n","protected":false},"excerpt":{"rendered":"Une refonte totale : Strasbourg a enregistr\u00e9 17 recrues pendant ce mercato estival&nbsp;&nbsp;L&rsquo;\u00c9quipe RC Strasbourg : Washington d\u00e9barque&hellip;\n","protected":false},"author":2,"featured_media":1161827,"comment_status":"","ping_status":"","sticky":false,"template":"","format":"standard","meta":{"footnotes":"","_share_on_mastodon":"0"},"categories":[2],"tags":[11,86760,116436,63,1011,27,87241,66,12,25,105443,640,33137],"class_list":["post-1161826","post","type-post","status-publish","format-standard","has-post-thumbnail","category-actualites","tag-actualites","tag-actus-et-infos","tag-cyril-olives","tag-football","tag-fr","tag-france","tag-gratuit-journal","tag-ligue-1","tag-news","tag-republique-francaise","tag-saison-2026-2027","tag-strasbourg","tag-transferts-football"],"share_on_mastodon":{"url":"https:\/\/pubeurope.com\/@fr\/117198123387482376","error":""},"_links":{"self":[{"href":"https:\/\/www.europesays.com\/fr\/wp-json\/wp\/v2\/posts\/1161826","targetHints":{"allow":["GET"]}}],"collection":[{"href":"https:\/\/www.europesays.com\/fr\/wp-json\/wp\/v2\/posts"}],"about":[{"href":"https:\/\/www.europesays.com\/fr\/wp-json\/wp\/v2\/types\/post"}],"author":[{"embeddable":true,"href":"https:\/\/www.europesays.com\/fr\/wp-json\/wp\/v2\/users\/2"}],"replies":[{"embeddable":true,"href":"https:\/\/www.europesays.com\/fr\/wp-json\/wp\/v2\/comments?post=1161826"}],"version-history":[{"count":0,"href":"https:\/\/www.europesays.com\/fr\/wp-json\/wp\/v2\/posts\/1161826\/revisions"}],"wp:featuredmedia":[{"embeddable":true,"href":"https:\/\/www.europesays.com\/fr\/wp-json\/wp\/v2\/media\/1161827"}],"wp:attachment":[{"href":"https:\/\/www.europesays.com\/fr\/wp-json\/wp\/v2\/media?parent=1161826"}],"wp:term":[{"taxonomy":"category","embeddable":true,"href":"https:\/\/www.europesays.com\/fr\/wp-json\/wp\/v2\/categories?post=1161826"},{"taxonomy":"post_tag","embeddable":true,"href":"https:\/\/www.europesays.com\/fr\/wp-json\/wp\/v2\/tags?post=1161826"}],"curies":[{"name":"wp","href":"https:\/\/api.w.org\/{rel}","templated":true}]}}