{"id":1161843,"date":"2026-09-01T22:36:19","date_gmt":"2026-09-01T22:36:19","guid":{"rendered":"https:\/\/www.europesays.com\/fr\/1161843\/"},"modified":"2026-09-01T22:36:19","modified_gmt":"2026-09-01T22:36:19","slug":"troisieme-sortie-dans-lespace-pour-sophie-adenot-cette-fois-100-feminine-actualites","status":"publish","type":"post","link":"https:\/\/www.europesays.com\/fr\/1161843\/","title":{"rendered":"Troisi\u00e8me sortie dans l&rsquo;espace pour Sophie Adenot, cette fois 100% f\u00e9minine : Actualit\u00e9s"},"content":{"rendered":"<p class=\"lead \">Sophie Adenot a compl\u00e9t\u00e9 mardi sa troisi\u00e8me sortie en dehors de la Station spatiale internationale en l&rsquo;espace de seulement deux semaines, en \u00e9tant cette fois aux commandes d&rsquo;une \u00e9quipe 100% f\u00e9minine.<\/p>\n<p class=\"lead \">Equip\u00e9e d&rsquo;une combinaison orn\u00e9e de bandes rouges \u00e0 cette occasion, la Fran\u00e7aise est sortie la premi\u00e8re dans le vide spatial, peu apr\u00e8s 12H45 GMT (14H45).<\/p>\n<p class=\"lead \">Elle a \u00e9t\u00e9 rapidement rejointe par l&rsquo;Am\u00e9ricaine Jessica Meir, avec qui elle a men\u00e9 pendant plus de six heures et demie une s\u00e9rie d&rsquo;op\u00e9rations de maintenance.<\/p>\n<p class=\"lead \">Le duo a notamment remplac\u00e9 un \u00ab\u00a0r\u00e9tror\u00e9flecteur\u00a0\u00bb utilis\u00e9 pour faciliter la navigation des v\u00e9hicules spatiaux lors de leurs op\u00e9rations de rendez-vous et d&rsquo;amarrage ainsi qu&rsquo;une cam\u00e9ra haute d\u00e9finition situ\u00e9e sur la poutre de l&rsquo;ISS.<\/p>\n<p class=\"lead \">\u00ab\u00a0Vous avez fait un excellent travail aujourd&rsquo;hui. Vous pouvez \u00eatre tr\u00e8s fi\u00e8res de tout ce que vous avez accompli\u00a0\u00bb, leur a lanc\u00e9, depuis le centre de commandement de la Nasa \u00e0 Houston, Chloe Mehring, directrice de vol, une fois qu&rsquo;elles avaient regagn\u00e9 l&rsquo;int\u00e9rieur du laboratoire orbital.<\/p>\n<p class=\"lead \">Premi\u00e8re Fran\u00e7aise \u00e0 \u00ab\u00a0marcher\u00a0\u00bb dans l&rsquo;espace, Sophie Adenot cumule d\u00e9sormais 19 heures et 42 minutes d&rsquo;excursion dans le vide spatial \u00e0 son compteur. Avant elle, seuls quatre hommes fran\u00e7ais avaient men\u00e9 de telles sorties.<\/p>\n<p class=\"lead \">Alice Rufo, ministre d\u00e9l\u00e9gu\u00e9e aux Arm\u00e9es, a f\u00e9licit\u00e9 une nouvelle fois mardi l&rsquo;astronaute, qui est \u00e9galement colonelle de l&rsquo;arm\u00e9e de l&rsquo;air: \u00ab\u00a0Vous continuez de nous inspirer tous!\u00a0\u00bb, lui a-t-elle \u00e9crit sur X.<\/p>\n<p class=\"lead \">&#8211; Probl\u00e8me de combinaison &#8211;<\/p>\n<p class=\"lead \">Si le d\u00e9but de la sortie s&rsquo;est d\u00e9roul\u00e9 comme un charme, l&rsquo;astronaute Jessica Meir plaisantant m\u00eame sur son envie d&rsquo;\u00e9couter de la musique, la fin a \u00e9t\u00e9 l\u00e9g\u00e8rement troubl\u00e9e par un probl\u00e8me rencontr\u00e9 par Sophie Adenot avec sa combinaison.<\/p>\n<p class=\"lead \">Comme lors de sa deuxi\u00e8me sortie spatiale, la Fran\u00e7aise a signal\u00e9 vers la fin des difficult\u00e9s croissantes avec l&rsquo;articulation de l&rsquo;\u00e9paule gauche de son scaphandre, semblant provenir d&rsquo;un c\u00e2ble entrav\u00e9.<\/p>\n<p class=\"lead \">Malgr\u00e9 cette g\u00eane, elle a pu rejoindre sans probl\u00e8me la station. Plus t\u00f4t dans la sortie, elle avait pr\u00e9lev\u00e9 des \u00e9chantillons sur le sas ainsi que sur son gant afin d&rsquo;y rechercher d&rsquo;\u00e9ventuels micro-organismes.<\/p>\n<p class=\"lead \">Remerciant une nouvelle fois les \u00e9quipes au sol de la Nasa, Sophie Adenot a clos sa sortie en d\u00e9crivant l&rsquo;\u00e9merveillement l&rsquo;ayant travers\u00e9e en observant sous ses pieds la plan\u00e8te bleue.<\/p>\n<p class=\"lead \">\u00ab\u00a0La Terre \u00e9tait vraiment magnifique, et cela nous fait nous sentir encore plus humains\u00a0\u00bb, a-t-elle confi\u00e9.<\/p>\n<p class=\"lead \">&#8211; Maquette &#8211;<\/p>\n<p class=\"lead \">La sortie extrav\u00e9hiculaire (EVA) de mardi \u00e9tait la 284e de l&rsquo;histoire de l&rsquo;ISS consacr\u00e9e \u00e0 l&rsquo;assemblage, \u00e0 la maintenance et \u00e0 la modernisation du laboratoire orbital, a indiqu\u00e9 la Nasa, et seulement la sixi\u00e8me \u00e0 \u00eatre men\u00e9e par un duo de femmes.<\/p>\n<p class=\"lead \">Jessica Meir, dont c&rsquo;\u00e9tait le septi\u00e8me \u00ab\u00a0spacewalk\u00a0\u00bb, avait r\u00e9alis\u00e9 en 2019 la premi\u00e8re EVA 100% f\u00e9minine aux c\u00f4t\u00e9s de Christina Koch, entr\u00e9e r\u00e9cemment dans l&rsquo;histoire pour avoir particip\u00e9 \u00e0 la mission de la Nasa Artemis 2 autour de la Lune.<\/p>\n<p class=\"lead \"> Lors des pr\u00e9c\u00e9dentes sorties, Sophie Adenot avait travaill\u00e9 en bin\u00f4me avec l&rsquo;Am\u00e9ricain Anil Menon, qui cette fois assistait le duo \u00e0 l&rsquo;int\u00e9rieur avec un autre astronaute.<\/p>\n<p class=\"lead \">Sophie Adenot avait post\u00e9 sur son compte Instagram un aper\u00e7u inattendu de la fa\u00e7on dont elle se pr\u00e9parait \u00e0 sa troisi\u00e8me sortie : une petite maquette en papier fabriqu\u00e9e \u00e0 la main flottant dans l&rsquo;ISS pour l&rsquo;aider \u00e0 \u00ab\u00a0visualiser\u00a0\u00bb son futur site de travail.<\/p>\n<p class=\"lead \">Mercredi dernier, au lendemain de sa deuxi\u00e8me sortie, elle s&rsquo;\u00e9tait dite \u00ab\u00a0un peu courbatur\u00e9e\u00a0\u00bb mais fi\u00e8re de sa \u00ab\u00a0mission accomplie\u00a0\u00bb, dans un entretien \u00e0 France 24 et RFI.<\/p>\n<p class=\"lead \">\u00ab\u00a0Chaque mouvement est fatigant. Chaque mouvement du bras, de la main, tenir un objet, c&rsquo;est une d\u00e9pense \u00e9nerg\u00e9tique incroyable\u00a0\u00bb, avait-elle d\u00e9taill\u00e9.<\/p>\n<p class=\"lead \">En orbite \u00e0 400 kilom\u00e8tres autour de la Terre depuis six mois et demi, Sophie Adenot doit achever sa mission \u00e0 l&rsquo;automne.<\/p>\n<p class=\"small font-weight-bold text-gray3 \"> publi\u00e9 le 1 septembre \u00e0 22h41, AFP<\/p>\n<p>                             Partager<\/p>\n","protected":false},"excerpt":{"rendered":"Sophie Adenot a compl\u00e9t\u00e9 mardi sa troisi\u00e8me sortie en dehors de la Station spatiale internationale en l&rsquo;espace de&hellip;\n","protected":false},"author":2,"featured_media":1161844,"comment_status":"","ping_status":"","sticky":false,"template":"","format":"standard","meta":{"footnotes":"","_share_on_mastodon":"0"},"categories":[1359],"tags":[31569,58,59,386,1011,27,973,308],"class_list":["post-1161843","post","type-post","status-publish","format-standard","has-post-thumbnail","category-people","tag-arospatiale","tag-divertissement","tag-entertainment","tag-espace","tag-fr","tag-france","tag-people","tag-usa"],"share_on_mastodon":{"url":"https:\/\/pubeurope.com\/@fr\/117198178743230323","error":""},"_links":{"self":[{"href":"https:\/\/www.europesays.com\/fr\/wp-json\/wp\/v2\/posts\/1161843","targetHints":{"allow":["GET"]}}],"collection":[{"href":"https:\/\/www.europesays.com\/fr\/wp-json\/wp\/v2\/posts"}],"about":[{"href":"https:\/\/www.europesays.com\/fr\/wp-json\/wp\/v2\/types\/post"}],"author":[{"embeddable":true,"href":"https:\/\/www.europesays.com\/fr\/wp-json\/wp\/v2\/users\/2"}],"replies":[{"embeddable":true,"href":"https:\/\/www.europesays.com\/fr\/wp-json\/wp\/v2\/comments?post=1161843"}],"version-history":[{"count":0,"href":"https:\/\/www.europesays.com\/fr\/wp-json\/wp\/v2\/posts\/1161843\/revisions"}],"wp:featuredmedia":[{"embeddable":true,"href":"https:\/\/www.europesays.com\/fr\/wp-json\/wp\/v2\/media\/1161844"}],"wp:attachment":[{"href":"https:\/\/www.europesays.com\/fr\/wp-json\/wp\/v2\/media?parent=1161843"}],"wp:term":[{"taxonomy":"category","embeddable":true,"href":"https:\/\/www.europesays.com\/fr\/wp-json\/wp\/v2\/categories?post=1161843"},{"taxonomy":"post_tag","embeddable":true,"href":"https:\/\/www.europesays.com\/fr\/wp-json\/wp\/v2\/tags?post=1161843"}],"curies":[{"name":"wp","href":"https:\/\/api.w.org\/{rel}","templated":true}]}}