{"id":1161857,"date":"2026-09-01T22:46:18","date_gmt":"2026-09-01T22:46:18","guid":{"rendered":"https:\/\/www.europesays.com\/fr\/1161857\/"},"modified":"2026-09-01T22:46:18","modified_gmt":"2026-09-01T22:46:18","slug":"violences-sexuelles-le-choix-de-lapaisement-face-aux-accusations-patrick-bruel-annule-sa-tournee","status":"publish","type":"post","link":"https:\/\/www.europesays.com\/fr\/1161857\/","title":{"rendered":"Violences sexuelles. \u00ab\u00a0Le choix de l&rsquo;apaisement\u00a0\u00bb\u00a0: face aux accusations, Patrick Bruel annule sa tourn\u00e9e"},"content":{"rendered":"<p>La pression \u00e9tait trop forte. <a href=\"https:\/\/www.ledauphine.com\/p\/patrick-bruel\" target=\"_blank\" rel=\"nofollow noopener\">Patrick Bruel<\/a> a annonc\u00e9 ce mardi en fin de journ\u00e9e, directement sur son compte Instagram, l\u2019annulation compl\u00e8te de sa <a href=\"https:\/\/www.ledauphine.com\/faits-divers-justice\/2026\/09\/01\/culture-loisirs\/2026\/08\/27\/tournee-de-patrick-bruel-maires-prefets-programmateurs-peuvent-ils-annuler-ses-concerts\" target=\"_blank\" rel=\"nofollow noopener\">tourn\u00e9e Alors regarde 35 qui devait d\u00e9buter le 2\u00a0octobre \u00e0 Chartres<\/a>. Baptis\u00e9e du nom de l\u2019un des titres phares du chanteur sorti en 1989, elle devait compter 35 dates, dont une \u00e0 Bruxelles et une \u00e0 Gen\u00e8ve. \u00ab\u00a0J\u2019ai profond\u00e9ment souhait\u00e9 que cette tourn\u00e9e puisse avoir lieu\u00a0\u00bb, a \u00e9crit l\u2019artiste de 67 ans, \u00ab\u00a0mais je constate qu\u2019aujourd\u2019hui, cette tourn\u00e9e est devenue autre chose. Elle est devenue l\u2019incarnation d\u2019un d\u00e9bat qui la d\u00e9passe. J\u2019ai donc pris la d\u00e9cision d\u2019annuler ces concerts\u00a0\u00bb.<\/p>\n<p>En juin dernier, au terme de 48 heures de garde \u00e0 vue dans les locaux de la police judiciaire parisienne, Patrick Bruel a \u00e9t\u00e9 mis en examen \u00e0 Nanterre pour quatre infractions \u00e0 caract\u00e8re sexuel, dont un viol et une tentative de viol. Il a \u00e9t\u00e9 plac\u00e9 sous le statut, plus favorable, de t\u00e9moin assist\u00e9 pour quatre autres. Il avait surtout \u00e9chapp\u00e9 \u00e0 la d\u00e9tention provisoire, requise par le parquet. Plac\u00e9 sous contr\u00f4le judiciaire, il doit toutefois composer avec un certain nombre d\u2019obligations, dont celle de justifier de soins psychologiques, mais il ne lui est pas interdit de se produire sur sc\u00e8ne. Fin juillet, Patrick Bruel a m\u00eame b\u00e9n\u00e9fici\u00e9 d\u2019un all\u00e8gement de son contr\u00f4le judiciaire, puisqu\u2019il a pu r\u00e9cup\u00e9rer son passeport &#8211; qu\u2019il avait initialement d\u00fb remettre \u00e0 la justice &#8211; et <a href=\"https:\/\/www.ledauphine.com\/faits-divers-justice\/2026\/08\/15\/affaire-patrick-bruel-son-controle-judiciaire-assoupli-le-chanteur-peut-voyager-a-l-etranger\" target=\"_blank\" rel=\"nofollow noopener\">donc la possibilit\u00e9 de voyager \u00e0 l\u2019\u00e9tranger<\/a>.<\/p>\n<p>Ce contenu est bloqu\u00e9 car vous n&rsquo;avez pas accept\u00e9 les cookies et autres traceurs.<\/p>\n<p>En cliquant sur \u00ab J\u2019accepte \u00bb, les cookies et autres traceurs seront d\u00e9pos\u00e9s et vous pourrez visualiser les contenus  (<a href=\"\" class=\"consentModule_policy\" target=\"_blank\" title=\"Consulter la politique de protection des donn\u00e9es du fournisseur\">plus d&rsquo;informations<\/a>).<\/p>\n<p>En cliquant sur \u00ab J\u2019accepte tous les cookies \u00bb, vous autorisez des d\u00e9p\u00f4ts de cookies et autres traceurs pour le stockage de vos donn\u00e9es sur nos sites et applications \u00e0 des fins de personnalisation et de ciblage publicitaire.<\/p>\n<p class=\"consentModule_secondaryText\">Vous gardez la possibilit\u00e9 de retirer votre consentement \u00e0 tout moment en consultant notre <a href=\"https:\/\/www.ledauphine.com\/protection-des-donnees\" target=\"_blank\" title=\"Consulter notre politique de protection des donn\u00e9es\" rel=\"nofollow noopener\">politique de protection des donn\u00e9es<\/a>. <br \/>&#13;<br \/>\n            <a href=\"https:\/\/www.ledauphine.com\/faits-divers-justice\/2026\/09\/01\/javascript:Didomi.notice.show()\" class=\"consentModule_cmp\" rel=\"nofollow noopener\" target=\"_blank\">G\u00e9rer mes choix<\/a>&#13;\n        <\/p>\n<p>&#13;<br \/>\n                        J&rsquo;accepte&#13;<br \/>\n            J&rsquo;accepte tous les cookies&#13;\n        <\/p>\n<p>  \u00ab\u00a0Je suis triste et en col\u00e8re mais peut-\u00eatre aussi un peu soulag\u00e9e\u00a0\u00bb<\/p>\n<p>Depuis, le chanteur ne s\u2019est pas exprim\u00e9, et maintenu sa tourn\u00e9e malgr\u00e9 <a href=\"https:\/\/www.ledauphine.com\/culture-loisirs\/2026\/08\/22\/il-n-est-pas-le-bienvenu-patrick-bruel-appele-par-plusieurs-maires-a-annuler-sa-tournee\" target=\"_blank\" rel=\"nofollow noopener\">plusieurs appels \u00e0 ce qu\u2019il renonce \u00e0 ces concerts<\/a>. \u00c0 d\u00e9faut d\u2019avoir la capacit\u00e9 l\u00e9gale de l\u2019interdire de se produire, un certain nombre de maires de villes qui l\u2019attendaient cet automne ont ainsi souhait\u00e9 qu\u2019il annule sa venue. \u00ab\u00a0Au regard du nombre de plaintes et de la gravit\u00e9 des faits d\u00e9nonc\u00e9, un\u00a0retrait de l\u2019artiste appara\u00eet d\u00e9sormais n\u00e9cessaire\u00a0\u00bb, \u00e9crivait ainsi il y a quelques jours <a href=\"https:\/\/www.ledauphine.com\/p\/catherine-trautmann\" target=\"_blank\" rel=\"nofollow noopener\">Catherine Trautmann<\/a>, la maire PS de Strasbourg o\u00f9 Patrick Bruel devait clore sa tourn\u00e9e le 21\u00a0novembre. Car les plaintes se sont accumul\u00e9es\u00a0: 32 au total, d\u00e9non\u00e7ant des faits de viol, tentative de viol, agression sexuelle ou harc\u00e8lement sexuel qui doivent \u00eatre examin\u00e9es, notamment au regard d\u2019une \u00e9ventuelle prescription.<\/p>\n<p>\u00ab\u00a0Je suis triste et en col\u00e8re mais peut-\u00eatre aussi un peu soulag\u00e9e\u00a0\u00bb, confie Cl\u00e9o (*), une Suissesse de 50 ans qui avait une place au premier rang pour le concert de Gen\u00e8ve. \u00ab\u00a0Triste parce que je me r\u00e9jouissais de cette tourn\u00e9e anniversaire des 35 ans, moi qui le suis depuis mes huit ans en 1984, lors de la sortie de son premier single. En col\u00e8re car les r\u00e9seaux ont \u201cgagn\u00e9\u201d et parce que des maires, des \u00e9lus, des citoyens lambda, se prennent pour des juges du jour au lendemain et ont cru opportun d\u2019ordonner ce qu\u2019il fallait d\u00e9cider. Et soulag\u00e9e car je n\u2019aurais pas support\u00e9 que des extr\u00e9mistes viennent perturber, g\u00e2cher et stopper les concerts.\u00a0\u00bb Elle-m\u00eame victime de violences sexuelles par le pass\u00e9, elle assure n\u2019avoir \u00ab\u00a0jamais souhait\u00e9 que [s]es agresseurs soient emp\u00each\u00e9s d\u2019exercer leur travail\u00a0\u00bb et estime en outre que \u00ab\u00a0la pr\u00e9somption d\u2019innocence n\u2019est plus respect\u00e9e\u00a0\u00bb.<\/p>\n<p>  \u00ab\u00a0Une question de d\u00e9cence\u00a0\u00bb<\/p>\n<p>\u00ab <a href=\"https:\/\/www.ledauphine.com\/culture-loisirs\/2026\/08\/20\/patrick-bruel-maintient-sa-tournee-un-pari-a-plusieurs-dizaines-de-millions-d-euros\" target=\"_blank\" rel=\"nofollow noopener\">L\u2019annulation de cette tourn\u00e9e<\/a> ne constitue ni une victoire ni une d\u00e9faite judiciaire\u00a0\u00bb, a r\u00e9agi Me Myriam Guedj-Benayoun, avocate de plusieurs plaignantes. \u00ab\u00a0Elle ne pr\u00e9juge de rien. Pour mes clientes, l\u2019essentiel est ailleurs\u00a0: l\u2019instruction est en cours et elles continueront \u00e0 y participer avec confiance, dignit\u00e9 et d\u00e9termination.\u00a0\u00bb Pour Karine Viseur, qui accuse Patrick Bruel d\u2019une tentative de viol en 2010 \u00e0 Bruxelles, \u00ab\u00a0ce pas de c\u00f4t\u00e9 n\u2019\u00e9tait pas une option, il \u00e9tait une n\u00e9cessit\u00e9. Une question de d\u00e9cence, de responsabilit\u00e9 et, surtout, de respect envers les victimes. \u00c0 un moment donn\u00e9, il faut savoir entendre leur parole, mesurer ce qu\u2019elles traversent et leur accorder la consid\u00e9ration qu\u2019elles m\u00e9ritent.\u00a0\u00bb<\/p>\n<p>\u00ab\u00a0Je me battrai, je me d\u00e9fendrai pour que mon innocence soit reconnue\u00a0\u00bb, affirme Patrick Bruel. Selon lui, \u00ab\u00a0seule la justice dira la v\u00e9rit\u00e9 de ces affaires\u00a0\u00bb et sa d\u00e9cision d\u2019annuler sa tourn\u00e9e est \u00ab\u00a0le choix de l\u2019apaisement\u00a0\u00bb. Mais l\u2019artiste assure \u00e9galement \u00ab\u00a0poursuivre une r\u00e9flexion personnelle, profonde, et entendre certaines choses\u00a0\u00bb. Faut-il y voir un d\u00e9but de repentance\u00a0? \u00ab\u00a0Je crois qu\u2019il faut \u00eatre tr\u00e8s clair\u00a0: mes clientes n\u2019attendent pas d\u2019\u00eatre entendues par Patrick Bruel. Elles attendent d\u2019\u00eatre entendues par la justice\u00a0\u00bb, tacle Me Guedj-Benayoun.<\/p>\n<p class=\"note\">(*) Le pr\u00e9nom a \u00e9t\u00e9 modifi\u00e9.<\/p>\n<p class=\"insetTitle\">3919 &#8211; Violences femmes info<\/p>\n<p>Un num\u00e9ro d&rsquo;appel national, le\u00a0<strong>3919<\/strong>, est d\u00e9di\u00e9 \u00e0 l&rsquo;\u00e9coute et \u00e0 l&rsquo;orientation des femmes victimes de violence. Appel gratuit et anonyme, service accessible 24h\/24 et 7 jours sur 7.<\/p>\n","protected":false},"excerpt":{"rendered":"La pression \u00e9tait trop forte. Patrick Bruel a annonc\u00e9 ce mardi en fin de journ\u00e9e, directement sur son&hellip;\n","protected":false},"author":2,"featured_media":1161858,"comment_status":"","ping_status":"","sticky":false,"template":"","format":"standard","meta":{"footnotes":"","_share_on_mastodon":"0"},"categories":[8],"tags":[5509,271,1687,272,58,7001,59,274,107,1011,27,329,16205,2428,873,2429,5508],"class_list":["post-1161857","post","type-post","status-publish","format-standard","has-post-thumbnail","category-divertissement","tag-chambery","tag-crime","tag-culture-loisirs","tag-delit-et-contravention","tag-divertissement","tag-edition-chambery-aix-les-bains","tag-entertainment","tag-faits-divers-justice","tag-fil-info","tag-fr","tag-france","tag-france-monde","tag-lisle-sur-la-sorgue","tag-lyon","tag-musique","tag-rhone","tag-savoie"],"share_on_mastodon":{"url":"https:\/\/pubeurope.com\/@fr\/117198218185443835","error":""},"_links":{"self":[{"href":"https:\/\/www.europesays.com\/fr\/wp-json\/wp\/v2\/posts\/1161857","targetHints":{"allow":["GET"]}}],"collection":[{"href":"https:\/\/www.europesays.com\/fr\/wp-json\/wp\/v2\/posts"}],"about":[{"href":"https:\/\/www.europesays.com\/fr\/wp-json\/wp\/v2\/types\/post"}],"author":[{"embeddable":true,"href":"https:\/\/www.europesays.com\/fr\/wp-json\/wp\/v2\/users\/2"}],"replies":[{"embeddable":true,"href":"https:\/\/www.europesays.com\/fr\/wp-json\/wp\/v2\/comments?post=1161857"}],"version-history":[{"count":0,"href":"https:\/\/www.europesays.com\/fr\/wp-json\/wp\/v2\/posts\/1161857\/revisions"}],"wp:featuredmedia":[{"embeddable":true,"href":"https:\/\/www.europesays.com\/fr\/wp-json\/wp\/v2\/media\/1161858"}],"wp:attachment":[{"href":"https:\/\/www.europesays.com\/fr\/wp-json\/wp\/v2\/media?parent=1161857"}],"wp:term":[{"taxonomy":"category","embeddable":true,"href":"https:\/\/www.europesays.com\/fr\/wp-json\/wp\/v2\/categories?post=1161857"},{"taxonomy":"post_tag","embeddable":true,"href":"https:\/\/www.europesays.com\/fr\/wp-json\/wp\/v2\/tags?post=1161857"}],"curies":[{"name":"wp","href":"https:\/\/api.w.org\/{rel}","templated":true}]}}