{"id":1161863,"date":"2026-09-01T22:50:28","date_gmt":"2026-09-01T22:50:28","guid":{"rendered":"https:\/\/www.europesays.com\/fr\/1161863\/"},"modified":"2026-09-01T22:50:28","modified_gmt":"2026-09-01T22:50:28","slug":"drones-retrouves-a-laeroport-de-leipzig-lallemagne-accuse-formellement-la-russie","status":"publish","type":"post","link":"https:\/\/www.europesays.com\/fr\/1161863\/","title":{"rendered":"Drones retrouv\u00e9s \u00e0 l&rsquo;a\u00e9roport de Leipzig : l&rsquo;Allemagne accuse formellement la Russie"},"content":{"rendered":"<ul class=\"jsx-25100651 ArticleChapo__List\">\n<li class=\"jsx-25100651 ArticleChapo__List_Item flex\">Au d\u00e9but du mois d&rsquo;ao\u00fbt, deux drones avaient \u00e9t\u00e9 retrouv\u00e9s \u00e0 l&rsquo;a\u00e9roport de Leipzig, dont au moins un charg\u00e9 d&rsquo;explosifs.<\/li>\n<li class=\"jsx-25100651 ArticleChapo__List_Item flex\">Apr\u00e8s plusieurs semaines d&rsquo;enqu\u00eate, Berlin accuse formellement Moscou d&rsquo;\u00eatre derri\u00e8re cette op\u00e9ration.<\/li>\n<li class=\"jsx-25100651 ArticleChapo__List_Item flex\">L&rsquo;UE et l&rsquo;Otan ont aussit\u00f4t exprim\u00e9 leur solidarit\u00e9 face \u00e0 ce qui est d\u00e9sormais consid\u00e9r\u00e9 comme une attaque hybride russe.<\/li>\n<\/ul>\n<p><a href=\"https:\/\/www.tf1info.fr\/actualite\/invasion-de-l-ukraine-par-la-russie-une-guerre-qui-dure-12951\/\" rel=\"nofollow noopener\" class=\"jsx-2067374227 Link jsx-2275206292 jsx-2398283886\" target=\"_blank\"><\/p>\n<p style=\"font-weight:400\" class=\"jsx-3580589320\">Suivez la couverture compl\u00e8te<\/p>\n<p style=\"font-weight:800\" class=\"jsx-3580589320\">Ukraine : la guerre entre dans sa 5\u1d49 ann\u00e9e<\/p>\n<p><\/a><a href=\"https:\/\/www.google.com\/preferences\/source?q=tf1info.fr\" class=\"jsx-2150648137 jsx-976369737 ActionButton ActionButton--withBorder\" rel=\"nofollow noopener\" target=\"_blank\"><\/p>\n<p> Ajoutez TF1info \u00e0 vos sources sur Google <\/p>\n<p><\/a><\/p>\n<p id=\"body-_R_17v7tm_-block-6\" data-module=\"article-paragraph\" class=\"jsx-2921227388 Paragraph\">L&rsquo;Allemagne rend la Russie \u00ab\u00a0responsable\u00a0\u00bb de \u00ab\u00a0l&rsquo;attaque hybride\u00a0\u00bb men\u00e9e selon elle avec un <a href=\"https:\/\/www.tf1info.fr\/international\/allemagne-drone-piege-collision-avec-un-avion-ce-que-l-on-sait-de-l-incident-a-l-aeroport-de-leipzig-hub-strategique-pour-l-ukraine-2456959.html\" rel=\"nofollow noopener\" target=\"_blank\">drone charg\u00e9 d&rsquo;explosifs<\/a> d\u00e9but ao\u00fbt \u00e0 l&rsquo;a\u00e9roport de Leipzig, une plateforme cl\u00e9 pour l&rsquo;arm\u00e9e allemande, l&rsquo;Otan et le soutien logistique \u00e0 l&rsquo;Ukraine, a affirm\u00e9 ce mardi 31 ao\u00fbt le ministre allemand de l&rsquo;Int\u00e9rieur. \u00ab\u00a0Dans l&rsquo;ensemble, les enqu\u00eates polici\u00e8res, les modes op\u00e9ratoires et les informations des services de renseignement d\u00e9montrent une responsabilit\u00e9 russe dans la tentative d&rsquo;attentat \u00e0 l&rsquo;a\u00e9roport de Leipzig\u00a0\u00bb, a d\u00e9clar\u00e9 Alexander Dobrindt lors d&rsquo;une courte d\u00e9claration.<\/p>\n<p data-module=\"article-paragraph\" class=\"jsx-2921227388 Paragraph Paragraph__End\">Dans la foul\u00e9e, le minist\u00e8re allemand des Affaires \u00e9trang\u00e8res, Johann Wadephul, a annonc\u00e9 la fermeture du dernier consulat russe du pays, \u00e0 Bonn, et d&rsquo;un centre culturel russe \u00e0 Berlin. Un peu plus t\u00f4t dans la journ\u00e9e, les journaux Bild et Spiegel avaient annonc\u00e9 que l&rsquo;Allemagne s&rsquo;appr\u00eatait \u00e0 d\u00e9signer formellement Moscou comme responsable de l&rsquo;attaque hybride de Leipzig, au terme de l&rsquo;enqu\u00eate ayant permis de recueillir suffisamment d&rsquo;\u00e9l\u00e9ments en ce sens. Jusqu&rsquo;\u00e0 pr\u00e9sent, Berlin s&rsquo;\u00e9tait content\u00e9 d&rsquo;\u00e9voquer la possible implication de \u00ab\u00a0puissances \u00e9trang\u00e8res\u00a0\u00bb. Le Kremlin <a href=\"https:\/\/www.tf1info.fr\/international\/drone-explosif-a-l-aeroport-de-leipzig-allemagne-la-russie-denonce-une-provocation-montee-de-toutes-pieces-et-accuse-l-ukraine-2457369.html\" rel=\"nofollow noopener\" target=\"_blank\">avait r\u00e9agi \u00e0 l&rsquo;\u00e9poque<\/a> de la d\u00e9couverte, en d\u00e9non\u00e7ant une \u00ab\u00a0provocation\u00a0\u00bb ukrainienne.<\/p>\n<p id=\"body-_R_17v7tm_-block-9\" data-module=\"article-paragraph\" class=\"jsx-2921227388 Paragraph\">La pr\u00e9sidente de la Commission europ\u00e9enne a aussit\u00f4t r\u00e9agi en assurant que l&rsquo;UE se tenait \u00ab\u00a0pleinement aux c\u00f4t\u00e9s\u00a0\u00bb de l&rsquo;Allemagne face \u00e0 \u00ab\u00a0l&rsquo;attaque de la Russie\u00a0\u00bb. \u00ab\u00a0Nous maintiendrons l&rsquo;unit\u00e9 de l&rsquo;UE malgr\u00e9 ces actes graves et de plus en plus fr\u00e9quents\u00a0\u00bb, a plaid\u00e9 Ursula von der Leyen sur le r\u00e9seau social X.\u00a0<\/p>\n<p data-module=\"article-paragraph\" class=\"jsx-2921227388 Paragraph\">Le secr\u00e9taire g\u00e9n\u00e9ral de l&rsquo;Otan a \u00e9galement exprim\u00e9 la \u00ab\u00a0totale solidarit\u00e9\u00a0\u00bb de l&rsquo;Alliance, et promis que celle-ci d\u00e9fendra ses membres contre \u00ab\u00a0toute menace\u00a0\u00bb, apr\u00e8s cette attaque hybride sur le sol allemand. \u00ab\u00a0Les tentatives de la Russie pour nous intimider, pour saper notre unit\u00e9 et notre volont\u00e9 de soutenir l&rsquo;Ukraine sont futiles et vont \u00e9chouer\u00a0\u00bb, a ajout\u00e9 Mark Rutte dans une publication sur X.<\/p>\n<p data-module=\"article-paragraph\" class=\"jsx-2921227388 Paragraph Paragraph__End\">De son c\u00f4t\u00e9, Emmanuel Macron a rappel\u00e9 que \u00ab\u00a0la France est pleinement solidaire de l\u2019Allemagne\u00a0\u00bb, et annonc\u00e9 qu&rsquo;elle \u00ab\u00a0soutient l\u2019adoption de nouvelles sanctions europ\u00e9ennes contre la Russie.\u00a0\u00bb Face \u00e0 cette escalade, nous devons \u00eatre unis, d\u00e9termin\u00e9s et renforcer notre soutien \u00e0 l\u2019Ukraine. La France continuera d&rsquo;y prendre toute sa part\u00a0\u00bb, a conclu le pr\u00e9sident fran\u00e7ais sur X.<\/p>\n<p id=\"body-_R_17v7tm_-block-12\" data-module=\"article-paragraph\" class=\"jsx-2921227388 Paragraph Paragraph__End\">En d\u00e9but de soir\u00e9e, l&rsquo;ambassadeur russe \u00e0 Berlin a condamn\u00e9 les mesures de r\u00e9torsion annonc\u00e9es par l&rsquo;Allemagne. Dans un communiqu\u00e9 publi\u00e9 sur le canal Telegram de l&rsquo;ambassade, Sergue\u00ef Netcha\u00efev a qualifi\u00e9 les \u00ab\u00a0accusations\u00a0\u00bb de Berlin de \u00ab\u00a0non fond\u00e9es, absurdes et contraires au bon sens\u00a0\u00bb, ajoutant que les sanctions constituaient \u00ab\u00a0une escalade sans pr\u00e9c\u00e9dent des relations russo-allemandes et ne seront pas sans cons\u00e9quences\u00a0\u00bb. Interrog\u00e9 lors d&rsquo;une conf\u00e9rence de presse, Vladimir Poutine a estim\u00e9 que les sanctions allemandes annonc\u00e9es sont \u00ab\u00a0une nouvelle erreur\u00a0\u00bb.<\/p>\n<p><a href=\"https:\/\/www.tf1info.fr\/international\/drone-explosif-a-l-aeroport-de-leipzig-allemagne-la-russie-denonce-une-provocation-montee-de-toutes-pieces-et-accuse-l-ukraine-2457369.html\" rel=\"nofollow noopener\" class=\"jsx-958316424 Link flex\" target=\"_blank\"><img decoding=\"async\" src=\"https:\/\/www.europesays.com\/fr\/wp-content\/uploads\/2026\/09\/police-aeroport-leipzig-halle-schkeuditz-07-aout-2026-03bba6-0@1x.jpeg\" alt=\"07 ao\u00fbt 2026, Saxe, Schkeuditz : un policier se tient sur le site de l'a\u00e9roport de Leipzig-Halle.\" loading=\"lazy\" importance=\"low\" fetchpriority=\"low\" class=\"\" copyright=\"SEBASTIAN WILLNOW \/ DPA \/ dpa Picture-Alliance via AFP\" aria-hidden=\"true\"\/><\/p>\n<p class=\"jsx-4054529586 ReadMoreArticle__Title\">Lire aussi<\/p>\n<p class=\"jsx-4054529586\">Drone explosif \u00e0 l&rsquo;a\u00e9roport de Leipzig : la Russie d\u00e9nonce une \u00ab\u00a0provocation mont\u00e9e de toutes pi\u00e8ces\u00a0\u00bb et accuse l&rsquo;Ukraine<\/p>\n<p><\/a><\/p>\n<p id=\"body-_R_17v7tm_-block-14\" data-module=\"article-paragraph\" class=\"jsx-2921227388 Paragraph Paragraph__End\">Dans la nuit du 4 au 5 ao\u00fbt, un drone charg\u00e9 d&rsquo;explosifs avait \u00e9t\u00e9 d\u00e9couvert dans la zone s\u00e9curis\u00e9e des op\u00e9rations de fret de l&rsquo;a\u00e9roport de Leipzig, dans l&rsquo;est du pays, \u00e0 proximit\u00e9 de plusieurs avions-cargos ukrainiens, et un deuxi\u00e8me engin aurait heurt\u00e9 un avion-cargo de DHL quelques minutes plus tard.\u00a0<\/p>\n<p>Attaque hybride : ce qu&rsquo;il s&rsquo;est pass\u00e9 \u00e0 l&rsquo;a\u00e9roport de Leipzig le 4 ao\u00fbt 2026Source : TF1 Info<\/p>\n<p><img decoding=\"async\" src=\"https:\/\/www.europesays.com\/fr\/wp-content\/uploads\/2026\/09\/attaque-hybride-ce-qu-il-s-est-passe-a-l-aeroport-de-leipzig-le-4-aout-2026-39c298-0@1x.jpeg\" alt=\"\" loading=\"lazy\" importance=\"low\" fetchpriority=\"low\" class=\"\"\/><img decoding=\"async\" src=\"https:\/\/www.tf1info.fr\/images\/icons\/player-logo-play.svg\" alt=\"Logo lecture\" class=\"jsx-d0de44c05fe3042c PlayerLazyload__Play\"\/><\/p>\n<p id=\"body-_R_17v7tm_-block-17\" data-module=\"article-paragraph\" class=\"jsx-2921227388 Paragraph Paragraph__End\">Selon des informations de plusieurs m\u00e9dias allemands, l&rsquo;op\u00e9ration de Leipzig pourrait avoir \u00e9t\u00e9 d&rsquo;une ampleur bien plus importante qu&rsquo;initialement connue. Un troisi\u00e8me drone aurait \u00e9t\u00e9 retrouv\u00e9 dix jours plus tard \u00e0 l&rsquo;ouest de l&rsquo;a\u00e9roport, selon ces sources, et une substance pouvant correspondre \u00e0 environ 50 grammes d&rsquo;hexog\u00e8ne, un explosif militaire tr\u00e8s puissant, aurait \u00e9t\u00e9 retrouv\u00e9e sur place.\u00a0<\/p>\n","protected":false},"excerpt":{"rendered":"Au d\u00e9but du mois d&rsquo;ao\u00fbt, deux drones avaient \u00e9t\u00e9 retrouv\u00e9s \u00e0 l&rsquo;a\u00e9roport de Leipzig, dont au moins un&hellip;\n","protected":false},"author":2,"featured_media":1140700,"comment_status":"","ping_status":"","sticky":false,"template":"","format":"standard","meta":{"footnotes":"","_share_on_mastodon":"0"},"categories":[5],"tags":[1111,11,672,1921,5925,1011,27,1922,14,17524,12,136,8200,2543,132,220,101034,364,2544,133,1920,28],"class_list":["post-1161863","post","type-post","status-publish","format-standard","has-post-thumbnail","category-international","tag-actu","tag-actualites","tag-allemagne","tag-article-video","tag-conflits-et-guerre","tag-fr","tag-france","tag-info","tag-international","tag-leipzig","tag-news","tag-otan","tag-politique-et-crise-dun-pays-etranger","tag-relations-internationales","tag-russie","tag-ukraine","tag-ukraine-une-5-annee-de-guerre-et-pas-de-paix-en-vue","tag-union-europeenne","tag-ursula-von-der-leyen","tag-video","tag-video-international","tag-world"],"share_on_mastodon":{"url":"https:\/\/pubeurope.com\/@fr\/117198235573966874","error":""},"_links":{"self":[{"href":"https:\/\/www.europesays.com\/fr\/wp-json\/wp\/v2\/posts\/1161863","targetHints":{"allow":["GET"]}}],"collection":[{"href":"https:\/\/www.europesays.com\/fr\/wp-json\/wp\/v2\/posts"}],"about":[{"href":"https:\/\/www.europesays.com\/fr\/wp-json\/wp\/v2\/types\/post"}],"author":[{"embeddable":true,"href":"https:\/\/www.europesays.com\/fr\/wp-json\/wp\/v2\/users\/2"}],"replies":[{"embeddable":true,"href":"https:\/\/www.europesays.com\/fr\/wp-json\/wp\/v2\/comments?post=1161863"}],"version-history":[{"count":0,"href":"https:\/\/www.europesays.com\/fr\/wp-json\/wp\/v2\/posts\/1161863\/revisions"}],"wp:featuredmedia":[{"embeddable":true,"href":"https:\/\/www.europesays.com\/fr\/wp-json\/wp\/v2\/media\/1140700"}],"wp:attachment":[{"href":"https:\/\/www.europesays.com\/fr\/wp-json\/wp\/v2\/media?parent=1161863"}],"wp:term":[{"taxonomy":"category","embeddable":true,"href":"https:\/\/www.europesays.com\/fr\/wp-json\/wp\/v2\/categories?post=1161863"},{"taxonomy":"post_tag","embeddable":true,"href":"https:\/\/www.europesays.com\/fr\/wp-json\/wp\/v2\/tags?post=1161863"}],"curies":[{"name":"wp","href":"https:\/\/api.w.org\/{rel}","templated":true}]}}