{"id":1161870,"date":"2026-09-01T22:56:19","date_gmt":"2026-09-01T22:56:19","guid":{"rendered":"https:\/\/www.europesays.com\/fr\/1161870\/"},"modified":"2026-09-01T22:56:19","modified_gmt":"2026-09-01T22:56:19","slug":"ce-que-les-clubs-de-la-ligue-2-ont-depense-lors-de-ce-mercato","status":"publish","type":"post","link":"https:\/\/www.europesays.com\/fr\/1161870\/","title":{"rendered":"Ce que les clubs de la Ligue 2 ont d\u00e9pens\u00e9 lors de ce mercato"},"content":{"rendered":"<p><img fetchpriority=\"high\" decoding=\"async\" width=\"620\" height=\"413\" src=\"https:\/\/www.europesays.com\/fr\/wp-content\/uploads\/2025\/04\/Maillots-Ligue-2-1-620x413.jpeg\" alt=\"Ce que les clubs de la Ligue 2 ont d\u00e9pens\u00e9 lors de ce mercato\" class=\"wp-image-344502\"  \/>Les clubs de Ligue 2 ont investi pr\u00e8s de 30 M\u20ac au cumul.<\/p>\n<p>L\u2019antichambre de l\u2019\u00e9lite est comme la <a href=\"https:\/\/sportune.20minutes.fr\/football\/competition\/ligue-1\" rel=\"nofollow noopener\" target=\"_blank\">Ligue 1<\/a>, un championnat \u00e0 plusieurs vitesses et tr\u00e8s in\u00e9galitaire. <a href=\"https:\/\/sportune.20minutes.fr\/les-budgets-des-clubs-de-ligue-2-pour-la-saison-2026-2027-408250\" rel=\"nofollow noopener\" target=\"_blank\">Le classement des budgets<\/a> que nous avons r\u00e9cemment dress\u00e9 \u00e0 <a href=\"https:\/\/sportune.20minutes.fr\/\" target=\"_blank\" rel=\"noopener nofollow\">Sportune<\/a> en est un t\u00e9moignage. Celui des d\u00e9penses sur le march\u00e9 des transferts de l\u2019\u00e9t\u00e9 est un autre indicateur de poids.<\/p>\n<p>L\u2019exception nantaise<\/p>\n<p>Car, au comparatif du classement sportif actuel apr\u00e8s trois journ\u00e9es et des d\u00e9penses de chaque club, l\u2019<a href=\"https:\/\/sportune.20minutes.fr\/football\/equipe\/as-saint-etienne-asse\" rel=\"nofollow noopener\" target=\"_blank\">AS Saint-\u00c9tienne<\/a> devance le <a href=\"https:\/\/sportune.20minutes.fr\/football\/equipe\/stade-de-reims\" rel=\"nofollow noopener\" target=\"_blank\">Stade de Reims<\/a> dans tous les cas de figure. Inversement, le promu <a href=\"https:\/\/sportune.20minutes.fr\/dijon-fco-dfco\" rel=\"nofollow noopener\" target=\"_blank\">Dijon FCO<\/a>, le <a href=\"https:\/\/sportune.20minutes.fr\/football\/equipe\/clermont-foot\" rel=\"nofollow noopener\" target=\"_blank\">Clermont Foot<\/a> et l\u2019<a href=\"https:\/\/sportune.20minutes.fr\/football\/equipe\/us-boulogne\" rel=\"nofollow noopener\" target=\"_blank\">US Boulogne<\/a> comptent parmi les clubs qui n\u2019ont pas pay\u00e9 d\u2019indemnit\u00e9 pour se renforcer.<\/p>\n<p>Il y a bien s\u00fbr toujours une exception qui confirme la r\u00e8gle, jusqu\u2019ici elle est nantaise. C\u2019est encore trop t\u00f4t pour tirer des conclusions, l\u2019avenir dira si l\u2019argent fait ici le bonheur. Et peut-\u00eatre le classement compil\u00e9 ci-dessous \u00e9voluera-t-il en janvier, \u00e0 la cl\u00f4ture de la deuxi\u00e8me fen\u00eatre du mercato, sur un mois en hiver.<\/p>\n<p>Ce que les clubs de la Ligue 2 ont d\u00e9pens\u00e9 lors de ce mercato<\/p>\n<p>AS Saint-\u00c9tienne = 10,35 M\u20ac<br \/>Stade de Reims = 9,88 M\u20ac<br \/>FC Nantes = 5,50 M\u20ac<br \/>FC Metz = 1,30 M\u20ac<br \/>EA Guingamp = 800 K\u20ac<br \/>Montpellier H\u00e9rault SC = 400 K\u20ac<br \/>Rodez AF = 200 K\u20ac<br \/>Pau FC = 200 K\u20ac<br \/>AS Nancy-Lorraine = 150 K\u20ac<br \/>USL Dunkerque = 125 K\u20ac<br \/>Grenoble Foot 38 = 100 K\u20ac<br \/>Red Star FC = 0 \u20ac<br \/>FC Annecy = 0 \u20ac<br \/>Clermont Foot 63 = 0 \u20ac<br \/>US Boulogne = 0 \u20ac<br \/>Stade Lavallois = 0 \u20ac<br \/>Dijon FCO = 0 \u20ac<\/p>\n","protected":false},"excerpt":{"rendered":"Les clubs de Ligue 2 ont investi pr\u00e8s de 30 M\u20ac au cumul. L\u2019antichambre de l\u2019\u00e9lite est comme&hellip;\n","protected":false},"author":2,"featured_media":572,"comment_status":"","ping_status":"","sticky":false,"template":"","format":"standard","meta":{"footnotes":"","_share_on_mastodon":"0"},"categories":[9653],"tags":[1111,11,3703,461,2430,33977,101887,19062,1777,674,20116,8113,462,32330,1011,27,21780,463,12,40800,5416,25,40801,4001,464,40802,969,45541,40803],"class_list":["post-1161870","post","type-post","status-publish","format-standard","has-post-thumbnail","category-saint-etienne","tag-actu","tag-actualites","tag-asnl","tag-asse","tag-auvergne-rhone-alpes","tag-clermont-foot","tag-dfco-dijon","tag-ea-guingamp","tag-eu","tag-europe","tag-fc-annecy","tag-fc-metz","tag-fc-nantes","tag-fc-sochaux","tag-fr","tag-france","tag-gf38","tag-mhsc","tag-news","tag-pau-fc","tag-red-star","tag-republique-francaise","tag-rodez-af","tag-saint-etienne","tag-stade-de-reims","tag-stade-lavallois","tag-transfert","tag-us-boulogne","tag-usl-dunkerque"],"share_on_mastodon":{"url":"https:\/\/pubeurope.com\/@fr\/117198257125316539","error":""},"_links":{"self":[{"href":"https:\/\/www.europesays.com\/fr\/wp-json\/wp\/v2\/posts\/1161870","targetHints":{"allow":["GET"]}}],"collection":[{"href":"https:\/\/www.europesays.com\/fr\/wp-json\/wp\/v2\/posts"}],"about":[{"href":"https:\/\/www.europesays.com\/fr\/wp-json\/wp\/v2\/types\/post"}],"author":[{"embeddable":true,"href":"https:\/\/www.europesays.com\/fr\/wp-json\/wp\/v2\/users\/2"}],"replies":[{"embeddable":true,"href":"https:\/\/www.europesays.com\/fr\/wp-json\/wp\/v2\/comments?post=1161870"}],"version-history":[{"count":0,"href":"https:\/\/www.europesays.com\/fr\/wp-json\/wp\/v2\/posts\/1161870\/revisions"}],"wp:featuredmedia":[{"embeddable":true,"href":"https:\/\/www.europesays.com\/fr\/wp-json\/wp\/v2\/media\/572"}],"wp:attachment":[{"href":"https:\/\/www.europesays.com\/fr\/wp-json\/wp\/v2\/media?parent=1161870"}],"wp:term":[{"taxonomy":"category","embeddable":true,"href":"https:\/\/www.europesays.com\/fr\/wp-json\/wp\/v2\/categories?post=1161870"},{"taxonomy":"post_tag","embeddable":true,"href":"https:\/\/www.europesays.com\/fr\/wp-json\/wp\/v2\/tags?post=1161870"}],"curies":[{"name":"wp","href":"https:\/\/api.w.org\/{rel}","templated":true}]}}