{"id":1161875,"date":"2026-09-01T23:01:15","date_gmt":"2026-09-01T23:01:15","guid":{"rendered":"https:\/\/www.europesays.com\/fr\/1161875\/"},"modified":"2026-09-01T23:01:15","modified_gmt":"2026-09-01T23:01:15","slug":"apres-38-ans-de-carriere-dont-les-deux-derniers-comme-prefet-maritime-de-la-mediterranee-le-vice-amiral-descadre-christophe-lucas-a-fait-ses-adieux-a-la-marine","status":"publish","type":"post","link":"https:\/\/www.europesays.com\/fr\/1161875\/","title":{"rendered":"Apr\u00e8s 38\u00a0ans de carri\u00e8re, dont les deux derniers comme pr\u00e9fet maritime de la M\u00e9diterran\u00e9e, le vice-amiral d\u2019escadre Christophe Lucas a fait ses adieux \u00e0 la Marine"},"content":{"rendered":"<p>\u00ab\u00a0Derri\u00e8re chaque grand homme se cache une femme\u00a0\u00bb, dit le proverbe. \u00c0 l\u2019heure de quitter d\u00e9finitivement la <a target=\"_blank\" rel=\"noopener noreferrer nofollow\" href=\"https:\/\/lamarinerecrute.gouv.fr\/\">Marine nationale<\/a>, le vice-amiral d\u2019escadre Christophe Lucas, pr\u00e9fet maritime de la <strong>M\u00e9diterran\u00e9e<\/strong> entre le 1er\u00a0septembre 2024\u00a0et le 31\u00a0juillet 2026, n\u2019a pas manqu\u00e9 d\u2019avoir une pens\u00e9e pour son \u00e9pouse Laurence &#8211; \u00ab\u00a0mon roc, celle qui m\u2019a permis de garder les pieds sur terre, m\u00eame si ce n\u2019est pas facile pour un marin\u00a0\u00bb.<\/p>\n<p>L\u2019\u00e9vocation de sa famille lors de son discours d\u2019adieu aux armes lundi 31\u00a0ao\u00fbt est peut-\u00eatre le seul moment o\u00f9 l\u2019ancien pr\u00e9fet maritime de la M\u00e9diterran\u00e9e a laiss\u00e9 transpara\u00eetre son \u00e9motion. Car, comme il le confie, \u00ab\u00a0m\u00eame si dire adieu n\u2019est jamais simple [\u2026] on ne va pas pleurer parce que c\u2019est fini, mais on va sourire parce que c\u2019est arriv\u00e9\u00a0\u00bb.<\/p>\n<p class=\"fs-5 \">Rien d\u2019\u00e9tonnant tant le vice-amiral d\u2019escadre Christophe Lucas s\u2019est \u00e9panoui au sein de la Marine nationale. \u00ab\u00a0Durant mes 38\u00a0ann\u00e9es, j\u2019ai tout aim\u00e9. La Marine m\u2019a offert tout ce que je souhaitais mais aussi tout ce que je n\u2019imaginais pas, en me permettant de lier de la plus belle fa\u00e7on qui soit mes deux passions que sont l\u2019a\u00e9ronautique et la mer\u00a0\u00bb, affirme-t-il. Et l\u2019ancien pilote de l\u2019a\u00e9ronautique navale de se rappeler avec gourmandise son 1er vol solo de nuit en Fouga Magister, ses premiers vols op\u00e9rationnels comme pilote sur Atlantique 2, ou encore les plong\u00e9es \u00e0 Toulon avec les nageurs de combat du commando Hubert.<\/p>\n<p class=\"fs-5 \">Comme le souligne l\u2019amiral Eric Janicot, son camarade de promotion, actuel inspecteur g\u00e9n\u00e9ral des Arm\u00e9es-Marine, le VAE Lucas est \u00ab\u00a0d\u00e9cid\u00e9ment un officier g\u00e9n\u00e9ral complet\u00a0\u00bb. Mais on s\u2019en doute, ses qualit\u00e9s ne se limitent pas \u00e0 son seul go\u00fbt pour les sensations fortes. \u00ab\u00a0Tu auras \u00e9cum\u00e9 les \u00e9tats-majors o\u00f9 tu te distingues par ton \u00e9nergie sans limite, ton imagination, ta rigueur et ta profonde humanit\u00e9\u00a0\u00bb, insiste encore l\u2019amiral Janicot qui pr\u00e9sidait la c\u00e9r\u00e9monie.<\/p>\n<p class=\"fs-5 \">L\u2019amiral Christophe Lucas a mis un terme \u00e0 38\u00a0ans de carri\u00e8re par la phrase rituelle\u00a0: \u00ab\u00a0termin\u00e9 barre et machine\u00a0\u00bb. Mais en r\u00e9alit\u00e9, il n\u2019en a pas vraiment termin\u00e9 avec la Marine puisque comme le glisse l\u2019amiral Eric Janicot, il va \u00ab\u00a0continuer \u00e0 porter la voix de la Marine en particulier au sein du Haut Comit\u00e9 d\u2019\u00e9valuation de la condition des militaires\u00a0\u00bb.<\/p>\n","protected":false},"excerpt":{"rendered":"\u00ab\u00a0Derri\u00e8re chaque grand homme se cache une femme\u00a0\u00bb, dit le proverbe. \u00c0 l\u2019heure de quitter d\u00e9finitivement la Marine&hellip;\n","protected":false},"author":2,"featured_media":1161876,"comment_status":"","ping_status":"","sticky":false,"template":"","format":"standard","meta":{"footnotes":"","_share_on_mastodon":"0"},"categories":[9619],"tags":[1111,11,1777,674,1011,27,6128,12,882,25,2310],"class_list":["post-1161875","post","type-post","status-publish","format-standard","has-post-thumbnail","category-toulon","tag-actu","tag-actualites","tag-eu","tag-europe","tag-fr","tag-france","tag-marine","tag-news","tag-provence-alpes-cote-dazur","tag-republique-francaise","tag-toulon"],"share_on_mastodon":{"url":"https:\/\/pubeurope.com\/@fr\/117198277008641610","error":""},"_links":{"self":[{"href":"https:\/\/www.europesays.com\/fr\/wp-json\/wp\/v2\/posts\/1161875","targetHints":{"allow":["GET"]}}],"collection":[{"href":"https:\/\/www.europesays.com\/fr\/wp-json\/wp\/v2\/posts"}],"about":[{"href":"https:\/\/www.europesays.com\/fr\/wp-json\/wp\/v2\/types\/post"}],"author":[{"embeddable":true,"href":"https:\/\/www.europesays.com\/fr\/wp-json\/wp\/v2\/users\/2"}],"replies":[{"embeddable":true,"href":"https:\/\/www.europesays.com\/fr\/wp-json\/wp\/v2\/comments?post=1161875"}],"version-history":[{"count":0,"href":"https:\/\/www.europesays.com\/fr\/wp-json\/wp\/v2\/posts\/1161875\/revisions"}],"wp:featuredmedia":[{"embeddable":true,"href":"https:\/\/www.europesays.com\/fr\/wp-json\/wp\/v2\/media\/1161876"}],"wp:attachment":[{"href":"https:\/\/www.europesays.com\/fr\/wp-json\/wp\/v2\/media?parent=1161875"}],"wp:term":[{"taxonomy":"category","embeddable":true,"href":"https:\/\/www.europesays.com\/fr\/wp-json\/wp\/v2\/categories?post=1161875"},{"taxonomy":"post_tag","embeddable":true,"href":"https:\/\/www.europesays.com\/fr\/wp-json\/wp\/v2\/tags?post=1161875"}],"curies":[{"name":"wp","href":"https:\/\/api.w.org\/{rel}","templated":true}]}}