{"id":1161881,"date":"2026-09-01T23:06:18","date_gmt":"2026-09-01T23:06:18","guid":{"rendered":"https:\/\/www.europesays.com\/fr\/1161881\/"},"modified":"2026-09-01T23:06:18","modified_gmt":"2026-09-01T23:06:18","slug":"info-foot-national-valenciennes-se-fait-preter-junior-ndiaye-montpellier-fin-de-la-piste-angel-yondjo-matah-losc","status":"publish","type":"post","link":"https:\/\/www.europesays.com\/fr\/1161881\/","title":{"rendered":"Info Foot-National : Valenciennes se fait pr\u00eater Junior Ndiaye (Montpellier), fin de la piste Angel Yondjo Matah (LOSC)"},"content":{"rendered":"<p>De quoi cl\u00f4turer son mercato. Treizi\u00e8me de Ligue 3 apr\u00e8s une seule victoire en quatre journ\u00e9es, Valenciennes \u00e9tait \u00e0 la recherche d&rsquo;une bonne affaire en ce mardi 1er septembre. Selon nos informations, le VAFC a trouv\u00e9 un accord avec Montpellier pour le pr\u00eat de Junior Ndiaye. Jamais apparu en Ligue 2 cette saison, l\u2019international Espoirs \u00e9mirati \u00e9tait \u00e9galement convoit\u00e9 par Dijon et l\u2019US Boulogne. Le DFCO et l\u2019USBCO n\u2019ont toutefois pas r\u00e9ussi \u00e0 s&rsquo;entendre avec le club h\u00e9raultais pour la venue de l\u2019avant-centre de 21 ans.<\/p>\n<p><b>Valenciennes a tent\u00e9 le coup Yondjo<\/b><b\/><\/p>\n<p>Une aubaine pour le club du Hainaut, qui avait explor\u00e9 une autre piste offensive avant de saisir l\u2019opportunit\u00e9 Ndiaye. Valenciennes s\u2019\u00e9tait d\u2019abord int\u00e9ress\u00e9 \u00e0 Angel Yondjo Matah, jeune espoir du LOSC. D\u00e9j\u00e0 international camerounais \u00e0 seulement 19 ans, l\u2019attaquant ne rejoindra pas le VAFC, faute d&rsquo;accord entre les deux clubs nordistes.<\/p>\n<p>Partagez cette info avec vos amis et vos proches en cliquant ici<br \/>Pour r\u00e9sumer<\/p>\n<p>De quoi cl\u00f4turer son mercato. Treizi\u00e8me de Ligue 3 apr\u00e8s une seule victoire en quatre journ\u00e9es, Valenciennes \u00e9tait \u00e0 la recherche d&rsquo;une bonne affaire en ce mardi 1er septembre. Selon nos informations, le VAFC a trouv\u00e9 un accord avec Montpellier pour le pr\u00eat de Junior Ndiaye.<\/p>\n<p> <img decoding=\"async\" width=\"76\" height=\"76\" loading=\"lazy\" src=\"https:\/\/static.wui.fr\/images_v3\/avatar-footnational.png\" alt=\"Youcef Ghalaza-Boudra\"\/><\/p>\n","protected":false},"excerpt":{"rendered":"De quoi cl\u00f4turer son mercato. Treizi\u00e8me de Ligue 3 apr\u00e8s une seule victoire en quatre journ\u00e9es, Valenciennes \u00e9tait&hellip;\n","protected":false},"author":2,"featured_media":1161882,"comment_status":"","ping_status":"","sticky":false,"template":"","format":"standard","meta":{"footnotes":"","_share_on_mastodon":"0"},"categories":[9599],"tags":[1111,11,1777,674,1011,27,59995,71739,110512,111284,2208,12,2680,25],"class_list":["post-1161881","post","type-post","status-publish","format-standard","has-post-thumbnail","category-montpellier","tag-actu","tag-actualites","tag-eu","tag-europe","tag-fr","tag-france","tag-ligue-2-actus","tag-ligue-2-mercato","tag-ligue-3-actus","tag-ligue-3-mercato","tag-montpellier","tag-news","tag-occitanie","tag-republique-francaise"],"share_on_mastodon":{"url":"https:\/\/pubeurope.com\/@fr\/117198298623220675","error":""},"_links":{"self":[{"href":"https:\/\/www.europesays.com\/fr\/wp-json\/wp\/v2\/posts\/1161881","targetHints":{"allow":["GET"]}}],"collection":[{"href":"https:\/\/www.europesays.com\/fr\/wp-json\/wp\/v2\/posts"}],"about":[{"href":"https:\/\/www.europesays.com\/fr\/wp-json\/wp\/v2\/types\/post"}],"author":[{"embeddable":true,"href":"https:\/\/www.europesays.com\/fr\/wp-json\/wp\/v2\/users\/2"}],"replies":[{"embeddable":true,"href":"https:\/\/www.europesays.com\/fr\/wp-json\/wp\/v2\/comments?post=1161881"}],"version-history":[{"count":0,"href":"https:\/\/www.europesays.com\/fr\/wp-json\/wp\/v2\/posts\/1161881\/revisions"}],"wp:featuredmedia":[{"embeddable":true,"href":"https:\/\/www.europesays.com\/fr\/wp-json\/wp\/v2\/media\/1161882"}],"wp:attachment":[{"href":"https:\/\/www.europesays.com\/fr\/wp-json\/wp\/v2\/media?parent=1161881"}],"wp:term":[{"taxonomy":"category","embeddable":true,"href":"https:\/\/www.europesays.com\/fr\/wp-json\/wp\/v2\/categories?post=1161881"},{"taxonomy":"post_tag","embeddable":true,"href":"https:\/\/www.europesays.com\/fr\/wp-json\/wp\/v2\/tags?post=1161881"}],"curies":[{"name":"wp","href":"https:\/\/api.w.org\/{rel}","templated":true}]}}