{"id":1161893,"date":"2026-09-01T23:16:03","date_gmt":"2026-09-01T23:16:03","guid":{"rendered":"https:\/\/www.europesays.com\/fr\/1161893\/"},"modified":"2026-09-01T23:16:03","modified_gmt":"2026-09-01T23:16:03","slug":"vivre-septembre-a-strasbourg-17-evenements-a-ne-pas-manquer-pour-une-rentree-tres-coloree","status":"publish","type":"post","link":"https:\/\/www.europesays.com\/fr\/1161893\/","title":{"rendered":"Vivre septembre \u00e0 Strasbourg : 17 \u00e9v\u00e9nements \u00e0 ne pas manquer pour une rentr\u00e9e tr\u00e8s color\u00e9e"},"content":{"rendered":"<p><b>Driiiing\u2026 Plus que le r\u00e9veil : c\u2019est la rentr\u00e9e qui te sonne les cloches. L\u2019agenda se blinde d\u00e9j\u00e0 de rendez-vous, et t\u2019en vois d\u00e9j\u00e0 plus le bout\u2026 On en oublierait presque qu\u2019il nous reste quelques instants pour profiter de l\u2019\u00e9t\u00e9. Et si on t\u2019y calait aussi de quoi rendre ton mois de septembre plus tendre ? Des teufs, des open airs, des spectacles, du bingo, du v\u00e9lo, des brocantes, et m\u00eame de quoi rendre ta rentr\u00e9e militante.<\/b><\/p>\n<p>Les rappels de l&rsquo;agenda<\/p>\n<p>Nouvelle ann\u00e9e, nouvelle rubrique : avant d\u2019attaquer les nouveaut\u00e9s, on te fait un rappel des annonces de l\u2019\u00e9t\u00e9. On d\u00e9marre avec <a href=\"https:\/\/pokaa.fr\/2026\/08\/30\/food-trucks-et-concerts-gratuits-des-mercredi-la-rentree-se-fete-sur-le-campus-de-strasbourg\/\" target=\"_blank\" rel=\"noopener nofollow\"><b>Campus Alternatif<\/b><\/a>, pour secouer ta rentr\u00e9e ! <b>Un \u00e9v\u00e9nement musical gratos et festif <\/b>ouvert \u00e0 tous et toutes, qui s\u2019installe au pied des facs, les <b>mercredi 2 et jeudi 3 septembre<\/b>.<\/p>\n<p>Le retour de <a href=\"https:\/\/pokaa.fr\/2026\/08\/29\/des-samedi-spectacles-et-ateliers-gratuits-sinstallent-au-pied-de-la-cathedrale-de-strasbourg\/\" target=\"_blank\" rel=\"noopener nofollow\"><strong>StrasCulture<\/strong><\/a>,\u00a0\u00ab la grande f\u00eate de la rentr\u00e9e culturelle \u00e0 Strasbourg \u00bb,\u00a0o\u00f9 <strong>\u00e0 l\u2019ombre de la cath\u00e9drale<\/strong>, plus de 120 structures culturelles et pratiques artistiques t\u2019aideront \u00e0 construire ton agenda de sorties 2026-2027. Le<strong> samedi 4 septembre<\/strong>, retrouves-y<strong> spectacles gratuits, animations et stands<\/strong>.<\/p>\n<p>                <img width=\"750\" height=\"500\" src=\"https:\/\/www.europesays.com\/fr\/wp-content\/uploads\/2026\/09\/2023-09-07-ca-web-teona-goreci-30-750x500.jpg\" class=\"attachment-gallery size-gallery\" alt=\"Campus Alternatif\" data-full-url=\"https:\/\/pokaa.fr\/wp-content\/uploads\/2026\/08\/17\/2023-09-07-ca-web-teona-goreci-30.jpg\" decoding=\"async\" loading=\"lazy\"  \/>            <\/p>\n<p>                <img width=\"750\" height=\"500\" src=\"https:\/\/www.europesays.com\/fr\/wp-content\/uploads\/2026\/09\/2023-09-07-ca-web-teona-goreci-11-750x500.jpg\" class=\"attachment-gallery size-gallery\" alt=\"Campus Alternatif\" data-full-url=\"https:\/\/pokaa.fr\/wp-content\/uploads\/2026\/08\/17\/2023-09-07-ca-web-teona-goreci-11.jpg\" decoding=\"async\" loading=\"lazy\"  \/>            <\/p>\n<p>                <img width=\"750\" height=\"500\" src=\"https:\/\/www.europesays.com\/fr\/wp-content\/uploads\/2025\/09\/stp6479-0x1080-1-750x500.jpg\" class=\"attachment-gallery size-gallery\" alt=\"Strasculture + bibliobus\" data-full-url=\"https:\/\/pokaa.fr\/wp-content\/uploads\/2025\/08\/28\/stp6479-0x1080-1.jpg\" decoding=\"async\" loading=\"lazy\"  \/>            <\/p>\n<p>                <img width=\"750\" height=\"500\" src=\"https:\/\/www.europesays.com\/fr\/wp-content\/uploads\/2026\/09\/stp6554-0x1080-1-750x500.jpg\" class=\"attachment-gallery size-gallery\" alt=\"Strasculture\" data-full-url=\"https:\/\/pokaa.fr\/wp-content\/uploads\/2025\/08\/28\/stp6554-0x1080-1.jpg\" decoding=\"async\" loading=\"lazy\"  \/>            <\/p>\n<p>                    1. 2. Campus Alternatif 2023. \u00a9 Teona Goreci \/ Documents remis ; 3. 4. Strasculture \u00a9 Ville et Eurom\u00e9tropole de Strasbourg \/ Documents remis<\/p>\n<p>Pour un tour de France et du monde des saveurs\u00a0: d\u00e9cale \u00e0 <strong>la Foire Europ\u00e9enne de Strasbourg, du 4 au 13 septembre<\/strong>. Bibelots, gastronomie et animations t\u2019y attendront \u2013 comme sur <a href=\"https:\/\/pokaa.fr\/2026\/09\/01\/biergarten-geant-et-dj-sets-gratuits-sur-10-jours-le-village-meteor-va-reveiller-la-foire-europeenne\/\" target=\"_blank\" rel=\"noopener nofollow\"><strong>l\u2019espace Meteor<\/strong><\/a> qui y d\u00e9m\u00e9nage un biergarten et une brasserie avec concerts et DJ sets au menu.<\/p>\n<p>Il y aura aussi le <a href=\"https:\/\/pokaa.fr\/2026\/08\/28\/colors-pendant-17-jours-un-festival-consacre-au-street-art-va-colorer-strasbourg\/\" target=\"_blank\" rel=\"noopener nofollow\"><b>Colors Urban Art festival<\/b><\/a> : fresques g\u00e9antes, podcast, conf\u00e9rence, visites, ap\u00e9ro-mix\u2026 Pendant trois week-ends, il ravale la fa\u00e7ade de l\u2019AFPA et colore ton agenda (du 4 au 20 septembre).<\/p>\n<p>                <img width=\"750\" height=\"500\" src=\"https:\/\/www.europesays.com\/fr\/wp-content\/uploads\/2025\/09\/festival-colors-urban-art-street-art-21-750x500.jpg\" class=\"attachment-gallery size-gallery\" alt=\"Festival colors urban art street art (21)\" data-full-url=\"https:\/\/pokaa.fr\/wp-content\/uploads\/2025\/09\/16\/festival-colors-urban-art-street-art-21.jpg\" decoding=\"async\" loading=\"lazy\"  \/>            <\/p>\n<p>                <img width=\"750\" height=\"500\" src=\"https:\/\/www.europesays.com\/fr\/wp-content\/uploads\/2025\/09\/festival-colors-urban-art-street-art-72-monsta-julien-750x500.jpg\" class=\"attachment-gallery size-gallery\" alt=\"Festival colors urban art street art (72) Monsta Julien\" data-full-url=\"https:\/\/pokaa.fr\/wp-content\/uploads\/2025\/09\/16\/festival-colors-urban-art-street-art-72-monsta-julien.jpg\" decoding=\"async\" loading=\"lazy\"  \/>            <\/p>\n<p>                <img width=\"750\" height=\"500\" src=\"https:\/\/www.europesays.com\/fr\/wp-content\/uploads\/2025\/09\/festival-colors-urban-art-street-art-63-750x500.jpg\" class=\"attachment-gallery size-gallery\" alt=\"Festival colors urban art street art (63)\" data-full-url=\"https:\/\/pokaa.fr\/wp-content\/uploads\/2025\/09\/16\/festival-colors-urban-art-street-art-63.jpg\" decoding=\"async\" loading=\"lazy\"  \/>            <\/p>\n<p>                    Colors Urban Art Festival 2025. \u00a9 Marie Goehner-David \/ Pokaa<\/p>\n<p>    <img width=\"800\" height=\"600\" src=\"https:\/\/www.europesays.com\/fr\/wp-content\/uploads\/2025\/09\/img-9596-800x600.jpeg\" class=\"attachment-image-size-L size-image-size-L\" alt=\"Start to Play 2024\" decoding=\"async\" loading=\"lazy\"  \/>         Start To Play. \u00a9 C\u00e9lia Van Haaren \/ Pokaa <\/p>\n<p>Pour pousser la voix et prouver qu\u2019on ne l\u2019<a href=\"https:\/\/www.youtube.com\/watch?v=Ym0AxpMdtFQ\" target=\"_blank\" rel=\"noopener nofollow\">\u00ab oublie pas \u00bb<\/a>\u00a0: la soir\u00e9e consacr\u00e9e \u00e0 <a href=\"https:\/\/pokaa.fr\/2026\/08\/20\/manufakture-une-immense-soiree-celine-dion-enflammera-strasbourg-en-septembre\/\" target=\"_blank\" rel=\"noopener nofollow\"><b>C\u00e9line Dion<\/b>,<b> le jeudi 10 septembre \u00e0 la Manufakture <\/b><b>Krimmeri<\/b><\/a> (avec drag show, concert, surprises, karaok\u00e9).<\/p>\n<p><a href=\"https:\/\/pokaa.fr\/2026\/08\/23\/game-over-pour-la-rentree-le-festival-star-to-play-va-faire-jouer-strasbourg-aux-jeux-video\/\" target=\"_blank\" rel=\"noopener nofollow\"><b>Start To Play : le festival de jeux vid\u00e9o qui annonce d\u00e9j\u00e0 la r\u00e9cr\u00e9 <\/b><\/a>(avec zones de gaming, tournois, rencontres, animations). Une 13e \u00e9dition \u00e0 retrouver <b>au Point d\u2019Eau \u00e0 Ostwald, les 12 et 13 septembre<\/b>.<\/p>\n<p>Et plus loin\u00a0: la <b><a href=\"https:\/\/pokaa.fr\/2026\/07\/23\/la-plus-vieille-fete-dalsace-entre-costumes-et-coutumes-le-pfifferdaj-revient-a-1h-de-strasbourg\/\" target=\"_blank\" rel=\"noopener nofollow\">F\u00eate des M\u00e9n\u00e9triers, ou \u00ab\u00a0Pfifferdaj\u00a0\u00bb<\/a>,<\/b> <b>qui animera <\/b><strong><b>Ribeauvill\u00e9<\/b><\/strong><b> jusqu\u2019au 13 septembre<\/b>, entre f\u00eate foraine, chars d\u00e9cor\u00e9s, march\u00e9 m\u00e9di\u00e9val et retraite aux flambeaux.<\/p>\n<p>                <a href=\"https:\/\/pokaa.fr\/2026\/07\/23\/la-plus-vieille-fete-dalsace-entre-costumes-et-coutumes-le-pfifferdaj-revient-a-1h-de-strasbourg\/\" rel=\"nofollow noopener\" target=\"_blank\"><br \/>\n                    <img width=\"450\" height=\"270\" src=\"https:\/\/www.europesays.com\/fr\/wp-content\/uploads\/2026\/09\/ville-de-ribeauville-15-e1722533425524-450x270.jpg\" class=\"attachment-card-horizontal--same-subject size-card-horizontal--same-subject wp-post-image\" alt=\"\" decoding=\"async\" loading=\"lazy\"\/>                <\/a><\/p>\n<p>                <img width=\"752\" height=\"500\" src=\"https:\/\/www.europesays.com\/fr\/wp-content\/uploads\/2026\/07\/230902-pka-pfifferdaj-15-752x500.jpg\" class=\"attachment-gallery size-gallery\" alt=\"Pfifferdaj Ribeauvill\u00e9 f\u00eate m\u00e9di\u00e9vale 2023\" data-full-url=\"https:\/\/pokaa.fr\/wp-content\/uploads\/2023\/09\/230902-pka-pfifferdaj-15.jpg\" decoding=\"async\" loading=\"lazy\"  \/>            <\/p>\n<p>                <img width=\"752\" height=\"500\" src=\"https:\/\/www.europesays.com\/fr\/wp-content\/uploads\/2026\/07\/230902-pka-pfifferdaj-7-752x500.jpg\" class=\"attachment-gallery size-gallery\" alt=\"Pfifferdaj Ribeauvill\u00e9 f\u00eate m\u00e9di\u00e9vale 2023\" data-full-url=\"https:\/\/pokaa.fr\/wp-content\/uploads\/2023\/09\/230902-pka-pfifferdaj-7.jpg\" decoding=\"async\" loading=\"lazy\"  \/>            <\/p>\n<p>                    Pfifferdaj. \u00a9 Adrien Labit \/ Pokaa <\/p>\n<p>Les teufs et festivals<br \/>\nItalo-Discoquillage #4\u00a0: Polytone \u00e0 L&rsquo;Or\u00e9e 85<\/p>\n<p>Pour se croire au bord de la plage, plus qu\u2019un mirage\u00a0: une soir\u00e9e. Le <b>samedi 5<\/b>, <b>le collectif Polytone<\/b> nous emm\u00e8ne une nouvelle fois surfer sur les m\u00e9lodies de l\u2019italo-disco pour se pr\u00e9lasser dans les eaux chaudes de la fin de l\u2019\u00e9t\u00e9.<\/p>\n<p><b>\u00c0 L\u2019Or\u00e9e 85<\/b>, plonge dans <b>la 4e \u00e9dition d\u2019Italo-Discoquillage<\/b>, leur rendez-vous \u00ab\u00a0charg[\u00e9] de belles perles musicales\u00a0\u00bb. On y attend <b>Ugo Guisto aux platines <\/b>et une performance live de leur guest, le producteur <b>Pa\u00efkan<\/b>, \u00ab inspir\u00e9 tant par Giorgio Moroder que par S\u00e9bastien Tellier \u00bb, qui vient accompagn\u00e9 de ses synth\u00e9tiseurs et de son vocodeur.<\/p>\n<p>Pour le reste\u00a0: atelier maquillage et paillettes, expo-vente d\u2019artistes et jeux en ext\u00e9rieur.<\/p>\n<p align=\"CENTER\"><b>Quand et o\u00f9\u00a0?<br \/><\/b>Samedi 5 septembre de 17h \u00e0 1h<br \/>\u00c0 L\u2019Or\u00e9e 85<br \/><a href=\"https:\/\/fb.me\/e\/83Vu1Y9Nv\" target=\"_blank\" rel=\"noopener nofollow\">+ d\u2019infos<\/a><\/p>\n<p>                <img width=\"376\" height=\"500\" src=\"https:\/\/www.europesays.com\/fr\/wp-content\/uploads\/2026\/09\/pxl-20240831-213543217mp21-376x500.jpg\" class=\"attachment-gallery size-gallery\" alt=\"Polytone + Ugo Guisto + Italo-discoquillage\" data-full-url=\"https:\/\/pokaa.fr\/wp-content\/uploads\/2025\/08\/12\/pxl-20240831-213543217mp21.jpg\" decoding=\"async\" loading=\"lazy\"  \/>            <\/p>\n<p>                <img width=\"375\" height=\"500\" src=\"https:\/\/www.europesays.com\/fr\/wp-content\/uploads\/2025\/10\/354297336-281125057640925-6697958596016194188-n-375x500.jpg\" class=\"attachment-gallery size-gallery\" alt=\"or\u00e9e 85\" data-full-url=\"https:\/\/pokaa.fr\/wp-content\/uploads\/2023\/06\/354297336-281125057640925-6697958596016194188-n-1500x2000.jpg\" decoding=\"async\" loading=\"lazy\"  \/>            <\/p>\n<p>                    1. Ugo Guisto (Polytone), Italo-discoquillage 2024 \u00e0 L&rsquo;Or\u00e9e 85. \u00a9 Fanny Soriano \/ Pokaa ; 2. \u00a9 Coraline Lafon \/ Pokaa<\/p>\n<p>EURO IDOL Club \u00e0 la P\u00e9niche M\u00e9canique<\/p>\n<p>Pour un shot d\u2019ann\u00e9es 90 et 2000, on partira voguer \u00e0<b> la P\u00e9niche M\u00e9canique, toujours le samedi 5<\/b>. Le collectif et label <b>Euro Idol<\/b> en secouera la cale, avec<b> une nouvelle soir\u00e9e Euro Idol Club<\/b>.<\/p>\n<p><b>Sons trance et eurodance<\/b>, animations 3D low-poly inspir\u00e9es des jeux vid\u00e9o de notre enfance, visuels immersifs et<b> esth\u00e9tique r\u00e9tro-num\u00e9rique<\/b>\u00a0: quand la nostalgie embrasse la culture club contemporaine.<\/p>\n<p align=\"CENTER\"><b><br \/>Quand et o\u00f9\u00a0?<br \/><\/b>Samedi 5 septembre de 22h \u00e0 3h30<br \/>\u00c0 la P\u00e9niche M\u00e9canique<br \/><a href=\"https:\/\/app.penichemecanique.com\/evenements\/euro-idol-club\" target=\"_blank\" rel=\"noopener nofollow\">+ d\u2019infos<\/a><\/p>\n<p>                <img width=\"376\" height=\"500\" src=\"https:\/\/www.europesays.com\/fr\/wp-content\/uploads\/2026\/04\/peniche-mecanique-fanny-soriano-376x500.jpg\" class=\"attachment-gallery size-gallery\" alt=\"P\u00e9niche M\u00e9canique\" data-full-url=\"https:\/\/pokaa.fr\/wp-content\/uploads\/2025\/10\/13\/peniche-mecanique-fanny-soriano.jpg\" decoding=\"async\" loading=\"lazy\"  \/>            <\/p>\n<p>                <img width=\"645\" height=\"500\" src=\"https:\/\/www.europesays.com\/fr\/wp-content\/uploads\/2025\/06\/peniche-mecanique-agenda.jpg\" class=\"attachment-gallery size-gallery\" alt=\"p\u00e9niche m\u00e9canique -agenda\" data-full-url=\"https:\/\/www.europesays.com\/fr\/wp-content\/uploads\/2025\/06\/peniche-mecanique-agenda.jpg\" decoding=\"async\" loading=\"lazy\"  \/>            <\/p>\n<p>                    1. \u00a9 Fanny Soriano \/ Pokaa ; 2. \u00a9 Page Facebook de la P\u00e9niche M\u00e9canique \/ Capture d&rsquo;\u00e9cran<\/p>\n<p>Soundclash Festival \u2013 7e \u00e9dition avec z\u00b7est radio<\/p>\n<p>En voil\u00e0 une autre qui fait sa rentr\u00e9e\u00a0: <b>z\u00b7est radio<\/b>\u00a0! L\u2019antenne strasbourgeoise revient avec son <b>Soundclash Festival, du 5 au 13 septembre<\/b>.<\/p>\n<p>Une 7e \u00e9dition qui d\u00e9marre <b>le samedi 5 avec l\u2019Open Air gratuit au parc Albert Schweitzer<\/b>. Un aper\u00e7u de ce qui arrive <b>au Molodo\u00ef les 11 et 12<\/b>, avec <b>le Soundclash<\/b>\u00a0: une comp\u00e9tition musicale entre crews de Soundsystem (dub et 2step le vendredi, et dubstep et DnB le samedi). Avec Mad Professor et Sherelle comme invit\u00e9(e)s d\u2019honneur.<\/p>\n<p>Et <b>le dimanche : l\u2019AfterSoundclash, gratuit<\/b>, et \u00ab\u00a0en mode Block Party\u00a0\u00bb, dans la rue du Ban-de-la-Roche et sur le parking du Molodo\u00ef.<\/p>\n<p align=\"CENTER\"><b>Quand et o\u00f9\u00a0?<br \/><\/b>Du 5 au 13 septembre<br \/>Dans divers lieux \u00e0 Strasbourg (parc Albert Schweitzer, au Molodo\u00ef et rue du Ban-de-la-Roche)<br \/><a href=\"https:\/\/fb.me\/e\/48Xu6SQRt\" target=\"_blank\" rel=\"noopener nofollow\">+ d\u2019infos<\/a><\/p>\n<\/p>\n<p>Festival \u00c9quinoxe \u2013 8e \u00e9dition \u00e0 la Maison Bleue<\/p>\n<p><b>Concerts, marionnettes, th\u00e9\u00e2tre d\u2019objets<\/b>, conte, chant lyrique, danse contemporaine, th\u00e9\u00e2tre burlesque, jongle\u2026 <b>Du 11 au 13 septembre, la Maison Bleue accueillera la 8e \u00e9dition du festival \u00c9quinoxe, d\u00e9di\u00e9 au micro-th\u00e9\u00e2tre<\/b>.<\/p>\n<p>Sur sc\u00e8ne, des formes courtes (avec pour th\u00e8me \u00ab Virage serr\u00e9 \u00bb), et une ambiance bon enfant sur tout le week-end. Et en bonus, l\u2019\u00c9quinOFF (les samedi et dimanche) avec <b>animations et spectacles en ext\u00e9rieur <\/b>(atelier de s\u00e9rigraphie sur T-shirt, d\u00e9ambulation, jeux en bois, etc.).<\/p>\n<p align=\"CENTER\"><b>Quand et o\u00f9\u00a0?<br \/><\/b>Du vendredi 11 au dimanche 13 septembre<br \/>\u00c0 la Maison Bleue<br \/><a href=\"https:\/\/fb.me\/e\/4IiAvzP4h\" target=\"_blank\" rel=\"noopener nofollow\">+ d\u2019infos<\/a><\/p>\n<p>    <img width=\"800\" height=\"418\" src=\"https:\/\/www.europesays.com\/fr\/wp-content\/uploads\/2026\/09\/la-maison-bleue-13.jpg\" class=\"attachment-image-size-L size-image-size-L\" alt=\"la maison bleue sc\u00e8ne salle de concert\" decoding=\"async\" loading=\"lazy\"  \/>         La Maison Bleue. \u00a9 Caroline Alonso \/ Pokaa <\/p>\n<p>La s\u00e9lection de l&rsquo;apr\u00e8m \u00e0 L&rsquo;Or\u00e9e 85<\/p>\n<p>Pour chiller encore un peu, malgr\u00e9 la reprise, on ira d\u00e9couvrir <b>\u00ab La s\u00e9lection de l\u2019apr\u00e8m \u00bb de L\u2019Or\u00e9e 85<\/b>. Un rendez-vous lanc\u00e9 en ao\u00fbt qui revient une deuxi\u00e8me fois <b>le dimanche 13 septembre<\/b>. Au menu\u00a0? <b>Hal\u00e8s, Ludoviko, \u00d8dass, Perruche, Shonagon, User8806 aux platines<\/b> pour un brunch musical aux sonorit\u00e9s dub techno, tech house et minimal.<\/p>\n<p>Et pour faire le plein de vinyles, on fera un stop au <b>stand du disquaire strasbourgeois Locked Grooves<\/b>.<\/p>\n<p align=\"CENTER\"><b>Quand et o\u00f9\u00a0?<br \/><\/b>Dimanche 13 septembre de 12h \u00e0 23h<br \/>\u00c0 L\u2019Or\u00e9e 85<br \/><a href=\"https:\/\/fb.me\/e\/4ORXJaA9D\" target=\"_blank\" rel=\"noopener nofollow\">+ d\u2019infos<\/a><\/p>\n<p>                <img width=\"385\" height=\"500\" src=\"https:\/\/www.europesays.com\/fr\/wp-content\/uploads\/2025\/04\/img-9765-385x500.jpg\" class=\"attachment-gallery size-gallery\" alt=\"or\u00e9e 85\" data-full-url=\"https:\/\/pokaa.fr\/wp-content\/uploads\/2025\/02\/11\/img-9765.jpg\" decoding=\"async\" loading=\"lazy\"  \/>            <\/p>\n<p>                <img width=\"381\" height=\"500\" src=\"https:\/\/www.europesays.com\/fr\/wp-content\/uploads\/2025\/05\/img-9763-381x500.jpg\" class=\"attachment-gallery size-gallery\" alt=\"or\u00e9e 85\" data-full-url=\"https:\/\/pokaa.fr\/wp-content\/uploads\/2025\/02\/11\/img-9763.jpg\" decoding=\"async\" loading=\"lazy\"  \/>            <\/p>\n<p>                    \u00a9 Coraline Lafon \/ Pokaa<\/p>\n<p>Pour une rentr\u00e9e d\u00e9cal\u00e9e<br \/>\nBingo Botanico au Bistrot D\u00e9kal\u00e9 (Kaleidoscoop)<\/p>\n<p>Avec les canicules, ton ficus est fichu, et ta Pilea a baiss\u00e9 les bras\u00a0? Pour reverdir ton int\u00e9rieur, file donc au <b>Bingo Botanico organis\u00e9 au Bistrot D\u00e9kal\u00e9, le 3 septembre<\/b>.<\/p>\n<p>Tente d\u2019y glaner <b>des plantes au bingo<\/b>, go\u00fbte les cocktails verts \u00e0 la carte et<b> <\/b>montre que t\u2019as la main verte au<b> quiz \u00ab\u00a0Comment arr\u00eater de tuer ses ficus\u00a0?\u00a0\u00bb<\/b>.<\/p>\n<p align=\"CENTER\"><b>Quand et o\u00f9\u00a0?<br \/><\/b>Jeudi 3 septembre d\u00e8s 18h30<br \/>Au Bistrot D\u00e9kal\u00e9 (Kaleidoscoop)<br \/><a href=\"https:\/\/fb.me\/e\/81K7aNiKk\" target=\"_blank\" rel=\"noopener nofollow\">+ d\u2019infos<\/a><\/p>\n<p>                <img width=\"750\" height=\"500\" src=\"https:\/\/www.europesays.com\/fr\/wp-content\/uploads\/2026\/09\/bistrot-dekale-site-kaleidoscoop-750x500.jpg\" class=\"attachment-gallery size-gallery\" alt=\"Bistrot D\u00e9kal\u00e9 Kaleidoscoop\" data-full-url=\"https:\/\/pokaa.fr\/wp-content\/uploads\/2026\/08\/13\/bistrot-dekale-site-kaleidoscoop.jpg\" decoding=\"async\" loading=\"lazy\"  \/>            <\/p>\n<p>                <img width=\"375\" height=\"500\" src=\"https:\/\/www.europesays.com\/fr\/wp-content\/uploads\/2026\/09\/bistrot-dekale-facebook-kaleidoscoop-375x500.jpg\" class=\"attachment-gallery size-gallery\" alt=\"Bistrot D\u00e9kal\u00e9 Kaleidoscoop\" data-full-url=\"https:\/\/pokaa.fr\/wp-content\/uploads\/2026\/08\/13\/bistrot-dekale-facebook-kaleidoscoop.jpg\" decoding=\"async\" loading=\"lazy\"  \/>            <\/p>\n<p>                    Bistrot D\u00e9kal\u00e9. \u00a9 Site de Kaleidoscoop \/ Captures d&rsquo;\u00e9cran<\/p>\n<p>La Rentr\u00e9e des Luttes au Phare Citadelle<\/p>\n<p>Pour s\u2019engager d\u00e8s septembre\u00a0: direction <b>La Rentr\u00e9e des Luttes, une universit\u00e9 d\u2019\u00e9t\u00e9 citoyenne<\/b> et un partenariat entre le m\u00e9dia <b>Rue89 Strasbourg<\/b> et le <b>Phare Citadelle <\/b>qui l\u2019accueillera,<b> le samedi 5<\/b>.<\/p>\n<p>Au programme\u00a0? <b>Ateliers<\/b>,<b> tables rondes<\/b>, <b>rencontres<\/b>, mais aussi <b>concerts<\/b> (avec Hubert Lamentin, rock th\u00e9\u00e2tral, et Prairie Meumeu, acid punk) et <b>DJ set <\/b>avec Kool Chienne. En bref\u00a0: \u00ab\u00a0une journ\u00e9e pour <b>\u00e9changer sur les enjeux locaux et d\u00e9couvrir les associations et des collectifs engag\u00e9s<\/b> sur les fronts sociaux et \u00e9cologistes de Strasbourg et en Alsace. \u00bb<\/p>\n<p align=\"CENTER\"><b>Quand et o\u00f9\u00a0?<br \/><\/b>Samedi 5 septembre<br \/>Au Phare Citadelle<br \/><a href=\"https:\/\/fb.me\/e\/8e6CextVG\" target=\"_blank\" rel=\"noopener nofollow\">+ d\u2019infos<\/a><\/p>\n<p>                <img width=\"400\" height=\"500\" src=\"https:\/\/www.europesays.com\/fr\/wp-content\/uploads\/2026\/09\/491446178-18042113267606233-727175180724193197-n-400x500.jpg\" class=\"attachment-gallery size-gallery\" alt=\"Phare Citadelle\" data-full-url=\"https:\/\/pokaa.fr\/wp-content\/uploads\/2026\/08\/13\/491446178-18042113267606233-727175180724193197-n.jpg\" decoding=\"async\" loading=\"lazy\"  \/>            <\/p>\n<p>                <img width=\"749\" height=\"500\" src=\"https:\/\/www.europesays.com\/fr\/wp-content\/uploads\/2025\/04\/img-0842-749x500.jpg\" class=\"attachment-gallery size-gallery\" alt=\"phare citadelle\" data-full-url=\"https:\/\/pokaa.fr\/wp-content\/uploads\/2025\/02\/11\/img-0842.jpg\" decoding=\"async\" loading=\"lazy\"  \/>            <\/p>\n<p>                    1. \u00a9 Phare Citadelle \/ Document remis ; 2. \u00a9 Bastien Pietronave \/ Pokaa<\/p>\n<p>Brocante du Wacken \u2013 2e \u00e9dition<\/p>\n<p>Tu veux meubler ton appart pour la rentr\u00e9e, red\u00e9corer ton bureau, ou chiner ta garde-robe de l\u2019automne\u00a0? Direction<b> la 2e \u00e9dition de la Brocante du Wacken, le dimanche 6 septembre<\/b>.<\/p>\n<p>Dans les rues\u00a0? Plus de 200 stands pour de bonnes affaires.<\/p>\n<p align=\"CENTER\"><b>Quand et o\u00f9\u00a0?<br \/><\/b>Dimanche 6 septembre de 7h \u00e0 17h<br \/>Au quartier du Wacken \u00e0 Strasbourg<br \/><a href=\"https:\/\/fb.me\/e\/dZZlG2Kk4\" target=\"_blank\" rel=\"noopener nofollow\">+ d\u2019infos<\/a><\/p>\n<p>                <img width=\"750\" height=\"500\" src=\"https:\/\/www.europesays.com\/fr\/wp-content\/uploads\/2026\/09\/dsc01183.jpg\" class=\"attachment-gallery size-gallery\" alt=\"parlement europ\u00e9en wacken europe\" data-full-url=\"https:\/\/www.europesays.com\/fr\/wp-content\/uploads\/2026\/09\/dsc01183.jpg\" decoding=\"async\" loading=\"lazy\"  \/>            <\/p>\n<p>                <img width=\"750\" height=\"500\" src=\"https:\/\/www.europesays.com\/fr\/wp-content\/uploads\/2026\/09\/h16a0101.jpg\" class=\"attachment-gallery size-gallery\" alt=\"Brocante place des Tripiers\" data-full-url=\"https:\/\/www.europesays.com\/fr\/wp-content\/uploads\/2026\/09\/h16a0101.jpg\" decoding=\"async\" loading=\"lazy\"  \/>            <\/p>\n<p>                    1. \u00a9 Hugo Favre-Napoli \/ Pokaa ; 2. \u00a9 Mathilde Piaud \/ Pokaa<\/p>\n<p>Forum des Associations, brocante et Victoires du sport \u00e0 Schiltigheim<\/p>\n<p align=\"LEFT\">Toujours <b>le dimanche 6, pr\u00e9pare ta rentr\u00e9e sportive \u00e0 Schiltigheim<\/b>. Au Centre sportif Nelson Mandela se tiendra un <b>Forum des Associations <\/b>avec des d\u00e9monstrations et initiations, des rencontres, animations\u2026 Ainsi que <b>les Victoires du Sport<\/b> avec 300 sportifs\/ves de la ville, mis(es) \u00e0 l\u2019honneur.<\/p>\n<p align=\"LEFT\">Et pour compl\u00e9ter cette journ\u00e9e\u00a0: <b>un vide-grenier<\/b> et une buvette.<\/p>\n<p align=\"CENTER\"><b>Quand et o\u00f9\u00a0?<br \/><\/b>Dimanche 6 septembre<br \/>Au Centre sportif Nelson Mandela \u00e0 Schiltigheim<br \/><a href=\"https:\/\/fb.me\/e\/91PFouupE\" target=\"_blank\" rel=\"noopener nofollow\">+ d\u2019infos<\/a><\/p>\n<p>    <img width=\"800\" height=\"553\" src=\"https:\/\/www.europesays.com\/fr\/wp-content\/uploads\/2026\/09\/faire-du-sport-se-bouger-exercice-physique-4-800x553.jpg\" class=\"attachment-image-size-L size-image-size-L\" alt=\"Faire du sport se bouger exercice physique halt\u00e8res musculation (4)\" decoding=\"async\" loading=\"lazy\"  \/>         \u00a9 Marie Goehner-David \/ Pokaa <\/p>\n<p>Expo du v\u00e9lo Strasbourg \u2013 8e \u00e9dition \u00e0 la CCI CAMPUS<\/p>\n<p align=\"LEFT\">\u00c7a roule pour la rentr\u00e9e\u2026 <b>L\u2019Expo du V\u00e9lo 8e \u00e9dition<\/b> arrive en ville, pour t\u2019aider \u00e0 pr\u00e9parer la tienne. Nouvelle b\u00e9cane, accessoires pour le v\u00e9lo-taff, habillement v\u00e9lo, ou m\u00eame id\u00e9e d\u2019escapades de v\u00e9lo-tourisme\u00a0? <b>40 stands<\/b> pour te remettre en selle\u00a0!<\/p>\n<p align=\"LEFT\">Et cette ann\u00e9e, l\u2019entr\u00e9e est gratuite\u00a0! Rendez-vous <b>les 12 et 13 septembre \u00e0 la CCI Campus Strasbourg<\/b>. Allez, \u00e7a file\u00a0!<\/p>\n<p align=\"CENTER\"><b>Quand et o\u00f9\u00a0?<br \/><\/b>Samedi 12 et dimanche 13 septembre<br \/>\u00c0 la CCI CAMPUS<br \/><a href=\"https:\/\/fb.me\/e\/4ZqbPqotS\" target=\"_blank\" rel=\"noopener nofollow\">+ d\u2019infos<\/a><\/p>\n<p>                <img width=\"752\" height=\"500\" src=\"https:\/\/www.europesays.com\/fr\/wp-content\/uploads\/2026\/09\/expoduvelo-23sept2023-creditphotobenjaminhincker-018-e1726158253156-752x500.jpg\" class=\"attachment-gallery size-gallery\" alt=\"Expo du V\u00e9lo\" data-full-url=\"https:\/\/pokaa.fr\/wp-content\/uploads\/2024\/09\/12\/expoduvelo-23sept2023-creditphotobenjaminhincker-018-1500x998.jpg\" decoding=\"async\" loading=\"lazy\"  \/>            <\/p>\n<p>                <img width=\"752\" height=\"500\" src=\"https:\/\/www.europesays.com\/fr\/wp-content\/uploads\/2025\/09\/expoduvelo-23sept2023-creditphotobenjaminhincker-014-e1726158268527-752x500.jpg\" class=\"attachment-gallery size-gallery\" alt=\"Expo du V\u00e9lo\" data-full-url=\"https:\/\/pokaa.fr\/wp-content\/uploads\/2024\/09\/12\/expoduvelo-23sept2023-creditphotobenjaminhincker-014-1500x998.jpg\" decoding=\"async\" loading=\"lazy\"  \/>            <\/p>\n<p>                <img width=\"752\" height=\"500\" src=\"https:\/\/www.europesays.com\/fr\/wp-content\/uploads\/2026\/09\/expoduvelo-23sept2023-creditphotobenjaminhincker-072-e1726158135269-752x500.jpg\" class=\"attachment-gallery size-gallery\" alt=\"Expo du V\u00e9lo\" data-full-url=\"https:\/\/pokaa.fr\/wp-content\/uploads\/2024\/09\/12\/expoduvelo-23sept2023-creditphotobenjaminhincker-072-1500x998.jpg\" decoding=\"async\" loading=\"lazy\"  \/>            <\/p>\n<p>                    Expo du V\u00e9lo 2023. \u00a9 Benjamin Hincker \/ Documents remis<\/p>\n","protected":false},"excerpt":{"rendered":"Driiiing\u2026 Plus que le r\u00e9veil : c\u2019est la rentr\u00e9e qui te sonne les cloches. L\u2019agenda se blinde d\u00e9j\u00e0&hellip;\n","protected":false},"author":2,"featured_media":1161894,"comment_status":"","ping_status":"","sticky":false,"template":"","format":"standard","meta":{"footnotes":"","_share_on_mastodon":"0"},"categories":[2820],"tags":[1111,11,4763,6961,1697,12084,1777,674,652,849,1011,27,775,326,12,14813,21919,3907,28313,25,3140,640,208,4064],"class_list":["post-1161893","post","type-post","status-publish","format-standard","has-post-thumbnail","category-strasbourg","tag-actu","tag-actualites","tag-agenda","tag-brocante","tag-concert","tag-dj-set","tag-eu","tag-europe","tag-famille","tag-festival","tag-fr","tag-france","tag-grand-est","tag-gratuit","tag-news","tag-open-air","tag-ou-sortir","tag-que-faire","tag-rentree","tag-republique-francaise","tag-spectacle","tag-strasbourg","tag-velo","tag-week-end"],"share_on_mastodon":{"url":"https:\/\/pubeurope.com\/@fr\/117198340653438373","error":""},"_links":{"self":[{"href":"https:\/\/www.europesays.com\/fr\/wp-json\/wp\/v2\/posts\/1161893","targetHints":{"allow":["GET"]}}],"collection":[{"href":"https:\/\/www.europesays.com\/fr\/wp-json\/wp\/v2\/posts"}],"about":[{"href":"https:\/\/www.europesays.com\/fr\/wp-json\/wp\/v2\/types\/post"}],"author":[{"embeddable":true,"href":"https:\/\/www.europesays.com\/fr\/wp-json\/wp\/v2\/users\/2"}],"replies":[{"embeddable":true,"href":"https:\/\/www.europesays.com\/fr\/wp-json\/wp\/v2\/comments?post=1161893"}],"version-history":[{"count":0,"href":"https:\/\/www.europesays.com\/fr\/wp-json\/wp\/v2\/posts\/1161893\/revisions"}],"wp:featuredmedia":[{"embeddable":true,"href":"https:\/\/www.europesays.com\/fr\/wp-json\/wp\/v2\/media\/1161894"}],"wp:attachment":[{"href":"https:\/\/www.europesays.com\/fr\/wp-json\/wp\/v2\/media?parent=1161893"}],"wp:term":[{"taxonomy":"category","embeddable":true,"href":"https:\/\/www.europesays.com\/fr\/wp-json\/wp\/v2\/categories?post=1161893"},{"taxonomy":"post_tag","embeddable":true,"href":"https:\/\/www.europesays.com\/fr\/wp-json\/wp\/v2\/tags?post=1161893"}],"curies":[{"name":"wp","href":"https:\/\/api.w.org\/{rel}","templated":true}]}}