{"id":1161929,"date":"2026-09-01T23:39:35","date_gmt":"2026-09-01T23:39:35","guid":{"rendered":"https:\/\/www.europesays.com\/fr\/1161929\/"},"modified":"2026-09-01T23:39:35","modified_gmt":"2026-09-01T23:39:35","slug":"le-parquet-de-paris-demande-que-lavocat-juan-branco-soit-juge-pour-viol-3","status":"publish","type":"post","link":"https:\/\/www.europesays.com\/fr\/1161929\/","title":{"rendered":"Le parquet de Paris demande que l&rsquo;avocat Juan Branco soit jug\u00e9 pour viol"},"content":{"rendered":"<p class=\"mb-4 text-lg md:leading-8 break-words\">Le parquet de Paris a requis le renvoi en proc\u00e8s de Juan Branco pour le viol en 2021 d&rsquo;une \u00e9tudiante de 20 ans, estimant suffisantes les charges \u00e0 l&rsquo;encontre de l&rsquo;avocat, qui conteste les faits et remet en cause la proc\u00e9dure.<\/p>\n<p class=\"mb-4 text-lg md:leading-8 break-words\">Dans son r\u00e9quisitoire d\u00e9finitif rendu le 6 ao\u00fbt, dont l&rsquo;AFP a eu connaissance, le minist\u00e8re public demande, apr\u00e8s cinq ans d&rsquo;instruction, que l&rsquo;avocat de 37 ans soit renvoy\u00e9 devant une cour criminelle d\u00e9partementale pour un viol commis sur une jeune femme, Marie (le pr\u00e9nom de cette plaignante et celui des autres ont \u00e9t\u00e9 modifi\u00e9s), au printemps 2021.<\/p>\n<p class=\"mb-4 text-lg md:leading-8 break-words\">Il r\u00e9clame un non-lieu pour d&rsquo;autres faits d&rsquo;agression sexuelle et de viol sur deux autres femmes, Charly et Jos\u00e9phine, pour lesquels l&rsquo;avocat est \u00e9galement poursuivi.<\/p>\n<p class=\"mb-4 text-lg md:leading-8 break-words\">Au cours de l&rsquo;instruction, Juan Branco a contest\u00e9 les faits qui lui \u00e9taient reproch\u00e9s.<\/p>\n<p class=\"mb-4 text-lg md:leading-8 break-words\">La d\u00e9cision du parquet, r\u00e9v\u00e9l\u00e9e par Lib\u00e9ration et Le Parisien, \u00ab\u00a0est un immense soulagement pour notre cliente, apr\u00e8s cinq ann\u00e9es d&rsquo;une proc\u00e9dure judiciaire harassante\u00a0\u00bb, ont r\u00e9agi aupr\u00e8s de l&rsquo;AFP Mes Nicolas Paganelli et Charlie-Elie Martin, les avocats de Marie.<\/p>\n<p class=\"mb-4 text-lg md:leading-8 break-words\">\u00ab\u00a0Nous esp\u00e9rons tr\u00e8s sinc\u00e8rement qu&rsquo;elle mettra un terme au comportement de toute puissance compl\u00e8tement hors de contr\u00f4le du mis en examen\u00a0\u00bb, m\u00eame si le juge d&rsquo;instruction doit encore se prononcer sur la tenue d&rsquo;un proc\u00e8s, ont-ils ajout\u00e9.<\/p>\n<p class=\"mb-4 text-lg md:leading-8 break-words\">Leur cliente, alors \u00e9tudiante en sciences politiques \u00e2g\u00e9e de 20 ans, \u00e9tait all\u00e9e voir la police apr\u00e8s une nuit pass\u00e9e au domicile de Juan Branco, expliquant qu&rsquo;il lui avait fait consommer un m\u00e9dicament \u00e0 base d&rsquo;opium, puis l&rsquo;avait forc\u00e9e \u00e0 un rapport sexuel sans son consentement, alors qu&rsquo;ils regardaient un film sur son lit.<\/p>\n<p class=\"mb-4 text-lg md:leading-8 break-words\">Le parquet a not\u00e9 ses d\u00e9clarations \u00ab\u00a0constantes\u00a0\u00bb malgr\u00e9 \u00ab\u00a0les diff\u00e9rentes pressions subies\u00a0\u00bb par l&rsquo;interm\u00e9diaire des r\u00e9seaux sociaux de Juan Branco.<\/p>\n<p class=\"mb-4 text-lg md:leading-8 break-words\">Il note \u00e9galement la \u00ab\u00a0vuln\u00e9rabilit\u00e9\u00a0\u00bb de Marie par rapport \u00e0 un homme qu&rsquo;elle admirait \u00e0 l&rsquo;\u00e9poque. Juan Branco a profit\u00e9 d&rsquo;un \u00ab\u00a0contexte d&rsquo;intimidation et d&rsquo;\u00e9puisement forc\u00e9\u00a0\u00bb de sa victime \u00ab\u00a0malgr\u00e9 ses multiples refus\u00a0\u00bb, ainsi que de \u00ab\u00a0l&rsquo;\u00e9tat de choc et de sid\u00e9ration dans lesquels elle s&rsquo;est retrouv\u00e9e\u00a0\u00bb, analyse le parquet.<\/p>\n<p class=\"mb-4 text-lg md:leading-8 break-words\">&#8211; Demandes de non-lieu &#8211;<\/p>\n<p class=\"mb-4 text-lg md:leading-8 break-words\">De son c\u00f4t\u00e9, Juan Branco, qui a ni\u00e9 tout viol pendant l&rsquo;instruction, d\u00e9nonce un r\u00e9quisitoire qui aurait \u00e9t\u00e9 sign\u00e9 \u00ab\u00a0apr\u00e8s cinq ans de fr\u00e9n\u00e9tiques recherches d&rsquo;autres plaignantes demeur\u00e9es vaines, afin de sauver un dossier vide\u00a0\u00bb, dans un communiqu\u00e9 transmis par l&rsquo;interm\u00e9diaire de son avocat, Me Luc Brossollet.<\/p>\n<p class=\"mb-4 text-lg md:leading-8 break-words\">Connu pour son pamphlet anti-Emmanuel Macron \u00ab\u00a0Cr\u00e9puscule\u00a0\u00bb (2018), l&rsquo;ancien \u00e9l\u00e8ve de l&rsquo;Ecole alsacienne et fils du producteur de cin\u00e9ma Paulo Branco\u00a0met \u00e9galement en cause nomm\u00e9ment le procureur qui a demand\u00e9 son renvoi.<\/p>\n<p class=\"mb-4 text-lg md:leading-8 break-words\">Il accuse aussi le parquet d&rsquo;avoir pratiqu\u00e9 de la \u00ab\u00a0r\u00e9tention\u00a0\u00bb en tardant \u00e0 rendre ses r\u00e9quisitions, \u00ab\u00a0\u00e0 neuf mois de la pr\u00e9sidentielle\u00a0\u00bb.<\/p>\n<p class=\"mb-4 text-lg md:leading-8 break-words\">Sollicit\u00e9 par l&rsquo;AFP sur ces d\u00e9clarations, le parquet de Paris n&rsquo;a pas donn\u00e9 suite dans l&rsquo;imm\u00e9diat.<\/p>\n<p class=\"mb-4 text-lg md:leading-8 break-words\">Le comportement de Juan Branco pendant l&rsquo;instruction lui a valu, en octobre 2025, une suspension de neuf mois du barreau, notamment pour avoir publi\u00e9 sur internet des proc\u00e8s-verbaux d&rsquo;auditions de plusieurs femmes ou d&rsquo;extraits de la proc\u00e9dure.<\/p>\n<p class=\"mb-4 text-lg md:leading-8 break-words\">Il peut aujourd&rsquo;hui \u00e0 nouveau exercer, mais attend une d\u00e9cision disciplinaire dans une autre proc\u00e9dure contre lui, pour laquelle 18 mois de suspension ont \u00e9t\u00e9 demand\u00e9s, a pr\u00e9cis\u00e9 une source proche du dossier.<\/p>\n<p class=\"mb-4 text-lg md:leading-8 break-words\">Dans ses r\u00e9quisitions, le minist\u00e8re public demande par ailleurs \u00e0 ce que Juan Branco b\u00e9n\u00e9ficie de deux non-lieux.<\/p>\n<p class=\"mb-4 text-lg md:leading-8 break-words\">Le premier concerne Charly : \u00ab\u00a0sans remettre en cause la souffrance exprim\u00e9e\u00a0\u00bb par la plaignante, le parquet estime que les circonstances des faits d\u00e9nonc\u00e9s (un viol sous l&rsquo;effet de l&#8217;emprise et de la sid\u00e9ration en 2017, NDLR) ne sont pas suffisamment corrobor\u00e9s par des \u00e9l\u00e9ments objectifs (&#8230;) notamment au regard de leur anciennet\u00e9 et de leur d\u00e9nonciation tardive\u00a0\u00bb.<\/p>\n<p class=\"mb-4 text-lg md:leading-8 break-words\">Concernant Jos\u00e9phine, qui d\u00e9nonce une agression sexuelle, \u00ab\u00a0le doute devra profiter au mis en examen\u00a0\u00bb, l&rsquo;enqu\u00eate n&rsquo;ayant pas permis de r\u00e9unir suffisamment d&rsquo;\u00e9l\u00e9ments, ajoute-t-il.<\/p>\n<p class=\"mb-4 text-lg md:leading-8 break-words\">Des demandes accueillies avec \u00ab\u00a0consternation et col\u00e8re\u00a0\u00bb par leur avocate, Me Fanny Vial.<\/p>\n<p class=\"mb-4 text-lg md:leading-8 break-words\">\u00ab\u00a0Tous les \u00e9l\u00e9ments mat\u00e9riels n&rsquo;ont pas \u00e9t\u00e9 consid\u00e9r\u00e9s et (&#8230;) le r\u00e9quisitoire comporte des \u00e9l\u00e9ments erron\u00e9s ou tronqu\u00e9s. Le manque de s\u00e9rieux est flagrant et pr\u00e9judiciable pour toutes les parties\u00a0\u00bb, d\u00e9nonce l&rsquo;avocate. \u00ab\u00a0Il questionne aussi en ce qu&rsquo;il renvoie en termes d&rsquo;image de la justice et des attentes l\u00e9gitimes de notre soci\u00e9t\u00e9 dans le traitement des violences sexuelles faites aux femmes\u00a0\u00bb.<\/p>\n<p class=\"mb-4 text-lg md:leading-8 break-words\">fbe\/bfa\/ybl<\/p>\n","protected":false},"excerpt":{"rendered":"Le parquet de Paris a requis le renvoi en proc\u00e8s de Juan Branco pour le viol en 2021&hellip;\n","protected":false},"author":2,"featured_media":1161930,"comment_status":"","ping_status":"","sticky":false,"template":"","format":"standard","meta":{"footnotes":"","_share_on_mastodon":"0"},"categories":[1888],"tags":[72306,32905,10508,1111,1928,11,1927,119550,119548,119553,119543,119537,119549,119564,1153,19697,26057,1446,119545,1777,119544,674,119563,119554,119559,1011,27,119542,119539,119536,119552,119555,119560,119540,119551,6665,119541,119547,119562,119561,12,1926,119546,626,1925,119557,119558,14728,25,119556,119538,21632],"class_list":["post-1161929","post","type-post","status-publish","format-standard","has-post-thumbnail","category-paris","tag-72306","tag-32905","tag-10508","tag-actu","tag-actu-paris","tag-actualites","tag-actualites-paris","tag-ainsi-que-de-letat-de-choc-et-de","tag-anti-emmanuel-macron-crepuscule","tag-charlie-elie-martin","tag-charly-sans-remettre-en-cause-la","tag-charly-et-josephine","tag-commis-sur-une-jeune-femme","tag-concernant-josephine","tag-conference-de-presse","tag-connu","tag-dautres","tag-dans","tag-eleve-de-lecole","tag-eu","tag-eu-connaissance","tag-europe","tag-exprimee","tag-fanny-vial","tag-forcee-a-un","tag-fr","tag-france","tag-juan-branco","tag-lafp-sur-ces-declarations","tag-lavocat-juan-branco","tag-le-manque-de-serieux-est","tag-leur-cliente","tag-liberation-et-le-parisien","tag-lors-dune","tag-malgre-les","tag-marie","tag-me-luc-brossollet","tag-meme-si-le-juge","tag-nont-pas-ete-consideres-et","tag-ndlr","tag-news","tag-news-paris","tag-nicolas-paganelli","tag-paris","tag-paris-news","tag-procureur-qui","tag-questionne-aussi-en-ce","tag-refus","tag-republique-francaise","tag-sociaux-de-juan-branco","tag-stefano-rellandini","tag-vide"],"share_on_mastodon":{"url":"","error":"Validation failed: Text character limit of 500 exceeded"},"_links":{"self":[{"href":"https:\/\/www.europesays.com\/fr\/wp-json\/wp\/v2\/posts\/1161929","targetHints":{"allow":["GET"]}}],"collection":[{"href":"https:\/\/www.europesays.com\/fr\/wp-json\/wp\/v2\/posts"}],"about":[{"href":"https:\/\/www.europesays.com\/fr\/wp-json\/wp\/v2\/types\/post"}],"author":[{"embeddable":true,"href":"https:\/\/www.europesays.com\/fr\/wp-json\/wp\/v2\/users\/2"}],"replies":[{"embeddable":true,"href":"https:\/\/www.europesays.com\/fr\/wp-json\/wp\/v2\/comments?post=1161929"}],"version-history":[{"count":0,"href":"https:\/\/www.europesays.com\/fr\/wp-json\/wp\/v2\/posts\/1161929\/revisions"}],"wp:featuredmedia":[{"embeddable":true,"href":"https:\/\/www.europesays.com\/fr\/wp-json\/wp\/v2\/media\/1161930"}],"wp:attachment":[{"href":"https:\/\/www.europesays.com\/fr\/wp-json\/wp\/v2\/media?parent=1161929"}],"wp:term":[{"taxonomy":"category","embeddable":true,"href":"https:\/\/www.europesays.com\/fr\/wp-json\/wp\/v2\/categories?post=1161929"},{"taxonomy":"post_tag","embeddable":true,"href":"https:\/\/www.europesays.com\/fr\/wp-json\/wp\/v2\/tags?post=1161929"}],"curies":[{"name":"wp","href":"https:\/\/api.w.org\/{rel}","templated":true}]}}