{"id":1161934,"date":"2026-09-01T23:44:18","date_gmt":"2026-09-01T23:44:18","guid":{"rendered":"https:\/\/www.europesays.com\/fr\/1161934\/"},"modified":"2026-09-01T23:44:18","modified_gmt":"2026-09-01T23:44:18","slug":"zelensky-previent-que-les-drones-ukrainiens-vont-rendre-dangereux-le-ciel-russe-du-terrorisme-selon-poutine-actualites","status":"publish","type":"post","link":"https:\/\/www.europesays.com\/fr\/1161934\/","title":{"rendered":"Zelensky pr\u00e9vient que les drones ukrainiens vont rendre \u00ab\u00a0dangereux\u00a0\u00bb le ciel russe, du \u00ab\u00a0terrorisme\u00a0\u00bb selon Poutine : Actualit\u00e9s"},"content":{"rendered":"<p class=\"lead \">Le pr\u00e9sident ukrainien a pr\u00e9venu mardi l&rsquo;aviation civile et les partenaires de Kiev que les drones ukrainiens rendraient dangereux d&#8217;emprunter l&rsquo;espace a\u00e9rien russe, un avertissement que son homologue russe a qualifi\u00e9 de \u00ab\u00a0terroriste\u00a0\u00bb.<\/p>\n<p class=\"lead \">\u00ab\u00a0L&rsquo;Ukraine ne veut pas que des vies innocentes soient perdues. C&rsquo;est pourquoi nous avertissons nos partenaires : les jours s\u00fbrs dans le ciel russe sont r\u00e9volus\u00a0\u00bb, a d\u00e9clar\u00e9 Volodymyr Zelensky.<\/p>\n<p class=\"lead \">\u00ab\u00a0Le ciel au-dessus de la Russie est actuellement pour les drones. Pas pour l&rsquo;aviation civile. Tant que la guerre continue\u00a0\u00bb, a-t-il insist\u00e9, tout en pr\u00e9cisant que si elle n&rsquo;\u00e9tait pas vis\u00e9e \u00ab\u00a0en soi\u00a0\u00bb, l&rsquo;aviation civile n&rsquo;avait \u00ab\u00a0pas sa place dans un ciel infest\u00e9 de drones\u00a0\u00bb.<\/p>\n<p class=\"lead \">Kiev a intensifi\u00e9 ces derniers mois ses frappes en Russie et sur ses territoires occup\u00e9s par Moscou, visant particuli\u00e8rement des entrep\u00f4ts logistiques et des sites p\u00e9troliers et portuaires.<\/p>\n<p class=\"lead \">\u00ab\u00a0L&rsquo;adversaire a commenc\u00e9 \u00e0 mener des frappes contre nos infrastructures civiles, y compris des raffineries. Est-ce qu&rsquo;elles ont fait des d\u00e9g\u00e2ts ? Oui. Et pourquoi ? Entre autres raisons, surtout parce qu&rsquo;elles n&rsquo;\u00e9taient pas prot\u00e9g\u00e9es\u00a0\u00bb, a r\u00e9agi le pr\u00e9sident russe Vladimir Poutine, lors d&rsquo;une conf\u00e9rence de presse \u00e0 l&rsquo;issue du sommet de l&rsquo;Organisation de coop\u00e9ration de Shanghai (OCS) au Kirghizstan.<\/p>\n<p class=\"lead \">Il a ainsi \u00e9voqu\u00e9 une nouvelle mesure pour renforcer la protection des \u00ab\u00a0infrastructures d&rsquo;importance critique\u00a0\u00bb.<\/p>\n<p class=\"lead \">Les vols de drones ukrainiens provoquent aussi r\u00e9guli\u00e8rement des interruptions du trafic a\u00e9rien au d\u00e9part et \u00e0 l&rsquo;arriv\u00e9e des grands a\u00e9roports russes.<\/p>\n<p class=\"lead \">Le dirigeant ukrainien a affirm\u00e9 qu&rsquo;il s&rsquo;agissait d&rsquo;une r\u00e9ponse \u00ab\u00a0juste\u00a0\u00bb au \u00ab\u00a0d\u00e9sir de la Russie de prolonger la guerre\u00a0\u00bb, l&rsquo;accusant de \u00ab\u00a0terreur contre les civils\u00a0\u00bb.<\/p>\n<p class=\"lead \">Interrog\u00e9 sur ces propos, Vladimir Poutine a estim\u00e9 qu&rsquo;il s&rsquo;agissait d&rsquo;une \u00ab\u00a0d\u00e9claration de terrorisme d&rsquo;Etat\u00a0\u00bb et affirm\u00e9 qu&rsquo;on \u00ab\u00a0ne n\u00e9gocie pas avec les terroristes\u00a0\u00bb.<\/p>\n<p class=\"lead \">\u00ab\u00a0Si de telles trag\u00e9dies se produisent, nous saurons comment r\u00e9pondre\u00a0\u00bb, a-t-il ajout\u00e9.<\/p>\n<p class=\"lead \">&#8211; \u00ab\u00a0La s\u00e9curit\u00e9 reviendra\u00a0\u00bb &#8211;<\/p>\n<p class=\"lead \">Plus de quatre ans apr\u00e8s le d\u00e9but de son invasion de l&rsquo;Ukraine, la Russie poursuit ses frappes contre le pays, notamment avec des missiles balistiques que Kiev peine \u00e0 intercepter faute de munitions pour ses syst\u00e8mes de d\u00e9fense antia\u00e9riens.<\/p>\n<p class=\"lead \">Des frappes russes dans la nuit de lundi \u00e0 mardi ont fait au moins 12 morts \u00e0 Kiev et dans ses environs, dont sept employ\u00e9s des chemins de fer.<\/p>\n<p class=\"lead \">\u00ab\u00a0Je ne doute pas un instant que l&rsquo;ennemi va +s&rsquo;effondrer+\u00a0\u00bb, a r\u00e9pondu Vladimir Poutine \u00e0 la question d&rsquo;un m\u00e9dia russe apr\u00e8s l&rsquo;OCS, affirmant que les forces du Kremlin \u00ab\u00a0ne font pas qu&rsquo;avancer, elles augmentent aussi la cadence\u00a0\u00bb de leur offensive.<\/p>\n<p class=\"lead \">Les alarmes qui avertissent de menaces de drones et de missiles russes ont \u00e9t\u00e9 d\u00e9clench\u00e9es \u00e0 de nombreuses reprises tout au long de la journ\u00e9e de mardi dans la capitale ukrainienne.<\/p>\n<p class=\"lead \">\u00ab\u00a0Ici en Ukraine, des millions d&rsquo;enfants, malheureusement, sont oblig\u00e9s d&rsquo;aller dans les abris et d&rsquo;y \u00e9tudier, d&rsquo;y attendre que les attaques russes s&rsquo;arr\u00eatent\u00a0\u00bb, a d\u00e9clar\u00e9 M. Zelensky, en r\u00e9f\u00e9rence \u00e0 l&rsquo;ann\u00e9e scolaire qui d\u00e9bute dans de nombreux pays.<\/p>\n<p class=\"lead \">L&rsquo;Ukraine est cependant pr\u00eate \u00e0 suspendre ses attaques et \u00e0 ne pas perturber les vols en Russie sur demande de ses partenaires \u00ab\u00a0\u00e0 des p\u00e9riodes sp\u00e9cifiques et pour des destinations sp\u00e9cifiques\u00a0\u00bb, a assur\u00e9 M. Zelensky, \u00ab\u00a0au nom de la diplomatie et des n\u00e9gociations\u00a0\u00bb.<\/p>\n<p class=\"lead \">\u00ab\u00a0La s\u00e9curit\u00e9 reviendra dans le ciel de Russie. Elle reviendra lorsque commencera un v\u00e9ritable mouvement vers la paix\u00a0\u00bb, a-t-il continu\u00e9.<\/p>\n<p class=\"lead \">Les efforts diplomatiques sous m\u00e9diation am\u00e9ricaine sont au point mort depuis l&rsquo;\u00e9clatement de la guerre au Moyen-Orient.<\/p>\n<p class=\"lead \">Vladimir Poutine a n\u00e9anmoins affirm\u00e9 que les \u00e9missaires du pr\u00e9sident am\u00e9ricain Donald Trump, Jared Kushner et Steve Witkoff, \u00e9taient \u00ab\u00a0toujours les bienvenus\u00a0\u00bb en Russie.<\/p>\n<p class=\"lead \">\u00ab\u00a0De mon point de vue, ce sont des gens sinc\u00e8res et ils essaient de mettre du concret dans notre travail\u00a0\u00bb, a-t-il dit, \u00e0 propos de l&rsquo;entourage proche de Donald Trump engag\u00e9 dans les n\u00e9gociations.<\/p>\n<p class=\"small font-weight-bold text-gray3 \"> publi\u00e9 le 2 septembre \u00e0 01h36, AFP<\/p>\n<p>                             Partager<\/p>\n","protected":false},"excerpt":{"rendered":"Le pr\u00e9sident ukrainien a pr\u00e9venu mardi l&rsquo;aviation civile et les partenaires de Kiev que les drones ukrainiens rendraient&hellip;\n","protected":false},"author":2,"featured_media":1161935,"comment_status":"","ping_status":"","sticky":false,"template":"","format":"standard","meta":{"footnotes":"","_share_on_mastodon":"0"},"categories":[1591],"tags":[11,6376,7182,2120,312,1887,12,1885,1886,132,2803,220],"class_list":["post-1161934","post","type-post","status-publish","format-standard","has-post-thumbnail","category-russie","tag-actualites","tag-armes","tag-aviation","tag-conflit","tag-diplomatie","tag-federation-de-russie","tag-news","tag-russia","tag-russian-federation","tag-russie","tag-transport","tag-ukraine"],"share_on_mastodon":{"url":"https:\/\/pubeurope.com\/@fr\/117198446149554525","error":""},"_links":{"self":[{"href":"https:\/\/www.europesays.com\/fr\/wp-json\/wp\/v2\/posts\/1161934","targetHints":{"allow":["GET"]}}],"collection":[{"href":"https:\/\/www.europesays.com\/fr\/wp-json\/wp\/v2\/posts"}],"about":[{"href":"https:\/\/www.europesays.com\/fr\/wp-json\/wp\/v2\/types\/post"}],"author":[{"embeddable":true,"href":"https:\/\/www.europesays.com\/fr\/wp-json\/wp\/v2\/users\/2"}],"replies":[{"embeddable":true,"href":"https:\/\/www.europesays.com\/fr\/wp-json\/wp\/v2\/comments?post=1161934"}],"version-history":[{"count":0,"href":"https:\/\/www.europesays.com\/fr\/wp-json\/wp\/v2\/posts\/1161934\/revisions"}],"wp:featuredmedia":[{"embeddable":true,"href":"https:\/\/www.europesays.com\/fr\/wp-json\/wp\/v2\/media\/1161935"}],"wp:attachment":[{"href":"https:\/\/www.europesays.com\/fr\/wp-json\/wp\/v2\/media?parent=1161934"}],"wp:term":[{"taxonomy":"category","embeddable":true,"href":"https:\/\/www.europesays.com\/fr\/wp-json\/wp\/v2\/categories?post=1161934"},{"taxonomy":"post_tag","embeddable":true,"href":"https:\/\/www.europesays.com\/fr\/wp-json\/wp\/v2\/tags?post=1161934"}],"curies":[{"name":"wp","href":"https:\/\/api.w.org\/{rel}","templated":true}]}}