{"id":1161949,"date":"2026-09-01T23:56:16","date_gmt":"2026-09-01T23:56:16","guid":{"rendered":"https:\/\/www.europesays.com\/fr\/1161949\/"},"modified":"2026-09-01T23:56:16","modified_gmt":"2026-09-01T23:56:16","slug":"je-pars-le-coeur-leger-guela-doue-officialise-son-depart-du-racing-club-de-strasbourg-dna-fr","status":"publish","type":"post","link":"https:\/\/www.europesays.com\/fr\/1161949\/","title":{"rendered":"\u00ab Je pars le c\u0153ur l\u00e9ger \u00bb : Gu\u00e9la Dou\u00e9 officialise son d\u00e9part du Racing Club de Strasbourg &#8211; dna.fr"},"content":{"rendered":"<ol>\n<li><a href=\"https:\/\/news.google.com\/rss\/articles\/CBMivgFBVV95cUxNNW5ReHMwVmZ5d0pSZnhMNG95SnR0T0FNSDBQaU9ydEx4RDlqUWplR0FLOXY2VmUyejJPR281OUNGMDR6VkttRmdWbjJWNk5GLTFpMjcyQnRKMEFDMzY5RlJXUlkzcVdXSFNMc0xBTGpFVWlmbW1QMXBBS21nd0Njb09lMDRqOE9RQWJjQjJIUGZFeDhqNlBaa2ZCb3lhVllScHRtei1jUnEwbUlsMHNBZ05DMjA5NGh0LTEtbFJR?oc=5\" target=\"_blank\" rel=\"nofollow noopener\">\u00ab Je pars le c\u0153ur l\u00e9ger \u00bb : Gu\u00e9la Dou\u00e9 officialise son d\u00e9part du Racing Club de Strasbourg<\/a>&nbsp;&nbsp;dna.fr<\/li>\n<li><a href=\"https:\/\/news.google.com\/rss\/articles\/CBMioAJBVV95cUxNenRnZVhDc1FEQzQ1R1hXWlRfdTRPb192UWJNTzZsVFVTVVptNTRSUWxlWmNyWFJPNTNQRDdNQXNQYlRWdDVkWTZPemRfSnNoMUJqS3dPdlFEdGYwdy1sSW9ZMV9sQzFyZ193THNEZlNlcHkyWXo5a0twel8tOVFkMTFiSFNscjZ4aGVDSlRSMlBkRFNYbEIyM0pQX216UHMtQ3VHWFh6QTBWYjRvb2s5TDFVbnY5WmJiNHRkRlJjVUNGMXl4NVFtRDBTTjdrQXFyZndSSVFBWlJIaTNnY0FjWU9CTVpYbFE5OWdHSDFmVnE5aUlqT0pQSlF4MFY2SzBJZkxwdjlTT2FvT1NOa3RnTVg1VFVyT3FLS3JJdkt6TzU?oc=5\" target=\"_blank\" rel=\"nofollow noopener\">[Podcasts] C&rsquo;\u00c9TAIT PAS DANS ROTHEN S&rsquo;ENFLAMME : Guela Dou\u00e9, Malick Fofana, J\u00e9r\u00f4me donne son avis sur les derni\u00e8res infos du mercato<\/a>&nbsp;&nbsp;RMC Sport<\/li>\n<li><a href=\"https:\/\/news.google.com\/rss\/articles\/CBMingJBVV95cUxQRXM3bHZLQzJfc1pqT3NSOGs4T2h4YkFfOThqckdkVXVCT2NaakZiWndLTGpRb3dLTnpGODdlbU5ONFB3SFk5S0tVa2JjZVlEZllMTk92TnhZeXpsRWZGeEZtMG5MYlE0OFVFY2FFZ2FhSWUyYWpqRURTUGZDWENaekdoNGc0UVkxR2ItTmNYcE0yd0dOcmU3SXdwdzNnYUZJZmRCUnhBcS1NNEptelZxV3FsZWhEOUthU0ZaTjVFX1Ntc2ZNalRQMks2b0VLZjlvYU5kQ2pzNXFJQTFqak5yV3BjdkNnNEVxMjBvOGNYcGdDWjFuYjR1MlFlNVhMUi16MnFVOEo2SkVTX3NoZGIxcFV6Z3FaRWxPdF9qbUlB?oc=5\" target=\"_blank\" rel=\"nofollow noopener\">Mercato. Form\u00e9 \u00e0 Rennes, Gu\u00e9la Dou\u00e9 tout proche de quitter Strasbourg pour rejoindre l\u2019Allemagne pour un transfert XXL<\/a>&nbsp;&nbsp;Ouest-France<\/li>\n<li><a href=\"https:\/\/news.google.com\/rss\/articles\/CBMihAFBVV95cUxOcnBtRERvWmhuMDNoYXl3OFZwaTdGYkpQWkM4ZFZma1Q3VWkycmF4Rk5JOHVuNGlWSi1sTExpdnBiNExNU2ZyUWlxbjl5TGRCTk9SNkFWWmpKLXVmMjl3VXhqeHdKQVNRUl9JRm15d0thQkcyRnNjazJYVXRxMHcwcDNNOXc?oc=5\" target=\"_blank\" rel=\"nofollow noopener\">Gu\u00e9la Dou\u00e9 vers le Bayer Leverkusen<\/a>&nbsp;&nbsp;Yahoo Actualit\u00e9s<\/li>\n<li><a href=\"https:\/\/news.google.com\/rss\/articles\/CBMijgJBVV95cUxPNjdlRC1CV0ZZRHVudnBEemQwQWw4MVFQLXpoQk45cURMclVXcUw3SWxtUVJBOUpIZGhidnNwelQ1cEFIajJZRVZFLWRPLUJHN0daZGVoQnhrSzFZOG02aC01YnRFZ0UwXzJsYlRQMEFEUGFxaWljT1JpRllvXzN0NHBoeWxtdXBqMzROTlc0VWtnblB3T3JyM2xjU1hQSDN1THctd3ZwVHg1ZTJKQjBPNGVSQ2ZwMEkySGdjSTFVTmpWVUhlb1NSc1NWTlV0Z0ZEMVJzSm40NzV6cE1hTmNvMklsUGxrOFh0UTllbEo1V2d5UXNyOWlkc2hibkttYk9VMXJhcFA5N09UUWtYUnc?oc=5\" target=\"_blank\" rel=\"nofollow noopener\">Mercato. Form\u00e9 \u00e0 Rennes, Gu\u00e9la Dou\u00e9 tout proche de quitter Strasbourg pour rejoindre<\/a>&nbsp;&nbsp;Maville Nantes<\/li>\n<\/ol>\n","protected":false},"excerpt":{"rendered":"\u00ab Je pars le c\u0153ur l\u00e9ger \u00bb : Gu\u00e9la Dou\u00e9 officialise son d\u00e9part du Racing Club de Strasbourg&nbsp;&nbsp;dna.fr&hellip;\n","protected":false},"author":2,"featured_media":1161950,"comment_status":"","ping_status":"","sticky":false,"template":"","format":"standard","meta":{"footnotes":"","_share_on_mastodon":"0"},"categories":[2],"tags":[328,11,2649,2880,107,1701,63,1011,27,7020,23100,12,41281,25,517,640],"class_list":["post-1161949","post","type-post","status-publish","format-standard","has-post-thumbnail","category-actualites","tag-a-la-une","tag-actualites","tag-bas-rhin","tag-edition-strasbourg","tag-fil-info","tag-fil-info-sport","tag-football","tag-fr","tag-france","tag-ligue-1-football","tag-mercato-football","tag-news","tag-racing-club-strasbourg-masculin","tag-republique-francaise","tag-sport","tag-strasbourg"],"share_on_mastodon":{"url":"https:\/\/pubeurope.com\/@fr\/117198493344620382","error":""},"_links":{"self":[{"href":"https:\/\/www.europesays.com\/fr\/wp-json\/wp\/v2\/posts\/1161949","targetHints":{"allow":["GET"]}}],"collection":[{"href":"https:\/\/www.europesays.com\/fr\/wp-json\/wp\/v2\/posts"}],"about":[{"href":"https:\/\/www.europesays.com\/fr\/wp-json\/wp\/v2\/types\/post"}],"author":[{"embeddable":true,"href":"https:\/\/www.europesays.com\/fr\/wp-json\/wp\/v2\/users\/2"}],"replies":[{"embeddable":true,"href":"https:\/\/www.europesays.com\/fr\/wp-json\/wp\/v2\/comments?post=1161949"}],"version-history":[{"count":0,"href":"https:\/\/www.europesays.com\/fr\/wp-json\/wp\/v2\/posts\/1161949\/revisions"}],"wp:featuredmedia":[{"embeddable":true,"href":"https:\/\/www.europesays.com\/fr\/wp-json\/wp\/v2\/media\/1161950"}],"wp:attachment":[{"href":"https:\/\/www.europesays.com\/fr\/wp-json\/wp\/v2\/media?parent=1161949"}],"wp:term":[{"taxonomy":"category","embeddable":true,"href":"https:\/\/www.europesays.com\/fr\/wp-json\/wp\/v2\/categories?post=1161949"},{"taxonomy":"post_tag","embeddable":true,"href":"https:\/\/www.europesays.com\/fr\/wp-json\/wp\/v2\/tags?post=1161949"}],"curies":[{"name":"wp","href":"https:\/\/api.w.org\/{rel}","templated":true}]}}