{"id":1161980,"date":"2026-09-02T00:22:18","date_gmt":"2026-09-02T00:22:18","guid":{"rendered":"https:\/\/www.europesays.com\/fr\/1161980\/"},"modified":"2026-09-02T00:22:18","modified_gmt":"2026-09-02T00:22:18","slug":"pour-le-canada-la-presence-de-la-russie-au-g20-finance-a-cree-un-malaise-01-09-2026-a-2247","status":"publish","type":"post","link":"https:\/\/www.europesays.com\/fr\/1161980\/","title":{"rendered":"Pour le Canada, la pr\u00e9sence de la Russie au G20 Finance a cr\u00e9\u00e9 un \u00ab\u00a0malaise\u00a0\u00bb &#8211; 01\/09\/2026 \u00e0 22:47"},"content":{"rendered":"<p>        <img decoding=\"async\" src=\"https:\/\/www.europesays.com\/fr\/wp-content\/uploads\/2026\/09\/6bbd69a4b764aa79dc21530040d08b69-760x507.jpg\" alt=\"Le ministre canadien des Finances, Fran\u00e7ois-Philippe Champagne, lors d'une entrevue en marge de la r\u00e9union des ministres des Finances et des gouverneurs de banques centrales du G20 \u00e0 Asheville, en Caroline du Nord, le 1er septembre 2026 ( AFP \/ Allison Joyce )\" loading=\"eager\" fetchpriority=\"high\" width=\"760\" height=\"507\" style=\"max-width: 100%!important; height: auto;\"\/><\/p>\n<p class=\"c-image-news__legend\">Le ministre canadien des Finances, Fran\u00e7ois-Philippe Champagne, lors d&rsquo;une entrevue en marge de la r\u00e9union des ministres des Finances et des gouverneurs de banques centrales du G20 \u00e0 Asheville, en Caroline du Nord, le 1er septembre 2026 ( AFP \/ Allison Joyce )<\/p>\n<p>\n La pr\u00e9sence de la Russie au sommet du G20 organis\u00e9 aux Etats-Unis a cr\u00e9\u00e9 un \u00ab\u00a0malaise\u00a0\u00bb en raison de la guerre men\u00e9e par Moscou en Ukraine, a regrett\u00e9 mardi le ministre canadien des Finances aupr\u00e8s de l&rsquo;AFP.\n<\/p>\n<p>\n Son homologue russe Anton Silouanov, dont la venue n&rsquo;avait pas \u00e9t\u00e9 annonc\u00e9e au pr\u00e9alable, a particip\u00e9 lundi et mardi aux travaux du groupe rassemblant les premi\u00e8res \u00e9conomies mondiales \u00e0 Asheville (Caroline du Nord, sud des Etats-Unis).\n<\/p>\n<p>\n Les Europ\u00e9ens s&rsquo;en sont rapidement \u00e9mus, y voyant une forme de \u00ab\u00a0normalisation\u00a0\u00bb des relations avec la Russie qui bombarde sans rel\u00e2che leur alli\u00e9 ukrainien.\n<\/p>\n<p>\n Ils ont obtenu qu&rsquo;il soit exclu de la traditionnelle photo de famille.\n<\/p>\n<p>\n La pr\u00e9sence d&rsquo;Anton Silouanov \u00ab\u00a0a cr\u00e9\u00e9 un malaise, sans aucun doute\u00a0\u00bb, a d\u00e9crit le ministre canadien des Finances Fran\u00e7ois-Philippe Champagne dans un entretien avec l&rsquo;AFP, au dernier jour du sommet.\n<\/p>\n<p>\n \u00ab\u00a0Nous avons toujours \u00e9t\u00e9 tr\u00e8s fermes dans notre soutien \u00e0 l&rsquo;Ukraine et au peuple ukrainien, et cela ne changera pas. (&#8230;) Nous sommes aussi tr\u00e8s unis avec nos partenaires europ\u00e9ens\u00a0\u00bb, a ajout\u00e9 le ministre.\n<\/p>\n<p> \u00ab\u00a0Constructif et ferme\u00a0\u00bb<\/p>\n<p>\n M. Champagne devait s&rsquo;entretenir dans l&rsquo;apr\u00e8s-midi avec le secr\u00e9taire am\u00e9ricain au Tr\u00e9sor Scott Bessent, l&rsquo;h\u00f4te de l&rsquo;\u00e9v\u00e8nement.\n<\/p>\n<p>\n Les deux voisins sont engag\u00e9s dans un nouveau conflit commercial, \u00e0 coups de droits de douane.\n<\/p>\n<p>\n Le ministre canadien comptait \u00eatre \u00ab\u00a0\u00e0 la fois constructif et ferme\u00a0\u00bb pendant son rendez-vous avec M. Bessent.\n<\/p>\n<p>\n \u00ab\u00a0Les Canadiens attendent de nous qu&rsquo;on d\u00e9fende le Canada, notre industrie et nos travailleurs\u00a0\u00bb, a affirm\u00e9 M. Champagne, disant vouloir \u00ab\u00a0renouer le dialogue\u00a0\u00bb avec les Etats-Unis \u00ab\u00a0sur une base mutuellement b\u00e9n\u00e9fique\u00a0\u00bb.\n<\/p>\n<p>\n Ottawa a rompu r\u00e9cemment les n\u00e9gociations avec Washington, accusant la Maison Blanche de vouloir lui imposer un accord commercial \u00ab\u00a0injuste\u00a0\u00bb.\n<\/p>\n<p>\n Le pays a ripost\u00e9 \u00e0 l&rsquo;entr\u00e9e en vigueur de nouveaux droits de douane am\u00e9ricains avec une s\u00e9rie de contre-surtaxes qui doivent entrer en vigueur le 8 septembre.\n<\/p>\n<p>\n \u00ab\u00a0Nous n&rsquo;avons pas voulu de ce conflit commercial mais nous devons r\u00e9agir pour que les entreprises (canadiennes) ne soient pas d\u00e9savantag\u00e9es par rapport aux entreprises am\u00e9ricaines\u00a0\u00bb, a justifi\u00e9 M. Champagne.\n<\/p>\n<p>\n Selon lui, \u00ab\u00a0notre r\u00e9ponse a \u00e9t\u00e9 cibl\u00e9e, strat\u00e9gique et proportionn\u00e9e\u00a0\u00bb.\n<\/p>\n<p>\n Ce G20 Finance est par ailleurs l&rsquo;occasion pour les Etats-Unis de tenter d&#8217;embarquer d&rsquo;autres pays dans leur offensive \u00e9conomique contre l&rsquo;Iran, que la puissance militaire am\u00e9ricaine n&rsquo;a pas fait plier jusqu&rsquo;ici.\n<\/p>\n<p>\n Washington veut isoler T\u00e9h\u00e9ran en bannissant du syst\u00e8me financier occidental les organisations qui commercent avec la R\u00e9publique islamique.\n<\/p>\n<p>\n \u00ab\u00a0Nous avons toujours agi de concert avec nos partenaires\u00a0\u00bb concernant les sanctions visant la Russie et l&rsquo;Iran, a d\u00e9clar\u00e9 M. Champagne.\n<\/p>\n<p>\n Les \u00e9changes commerciaux du Canada avec ces deux pays se situent d\u00e9j\u00e0 au \u00ab\u00a0niveau le plus bas que je puisse imaginer\u00a0\u00bb, a-t-il point\u00e9.<\/p>\n","protected":false},"excerpt":{"rendered":"Le ministre canadien des Finances, Fran\u00e7ois-Philippe Champagne, lors d&rsquo;une entrevue en marge de la r\u00e9union des ministres des&hellip;\n","protected":false},"author":2,"featured_media":1161981,"comment_status":"","ping_status":"","sticky":false,"template":"","format":"standard","meta":{"footnotes":"","_share_on_mastodon":"0"},"categories":[5],"tags":[400,11,398,408,405,1011,27,403,14,402,399,404,12,401,406,407,28],"class_list":["post-1161980","post","type-post","status-publish","format-standard","has-post-thumbnail","category-international","tag-action-cac-40","tag-actualites","tag-bourse-de-paris","tag-boursorama","tag-cotations","tag-fr","tag-france","tag-indices-devises","tag-international","tag-investir","tag-investissement","tag-marche-boursier","tag-news","tag-sicav","tag-trackers","tag-warrants","tag-world"],"share_on_mastodon":{"url":"https:\/\/pubeurope.com\/@fr\/117198597321067915","error":""},"_links":{"self":[{"href":"https:\/\/www.europesays.com\/fr\/wp-json\/wp\/v2\/posts\/1161980","targetHints":{"allow":["GET"]}}],"collection":[{"href":"https:\/\/www.europesays.com\/fr\/wp-json\/wp\/v2\/posts"}],"about":[{"href":"https:\/\/www.europesays.com\/fr\/wp-json\/wp\/v2\/types\/post"}],"author":[{"embeddable":true,"href":"https:\/\/www.europesays.com\/fr\/wp-json\/wp\/v2\/users\/2"}],"replies":[{"embeddable":true,"href":"https:\/\/www.europesays.com\/fr\/wp-json\/wp\/v2\/comments?post=1161980"}],"version-history":[{"count":0,"href":"https:\/\/www.europesays.com\/fr\/wp-json\/wp\/v2\/posts\/1161980\/revisions"}],"wp:featuredmedia":[{"embeddable":true,"href":"https:\/\/www.europesays.com\/fr\/wp-json\/wp\/v2\/media\/1161981"}],"wp:attachment":[{"href":"https:\/\/www.europesays.com\/fr\/wp-json\/wp\/v2\/media?parent=1161980"}],"wp:term":[{"taxonomy":"category","embeddable":true,"href":"https:\/\/www.europesays.com\/fr\/wp-json\/wp\/v2\/categories?post=1161980"},{"taxonomy":"post_tag","embeddable":true,"href":"https:\/\/www.europesays.com\/fr\/wp-json\/wp\/v2\/tags?post=1161980"}],"curies":[{"name":"wp","href":"https:\/\/api.w.org\/{rel}","templated":true}]}}