{"id":1161982,"date":"2026-09-02T00:23:14","date_gmt":"2026-09-02T00:23:14","guid":{"rendered":"https:\/\/www.europesays.com\/fr\/1161982\/"},"modified":"2026-09-02T00:23:14","modified_gmt":"2026-09-02T00:23:14","slug":"mort-de-samuel-paty-lui-continue-a-jouir-de-la-vie-sa-soeur-condamne-le-complice-du-tueur-arrete-au-parc-asterix","status":"publish","type":"post","link":"https:\/\/www.europesays.com\/fr\/1161982\/","title":{"rendered":"Mort de Samuel Paty\u00a0: \u00ab\u00a0Lui continue \u00e0 jouir de la vie\u00a0\u00bb\u2026 Sa s\u0153ur condamne le complice du tueur arr\u00eat\u00e9 au Parc Ast\u00e9rix"},"content":{"rendered":"<p> \u00abC\u2019est tr\u00e8s choquant. Il continue \u00e0 profiter de la vie et \u00e0 jouir de plaisirs alors que mon fr\u00e8re, lui, ne peut plus.\u00a0\u00bb Micka\u00eblle <a href=\"https:\/\/www.20minutes.fr\/societe\/samuel-paty\/\" class=\"c-link c-link--is-underlined\" rel=\"nofollow noopener\" target=\"_blank\">Paty<\/a>, l\u2019une des s\u0153urs de l\u2019enseignant d\u00e9capit\u00e9 le 16\u00a0octobre 2020 par le terroriste islamiste Abdoullakh Anzorov, <a href=\"https:\/\/www.lefigaro.fr\/faits-divers\/il-se-moque-de-la-loi-francaise-la-colere-de-la-soeur-de-samuel-paty-apres-l-interpellation-au-parc-asterix-d-un-individu-implique-dans-son-assassinat-20260901\" target=\"_blank\" class=\"c-link c-link--is-underlined\" rel=\"nofollow noopener\">s\u2019est emport\u00e9e ce mardi dans Le Figaro<\/a> apr\u00e8s l\u2019arrestation d\u2019Azim Epsirkhanov.<\/p>\n<p>Ce Tch\u00e9tch\u00e8ne de 25 ans a \u00e9t\u00e9 interpell\u00e9 au Parc Ast\u00e9rix et condamn\u00e9 dans la foul\u00e9e \u00e0 un an de prison ferme, lundi, par le tribunal de Senlis (<a href=\"https:\/\/www.20minutes.fr\/societe\/oise\/\" class=\"c-link c-link--is-underlined\" rel=\"nofollow noopener\" target=\"_blank\">Oise<\/a>) pour ne pas avoir respect\u00e9 son assignation \u00e0 r\u00e9sidence chez sa compagne dans les Hauts-de-Seine. Vis\u00e9 par une OQTF (Obligation de quitter le territoire fran\u00e7ais), il a fait appel de cette d\u00e9cision administrative, un appel suspensif.<\/p>\n<\/p>\n<p>\u00ab\u00a0\u00c7a me met en col\u00e8re\u00a0\u00bb<\/p>\n<p>C\u2019est lui qui avait fourni au meurtrier le couteau qui avait servi pour d\u00e9capiter Samuel Paty. Il a expliqu\u00e9 ne pas \u00eatre au courant du projet terroriste d\u2019Anzorov. Il a \u00e9t\u00e9 condamn\u00e9 en mars \u00e0 sept ans de prison pour association de malfaiteurs.<\/p>\n<p>Le parquet de Senlis a r\u00e9v\u00e9l\u00e9, lundi, qu\u2019il avait quitt\u00e9 le d\u00e9partement des Hauts-de-Seine \u00e0 huit reprises, y compris la nuit. Le pr\u00e9venu a invoqu\u00e9 durant l\u2019audience \u00ab\u00a0une incompr\u00e9hension\u00a0\u00bb concernant la d\u00e9cision pr\u00e9fectorale. \u00ab\u00a0\u00c7a me met en col\u00e8re qu\u2019il se retrouve au Parc Ast\u00e9rix, avec ce c\u00f4t\u00e9 r\u00e9cr\u00e9atif auquel il ne devrait pas avoir acc\u00e8s\u00a0\u00bb, d\u00e9plore la s\u0153ur de l\u2019enseignant, aupr\u00e8s du quotidien national. \u00ab\u00a0Il se moque int\u00e9gralement de respecter la loi fran\u00e7aise\u00a0\u00bb, estime-t-elle.<\/p>\n","protected":false},"excerpt":{"rendered":"\u00abC\u2019est tr\u00e8s choquant. Il continue \u00e0 profiter de la vie et \u00e0 jouir de plaisirs alors que mon&hellip;\n","protected":false},"author":2,"featured_media":1161983,"comment_status":"","ping_status":"","sticky":false,"template":"","format":"standard","meta":{"footnotes":"","_share_on_mastodon":"0"},"categories":[4],"tags":[47,11,92891,14103,1011,27,811,3314,662,12,1940,812,25,104],"class_list":["post-1161982","post","type-post","status-publish","format-standard","has-post-thumbnail","category-france","tag-actualite","tag-actualites","tag-assassinat-de-samuel-paty","tag-asterix","tag-fr","tag-france","tag-hauts-de-france","tag-hauts-de-seine","tag-ile-de-france","tag-news","tag-oise","tag-picardie","tag-republique-francaise","tag-societe"],"share_on_mastodon":{"url":"https:\/\/pubeurope.com\/@fr\/117198599377370024","error":""},"_links":{"self":[{"href":"https:\/\/www.europesays.com\/fr\/wp-json\/wp\/v2\/posts\/1161982","targetHints":{"allow":["GET"]}}],"collection":[{"href":"https:\/\/www.europesays.com\/fr\/wp-json\/wp\/v2\/posts"}],"about":[{"href":"https:\/\/www.europesays.com\/fr\/wp-json\/wp\/v2\/types\/post"}],"author":[{"embeddable":true,"href":"https:\/\/www.europesays.com\/fr\/wp-json\/wp\/v2\/users\/2"}],"replies":[{"embeddable":true,"href":"https:\/\/www.europesays.com\/fr\/wp-json\/wp\/v2\/comments?post=1161982"}],"version-history":[{"count":0,"href":"https:\/\/www.europesays.com\/fr\/wp-json\/wp\/v2\/posts\/1161982\/revisions"}],"wp:featuredmedia":[{"embeddable":true,"href":"https:\/\/www.europesays.com\/fr\/wp-json\/wp\/v2\/media\/1161983"}],"wp:attachment":[{"href":"https:\/\/www.europesays.com\/fr\/wp-json\/wp\/v2\/media?parent=1161982"}],"wp:term":[{"taxonomy":"category","embeddable":true,"href":"https:\/\/www.europesays.com\/fr\/wp-json\/wp\/v2\/categories?post=1161982"},{"taxonomy":"post_tag","embeddable":true,"href":"https:\/\/www.europesays.com\/fr\/wp-json\/wp\/v2\/tags?post=1161982"}],"curies":[{"name":"wp","href":"https:\/\/api.w.org\/{rel}","templated":true}]}}