{"id":1162002,"date":"2026-09-02T00:37:24","date_gmt":"2026-09-02T00:37:24","guid":{"rendered":"https:\/\/www.europesays.com\/fr\/1162002\/"},"modified":"2026-09-02T00:37:24","modified_gmt":"2026-09-02T00:37:24","slug":"dynamiser-la-commune-lobjectif-du-comite-des-fetes-dans-ce-village-de-seine-maritime","status":"publish","type":"post","link":"https:\/\/www.europesays.com\/fr\/1162002\/","title":{"rendered":"\u00ab\u00a0Dynamiser la commune\u00a0\u00bb, l&rsquo;objectif du comit\u00e9 des f\u00eates dans ce village de Seine-Maritime"},"content":{"rendered":"<p>                    Par<br \/>\n        <strong><br \/>\n            <a href=\"https:\/\/actu.fr\/auteur\/journaliste-ne\" title=\"Consulter tous les articles de R\u00e9daction Neufch\u00e2tel-en-Bray\" rel=\"nofollow noopener\" target=\"_blank\">R\u00e9daction Neufch\u00e2tel-en-Bray<\/a><br \/>\n                    <\/strong><\/p>\n<p>        Publi\u00e9 le<\/p>\n<p>            1 sept. 2026 \u00e0 16h54        <\/p>\n<p>Le comit\u00e9 des f\u00eates de <a href=\"https:\/\/actu.fr\/normandie\/fontaine-en-bray_76269\" rel=\"nofollow noopener\" target=\"_blank\">Fontaine-en-Bray<\/a>, pr\u00e8s de Neufch\u00e2tel-en-Bray <b>(Seine-Maritime)<\/b> organisait sa deuxi\u00e8me foire \u00e0 tout dimanche 30 ao\u00fbt. 20 exposants et deux professionnels s\u2019\u00e9taient install\u00e9s autour de la salle des f\u00eates et de la mairie.<\/p>\n<p class=\" wall-content\">Pour les enfants qui ne souhaitaient pas chiner comme leurs parents, le comit\u00e9 proposait des jeux de kermesse, des bulles g\u00e9antes et une structure gonflable.<\/p>\n<p>Au comit\u00e9, on mise sur ce qui fonctionne<\/p>\n<p class=\" wall-content\">\u00ab\u00a0Nous sommes une quinzaine de b\u00e9n\u00e9voles actifs \u00e0 vouloir dynamiser la commune. Nous misons sur ce qui fonctionne pour que notre village vive\u00a0\u00bb, d\u00e9clare la nouvelle pr\u00e9sidente du comit\u00e9 depuis quelques mois, <b>Vanessa Bocquet<\/b>.<\/p>\n<p class=\" wall-content\">Vanessa habite la commune depuis 20 ans. \u00ab\u00a0Mais jusqu\u2019\u00e0 pr\u00e9sent, je ne participais que ponctuellement sans vouloir avoir de contraintes\u00a0\u00bb. Elle ajoute : \u00ab\u00a0Les enfants sont plus grands, alors j\u2019ai d\u00e9cid\u00e9 de m\u2019investir beaucoup plus pour que les nouveaux arrivants nous rejoignent\u00a0\u00bb, lance-t-elle.<\/p>\n<p class=\" wall-content\">Parmi les volont\u00e9s du comit\u00e9 : continuer le <a href=\"https:\/\/actu.fr\/normandie\/fontaine-en-bray_76269\/un-cafe-associatif-a-ouvert-ses-portes-dans-ce-petit-village-de-seine-maritime_60721570.html\" rel=\"nofollow noopener\" target=\"_blank\">bar associatif <\/a>tous les deux mois avec un repas \u00e0 th\u00e8me. \u00ab\u00a0Ensuite, nous poursuivrons les randonn\u00e9es ainsi qu\u2019un d\u00e9fil\u00e9 d\u2019Halloween. Nous ferons venir le P\u00e8re No\u00ebl avec des chiens de tra\u00eeneaux pour la deuxi\u00e8me ann\u00e9e, une animation qui avait \u00e9t\u00e9 largement appr\u00e9ci\u00e9e par les enfants l\u2019an dernier\u00a0\u00bb, se r\u00e9jouit la pr\u00e9sidente. Un beau programme en perspective.<\/p>\n<p class=\" wall-content\">Personnalisez votre actualit\u00e9 en ajoutant vos villes et m\u00e9dias en favori avec <a href=\"https:\/\/moncompte.actu.fr\" title=\"D\u00e9couvez Mon Actu\" rel=\"nofollow noopener\" data-trk=\"{&quot;cta&quot;:{&quot;action&quot;:&quot;https:\\\/\\\/moncompte.actu.fr&quot;,&quot;category&quot;:&quot;mon compte&quot;,&quot;from&quot;:&quot;article footer&quot;,&quot;name&quot;:&quot;Mon actu&quot;,&quot;type&quot;:&quot;cta&quot;}}\" target=\"_blank\">Mon Actu<\/a>.<\/p>\n","protected":false},"excerpt":{"rendered":"Par R\u00e9daction Neufch\u00e2tel-en-Bray Publi\u00e9 le 1 sept. 2026 \u00e0 16h54 Le comit\u00e9 des f\u00eates de Fontaine-en-Bray, pr\u00e8s de&hellip;\n","protected":false},"author":2,"featured_media":1162003,"comment_status":"","ping_status":"","sticky":false,"template":"","format":"standard","meta":{"footnotes":"","_share_on_mastodon":"0"},"categories":[9587],"tags":[1111,11,1063,1777,674,1011,27,12,5161,10175,25,9590,104],"class_list":["post-1162002","post","type-post","status-publish","format-standard","has-post-thumbnail","category-rouen","tag-actu","tag-actualites","tag-animations","tag-eu","tag-europe","tag-fr","tag-france","tag-news","tag-normandie","tag-pays-de-bray","tag-republique-francaise","tag-rouen","tag-societe"],"share_on_mastodon":{"url":"https:\/\/pubeurope.com\/@fr\/117198654271479837","error":""},"_links":{"self":[{"href":"https:\/\/www.europesays.com\/fr\/wp-json\/wp\/v2\/posts\/1162002","targetHints":{"allow":["GET"]}}],"collection":[{"href":"https:\/\/www.europesays.com\/fr\/wp-json\/wp\/v2\/posts"}],"about":[{"href":"https:\/\/www.europesays.com\/fr\/wp-json\/wp\/v2\/types\/post"}],"author":[{"embeddable":true,"href":"https:\/\/www.europesays.com\/fr\/wp-json\/wp\/v2\/users\/2"}],"replies":[{"embeddable":true,"href":"https:\/\/www.europesays.com\/fr\/wp-json\/wp\/v2\/comments?post=1162002"}],"version-history":[{"count":0,"href":"https:\/\/www.europesays.com\/fr\/wp-json\/wp\/v2\/posts\/1162002\/revisions"}],"wp:featuredmedia":[{"embeddable":true,"href":"https:\/\/www.europesays.com\/fr\/wp-json\/wp\/v2\/media\/1162003"}],"wp:attachment":[{"href":"https:\/\/www.europesays.com\/fr\/wp-json\/wp\/v2\/media?parent=1162002"}],"wp:term":[{"taxonomy":"category","embeddable":true,"href":"https:\/\/www.europesays.com\/fr\/wp-json\/wp\/v2\/categories?post=1162002"},{"taxonomy":"post_tag","embeddable":true,"href":"https:\/\/www.europesays.com\/fr\/wp-json\/wp\/v2\/tags?post=1162002"}],"curies":[{"name":"wp","href":"https:\/\/api.w.org\/{rel}","templated":true}]}}