{"id":1162077,"date":"2026-09-02T01:34:19","date_gmt":"2026-09-02T01:34:19","guid":{"rendered":"https:\/\/www.europesays.com\/fr\/1162077\/"},"modified":"2026-09-02T01:34:19","modified_gmt":"2026-09-02T01:34:19","slug":"legalisation-par-manchester-city-du-record-britannique-pour-recruter-enzo-fernandez-est-ridicule-et-cela-laisse-aussi-chelsea-en-sous-effectif-au-milieu-de-terrain-goal-note-les-plus-gros","status":"publish","type":"post","link":"https:\/\/www.europesays.com\/fr\/1162077\/","title":{"rendered":"L\u2019\u00e9galisation par Manchester City du record britannique pour recruter Enzo Fernandez est ridicule, et cela laisse aussi Chelsea en sous-effectif au milieu de terrain : GOAL note les plus gros transferts du mercato estival 2026"},"content":{"rendered":"<p><b><strong>Pour Manchester City :<\/strong><\/b> Le d\u00e9part \u00e9mouvant de John Stones a \u00e9t\u00e9 confirm\u00e9 \u00e0 la fin de la saison du club, mais c\u2019\u00e9tait en v\u00e9rit\u00e9 in\u00e9vitable. Le d\u00e9fenseur a \u00e9t\u00e9 min\u00e9 par les blessures tout au long de son passage \u00e0 Manchester City, mais particuli\u00e8rement durant les deux derni\u00e8res ann\u00e9es de son contrat, ce qui rendait toujours peu probable qu\u2019une prolongation lui soit propos\u00e9e. L\u2019ancien entra\u00eeneur de City, Pep Guardiola, avait laiss\u00e9 entendre d\u00e8s le d\u00e9but de la saison 2025-2026 que Stones faisait face \u00e0 un s\u00e9rieux obstacle pour obtenir un nouveau contrat, et un probl\u00e8me \u00e0 la cuisse subi pendant l\u2019hiver, qui l\u2019a \u00e9cart\u00e9 pendant 18 matches, a probablement ruin\u00e9 ses chances sur ce point. N\u00e9anmoins, le d\u00e9fenseur central a tout de m\u00eame v\u00e9cu une d\u00e9cennie brillante \u00e0 l\u2019Etihad, devenant un \u00e9l\u00e9ment cl\u00e9 de l\u2019arri\u00e8re-garde et aidant le club \u00e0 r\u00e9ussir un fameux tripl\u00e9 en 2022-2023, dont cette toute premi\u00e8re Ligue des champions tant attendue. Stones entre sans aucun doute dans la l\u00e9gende du club malgr\u00e9 ses probl\u00e8mes physiques, mais une s\u00e9paration avait sans doute du sens \u00e0 ce stade. M\u00eame s\u2019il \u00e9tait encore sous contrat, il n\u2019aurait de toute fa\u00e7on pas rapport\u00e9 une grosse indemnit\u00e9 de transfert. Apr\u00e8s que le joueur de 32 ans a \u00e9t\u00e9 li\u00e9 \u00e0 Chelsea, City sera probablement aussi soulag\u00e9 qu\u2019il ne rejoigne pas un rival de Premier League. <b><strong>Note : B<\/strong><\/b><\/p>\n<p><b><strong>Pour l\u2019Inter :<\/strong><\/b> \u00c9videmment, compte tenu de ses p\u00e9pins physiques, ce transfert comporte un risque important pour l\u2019Inter, m\u00eame s\u2019il s\u2019agit d\u2019une arriv\u00e9e libre. Cependant, le club esp\u00e9rera avoir compens\u00e9 ce risque en convainquant Stones de signer un contrat de deux ans qui, selon certaines informations, vaut environ 115 000 \u00a3 par semaine, soit nettement moins que ce qu\u2019il gagnait \u00e0 l\u2019Etihad. D\u00e9sormais, le champion d\u2019Italie doit simplement esp\u00e9rer que l\u2019international anglais puisse rester en forme, car de s\u00e9rieuses questions se poseront sur sa solidit\u00e9 physique. Dans un bon jour, il reste l\u2019un des meilleurs d\u00e9fenseurs centraux relanceurs du moment, comme il l\u2019a montr\u00e9 avec plusieurs solides performances lors de la Coupe du monde plus t\u00f4t dans l\u2019\u00e9t\u00e9. La Serie A est en quelque sorte un refuge pour les joueurs v\u00e9t\u00e9rans, et l\u2019Inter doit croire que le rythme plus lent en Italie aura un impact physique moindre sur un joueur que son corps a souvent trahi en Premier League. Stones remplace Francesco Acerbi qui, \u00e0 38 ans, \u00e9tait peut-\u00eatre la preuve que l\u2019Anglais pouvait potentiellement jouer encore de nombreuses ann\u00e9es dans un championnat moins intense. Les Nerazzurri peuvent aussi tr\u00e8s bien voir cela comme une sorte de coup, apr\u00e8s avoir, selon certaines informations, devanc\u00e9 notamment Chelsea et Arsenal dans le dossier du d\u00e9fenseur. <b><strong>Note : B<\/strong><\/b><\/p>\n<p><b><strong>Pour Stones :<\/strong><\/b> Stones avait probablement besoin d\u2019un nouveau d\u00e9part, et il esp\u00e9rera laisser d\u00e9finitivement derri\u00e8re lui ses probl\u00e8mes physiques en Italie. Non seulement c\u2019est l\u2019occasion de d\u00e9couvrir un nouveau championnat et une nouvelle culture, mais il continuera aussi \u00e0 lutter pour des troph\u00e9es majeurs, sur le plan national comme en Europe, avec le club qui est actuellement la force dominante en Italie. Il ne le sait peut-\u00eatre pas encore, mais \u00e0 32 ans, Stones pourrait bien avoir prolong\u00e9 sa carri\u00e8re de quelques ann\u00e9es en troquant l\u2019intensit\u00e9 de la Premier League pour le rythme plus lent de la Serie A, et \u00e0 ce stade avanc\u00e9 de sa carri\u00e8re, il devrait \u00eatre parfaitement adapt\u00e9 \u00e0 la vie l\u00e0-bas. Il retrouvera son ancien co\u00e9quipier \u00e0 City, Manuel Akanji, \u00e0 San Siro et aura de bonnes raisons de croire \u00e0 une place de titulaire dans le syst\u00e8me \u00e0 trois d\u00e9fenseurs de Cristian Chivu, aux c\u00f4t\u00e9s du brillant Alessandro Bastoni. Cela pourrait, par ricochet, lui permettre de rester dans la course au niveau international, s\u2019il souhaite poursuivre sa carri\u00e8re avec l\u2019Angleterre au-del\u00e0 de l\u2019\u00e9t\u00e9 apr\u00e8s la d\u00e9ception d\u2019une \u00e9limination en demi-finale de la Coupe du monde. <b><strong>Note : A<\/strong><\/b><\/p>\n<p><b><strong>Krishan Davis<\/strong><\/b><\/p>\n","protected":false},"excerpt":{"rendered":"Pour Manchester City : Le d\u00e9part \u00e9mouvant de John Stones a \u00e9t\u00e9 confirm\u00e9 \u00e0 la fin de la&hellip;\n","protected":false},"author":2,"featured_media":1162078,"comment_status":"","ping_status":"","sticky":false,"template":"","format":"standard","meta":{"footnotes":"","_share_on_mastodon":"0"},"categories":[1410],"tags":[119571,5357,34081,11871,5695,63,1011,27,10317,3490,16663,3225,91,60,18015,31460],"class_list":["post-1162077","post","type-post","status-publish","format-standard","has-post-thumbnail","category-football","tag-al-hilal","tag-arsenal","tag-barcelona","tag-chelsea","tag-fc-barcelone","tag-football","tag-fr","tag-france","tag-inter","tag-liverpool","tag-manchester-city","tag-manchester-united","tag-paris-saint-germain","tag-sports","tag-tottenham","tag-tottenham-hotspur"],"share_on_mastodon":{"url":"https:\/\/pubeurope.com\/@fr\/117198878598510855","error":""},"_links":{"self":[{"href":"https:\/\/www.europesays.com\/fr\/wp-json\/wp\/v2\/posts\/1162077","targetHints":{"allow":["GET"]}}],"collection":[{"href":"https:\/\/www.europesays.com\/fr\/wp-json\/wp\/v2\/posts"}],"about":[{"href":"https:\/\/www.europesays.com\/fr\/wp-json\/wp\/v2\/types\/post"}],"author":[{"embeddable":true,"href":"https:\/\/www.europesays.com\/fr\/wp-json\/wp\/v2\/users\/2"}],"replies":[{"embeddable":true,"href":"https:\/\/www.europesays.com\/fr\/wp-json\/wp\/v2\/comments?post=1162077"}],"version-history":[{"count":0,"href":"https:\/\/www.europesays.com\/fr\/wp-json\/wp\/v2\/posts\/1162077\/revisions"}],"wp:featuredmedia":[{"embeddable":true,"href":"https:\/\/www.europesays.com\/fr\/wp-json\/wp\/v2\/media\/1162078"}],"wp:attachment":[{"href":"https:\/\/www.europesays.com\/fr\/wp-json\/wp\/v2\/media?parent=1162077"}],"wp:term":[{"taxonomy":"category","embeddable":true,"href":"https:\/\/www.europesays.com\/fr\/wp-json\/wp\/v2\/categories?post=1162077"},{"taxonomy":"post_tag","embeddable":true,"href":"https:\/\/www.europesays.com\/fr\/wp-json\/wp\/v2\/tags?post=1162077"}],"curies":[{"name":"wp","href":"https:\/\/api.w.org\/{rel}","templated":true}]}}