{"id":1162116,"date":"2026-09-02T01:58:16","date_gmt":"2026-09-02T01:58:16","guid":{"rendered":"https:\/\/www.europesays.com\/fr\/1162116\/"},"modified":"2026-09-02T01:58:16","modified_gmt":"2026-09-02T01:58:16","slug":"les-places-pour-le-concert-de-montpellier-bientot-mises-en-vente-la-chanteuse-angele-annonce-son-retour-sur-scene-et-une-tournee-xxl","status":"publish","type":"post","link":"https:\/\/www.europesays.com\/fr\/1162116\/","title":{"rendered":"Les places pour le concert de Montpellier bient\u00f4t mises en vente\u00a0: la chanteuse Ang\u00e8le annonce son retour sur sc\u00e8ne et une tourn\u00e9e XXL"},"content":{"rendered":"<p>\n                                                                Ang\u00e8le vient d\u2019annoncer son grand retour sur sc\u00e8ne avec une tourn\u00e9e internationale de 23 concerts. La tourn\u00e9e, li\u00e9e \u00e0 son nouvel album \u00ab\u00a0Instinct\u00a0\u00bb, passera par Montpellier. Billets en vente d\u00e8s le 5\u00a0septembre.\n                            <\/p>\n<p>Quatre ans apr\u00e8s le raz-de-mar\u00e9e Nonante-Cinq, Ang\u00e8le officialise son grand retour sur sc\u00e8ne. La chanteuse belge vient d\u2019annoncer le lancement, le 3\u00a0mars prochain, d\u2019une vaste tourn\u00e9e internationale de 23 concerts \u00e0 l\u2019occasion de son\u00a0dernier album \u201cInstinct\u201d. Troisi\u00e8me album studio de l\u2019artiste, il sortira le 16\u00a0octobre et\u00a0comportera 13 titres aux sonorit\u00e9s \u00e9lectro.<\/p>\n<p>Ouverture de la billetterie<\/p>\n<p>Le coup d\u2019envoi de la tourn\u00e9e sera donn\u00e9 en mars\u00a02027 \u00e0 Reims, avant trois soir\u00e9es d\u00e9j\u00e0 tr\u00e8s attendues \u00e0 l\u2019Accor Arena de Paris. Mais la\u00a0tourn\u00e9e conduira aussi l\u2019artiste jusqu\u2019\u00e0 Montpellier, sur la sc\u00e8ne de la Sud de France Arena de P\u00e9rols, le 16\u00a0octobre 2027. Mise en vente des billets ce samedi 5\u00a0septembre, \u00e0 11\u00a0h.<\/p>\n<p>La star belge ne se limitera pas \u00e0 l\u2019Hexagone. Ce spectacle fera escale \u00e0 Bruxelles, avant de s\u2019exporter en Europe et en Am\u00e9rique du Nord, avec des passages confirm\u00e9s \u00e0 New York, Montr\u00e9al et Berlin.<\/p>\n","protected":false},"excerpt":{"rendered":"Ang\u00e8le vient d\u2019annoncer son grand retour sur sc\u00e8ne avec une tourn\u00e9e internationale de 23 concerts. La tourn\u00e9e, li\u00e9e&hellip;\n","protected":false},"author":2,"featured_media":1162117,"comment_status":"","ping_status":"","sticky":false,"template":"","format":"standard","meta":{"footnotes":"","_share_on_mastodon":"0"},"categories":[9599],"tags":[1111,11,69492,872,1777,674,1011,27,7089,2208,12,2680,25],"class_list":["post-1162116","post","type-post","status-publish","format-standard","has-post-thumbnail","category-montpellier","tag-actu","tag-actualites","tag-concerts-spectacles","tag-culture-et-loisirs","tag-eu","tag-europe","tag-fr","tag-france","tag-herault","tag-montpellier","tag-news","tag-occitanie","tag-republique-francaise"],"share_on_mastodon":{"url":"https:\/\/pubeurope.com\/@fr\/117198973141217756","error":""},"_links":{"self":[{"href":"https:\/\/www.europesays.com\/fr\/wp-json\/wp\/v2\/posts\/1162116","targetHints":{"allow":["GET"]}}],"collection":[{"href":"https:\/\/www.europesays.com\/fr\/wp-json\/wp\/v2\/posts"}],"about":[{"href":"https:\/\/www.europesays.com\/fr\/wp-json\/wp\/v2\/types\/post"}],"author":[{"embeddable":true,"href":"https:\/\/www.europesays.com\/fr\/wp-json\/wp\/v2\/users\/2"}],"replies":[{"embeddable":true,"href":"https:\/\/www.europesays.com\/fr\/wp-json\/wp\/v2\/comments?post=1162116"}],"version-history":[{"count":0,"href":"https:\/\/www.europesays.com\/fr\/wp-json\/wp\/v2\/posts\/1162116\/revisions"}],"wp:featuredmedia":[{"embeddable":true,"href":"https:\/\/www.europesays.com\/fr\/wp-json\/wp\/v2\/media\/1162117"}],"wp:attachment":[{"href":"https:\/\/www.europesays.com\/fr\/wp-json\/wp\/v2\/media?parent=1162116"}],"wp:term":[{"taxonomy":"category","embeddable":true,"href":"https:\/\/www.europesays.com\/fr\/wp-json\/wp\/v2\/categories?post=1162116"},{"taxonomy":"post_tag","embeddable":true,"href":"https:\/\/www.europesays.com\/fr\/wp-json\/wp\/v2\/tags?post=1162116"}],"curies":[{"name":"wp","href":"https:\/\/api.w.org\/{rel}","templated":true}]}}