{"id":1162126,"date":"2026-09-02T02:06:44","date_gmt":"2026-09-02T02:06:44","guid":{"rendered":"https:\/\/www.europesays.com\/fr\/1162126\/"},"modified":"2026-09-02T02:06:44","modified_gmt":"2026-09-02T02:06:44","slug":"apres-une-lourde-restructuration-le-sous-traitant-industriel-talendi-sort-du-redressement-judiciaire-a-rennes","status":"publish","type":"post","link":"https:\/\/www.europesays.com\/fr\/1162126\/","title":{"rendered":"Apr\u00e8s une lourde restructuration, le sous-traitant industriel Talendi sort du redressement judiciaire \u00e0 Rennes"},"content":{"rendered":"<p>Bonne nouvelle dans le secteur industriel \u00e0 Rennes. Le sous-traitant Talendi, qui emploie 410 salari\u00e9s dont 315 en situation de handicap, annonce, ce mardi 1er septembre, sa sortie du redressement judiciaire. \u00ab C\u2019est le r\u00e9sultat de nombreux mois de travail. Nous n\u2019avons jamais imagin\u00e9 qu\u2019il puisse y avoir une autre sortie que cette issue positive \u00bb, se f\u00e9licite le directeur g\u00e9n\u00e9ral, Damien Quillet. \u00ab Nous avons \u00e9t\u00e9 tr\u00e8s bien accompagn\u00e9s par nos partenaires, avec \u00e9galement un important soutien des collectivit\u00e9s territoriales et de nos clients \u00bb, poursuit le dirigeant, qui souligne \u00ab l\u2019engagement des \u00e9quipes \u00bb, pour lesquelles \u00ab cette \u00e9tape a \u00e9t\u00e9 un exercice difficile \u00bb.<\/p>\n<p>Longtemps connu sous le nom de Bretagne ateliers, Talendi a \u00e9t\u00e9 confront\u00e9 \u00e0 partir de 2024 \u00e0 un ralentissement de ses march\u00e9s (automobile, ferroviaire, a\u00e9ronautique\u2026) et au retournement global de la conjoncture. Entre 2023 et 2024, son chiffre d\u2019affaires est pass\u00e9 de 18 M\u20ac \u00e0 15 M\u20ac, entra\u00eenant le placement de l\u2019entreprise <a href=\"https:\/\/www.letelegramme.fr\/economie\/en-difficulte-lentreprise-bretonne-talendi-placee-en-procedure-de-sauvegarde-6804910.php\" target=\"_blank\" rel=\"nofollow noopener\">en proc\u00e9dure de sauvegarde<\/a> en avril 2025 puis en redressement judiciaire en juillet suivant.<\/p>\n<p>Fermeture d\u2019un site dans les C\u00f4tes-d\u2019Armor<\/p>\n<p>Sous l\u2019\u00e9gide du tribunal de commerce de Rennes, Talendi a engag\u00e9 une profonde restructuration. \u00ab Nous avons beaucoup travaill\u00e9 sur notre structure de co\u00fbts afin de r\u00e9\u00e9quilibrer notre exploitation \u00bb, explique Damien Quillet. Pour r\u00e9duire les co\u00fbts, <a href=\"https:\/\/www.letelegramme.fr\/ille-et-vilaine\/rennes-35000\/un-vrai-coup-de-massue-le-sous-traitant-rennais-talendi-ferme-son-site-de-tregueux-et-supprime-des-postes-6835031.php\" target=\"_blank\" rel=\"nofollow noopener\">le site de Tr\u00e9gueux (22), pr\u00e8s de Saint-Brieuc, a \u00e9t\u00e9 ferm\u00e9<\/a> \u00e0 l\u2019automne 2025 et l\u2019activit\u00e9 a \u00e9t\u00e9 recentr\u00e9e sur les trois \u00e9tablissements du bassin rennais (la Janais, la Touche Tizon et Saint-Erblon). \u00ab Avec le soutien pr\u00e9cieux de l\u2019ARS [Agence r\u00e9gionale de sant\u00e9], 12 travailleurs de l\u2019ESAT [\u00c9tablissement et service d\u2019accompagnement par le travail] des 3 Vall\u00e9es \u00e0 Tr\u00e9gueux ont \u00e9t\u00e9 accompagn\u00e9s vers d\u2019autres structures m\u00e9dico-sociales \u00bb, indique Talendi dans un communiqu\u00e9.<\/p>\n<p>En parall\u00e8le, un plan de sauvegarde de l\u2019emploi (PSE) a \u00e9t\u00e9 mis en place, conduisant \u00e0 la suppression de 66 postes fin septembre 2025, et les d\u00e9parts non contraints n\u2019ont pas \u00e9t\u00e9 remplac\u00e9s. L\u2019effectif ressort aujourd\u2019hui \u00e0 410 salari\u00e9s, contre 500 avant la r\u00e9organisation.<\/p>\n<p>Un d\u00e9but 2026 encourageant<\/p>\n<p>Selon Damien Quillet, les premiers r\u00e9sultats de la r\u00e9organisation sont l\u00e0 et \u00ab permettent de repartir \u00e0 la conqu\u00eate du march\u00e9 et de nouveaux clients avec une structure plus robuste [\u2026] Le premier semestre 2026 est plut\u00f4t bon en termes de chiffre d\u2019affaires et de r\u00e9sultat \u00bb. C\u2019est ce qui a convaincu le tribunal de commerce de valider la sortie du redressement judiciaire, moyennant un plan de continuation de dix ans<\/p>\n<p>Pour l\u2019ensemble de l\u2019ann\u00e9e 2026, le chiffre d\u2019affaires est attendu \u00ab autour de 16 M\u20ac-16,5 M\u20ac \u00bb gr\u00e2ce \u00e0 un l\u00e9ger rebond du secteur automobile (premier march\u00e9 de Talendi, repr\u00e9sentant environ 35 % de l\u2019activit\u00e9) et surtout gr\u00e2ce au ferroviaire et \u00e0 l\u2019a\u00e9ronautique. Deux secteurs qui, avec d\u2019autres leviers de croissance comme l\u2019\u00e9nergie ou l\u2019\u00e9conomie circulaire, devraient monter en puissance dans les prochaines ann\u00e9es, face \u00e0 la baisse attendue de l\u2019automobile.<\/p>\n","protected":false},"excerpt":{"rendered":"Bonne nouvelle dans le secteur industriel \u00e0 Rennes. Le sous-traitant Talendi, qui emploie 410 salari\u00e9s dont 315 en&hellip;\n","protected":false},"author":2,"featured_media":1162127,"comment_status":"","ping_status":"","sticky":false,"template":"","format":"standard","meta":{"footnotes":"","_share_on_mastodon":"0"},"categories":[2821],"tags":[1111,11,646,829,33,257,1777,674,1011,27,848,693,12,584,25,4937,49152],"class_list":["post-1162126","post","type-post","status-publish","format-standard","has-post-thumbnail","category-rennes","tag-actu","tag-actualites","tag-automobile","tag-bretagne","tag-economie","tag-entreprise","tag-eu","tag-europe","tag-fr","tag-france","tag-ille-et-vilaine","tag-industrie","tag-news","tag-rennes","tag-republique-francaise","tag-saint-brieuc","tag-tregueux"],"share_on_mastodon":{"url":"https:\/\/pubeurope.com\/@fr\/117199004492757140","error":""},"_links":{"self":[{"href":"https:\/\/www.europesays.com\/fr\/wp-json\/wp\/v2\/posts\/1162126","targetHints":{"allow":["GET"]}}],"collection":[{"href":"https:\/\/www.europesays.com\/fr\/wp-json\/wp\/v2\/posts"}],"about":[{"href":"https:\/\/www.europesays.com\/fr\/wp-json\/wp\/v2\/types\/post"}],"author":[{"embeddable":true,"href":"https:\/\/www.europesays.com\/fr\/wp-json\/wp\/v2\/users\/2"}],"replies":[{"embeddable":true,"href":"https:\/\/www.europesays.com\/fr\/wp-json\/wp\/v2\/comments?post=1162126"}],"version-history":[{"count":0,"href":"https:\/\/www.europesays.com\/fr\/wp-json\/wp\/v2\/posts\/1162126\/revisions"}],"wp:featuredmedia":[{"embeddable":true,"href":"https:\/\/www.europesays.com\/fr\/wp-json\/wp\/v2\/media\/1162127"}],"wp:attachment":[{"href":"https:\/\/www.europesays.com\/fr\/wp-json\/wp\/v2\/media?parent=1162126"}],"wp:term":[{"taxonomy":"category","embeddable":true,"href":"https:\/\/www.europesays.com\/fr\/wp-json\/wp\/v2\/categories?post=1162126"},{"taxonomy":"post_tag","embeddable":true,"href":"https:\/\/www.europesays.com\/fr\/wp-json\/wp\/v2\/tags?post=1162126"}],"curies":[{"name":"wp","href":"https:\/\/api.w.org\/{rel}","templated":true}]}}