{"id":1162130,"date":"2026-09-02T02:09:18","date_gmt":"2026-09-02T02:09:18","guid":{"rendered":"https:\/\/www.europesays.com\/fr\/1162130\/"},"modified":"2026-09-02T02:09:18","modified_gmt":"2026-09-02T02:09:18","slug":"strasbourg-logement-nourriture-transports-sorties-comment-faire-des-economies-quand-on-est-etudiant","status":"publish","type":"post","link":"https:\/\/www.europesays.com\/fr\/1162130\/","title":{"rendered":"Strasbourg. Logement, nourriture, transports, sorties : comment faire des \u00e9conomies quand on est \u00e9tudiant"},"content":{"rendered":"<p class=\"insetTitle\">Strasbourg, 15\u1d49 ville la plus ch\u00e8re pour un \u00e9tudiant<\/p>\n<p>Dans le d\u00e9tail, Strasbourg occupe la 15\u1d49 place des villes les plus ch\u00e8res en France pour un \u00e9tudiant. Le co\u00fbt mensuel moyen (inf\u00e9rieur \u00e0 la moyenne nationale) est estim\u00e9 \u00e0 1\u00a0266,97\u00a0euros, soit une hausse de 1,87\u00a0% par rapport \u00e0 l&rsquo;ann\u00e9e scolaire pass\u00e9e. En 2025, la capitale alsacienne occupait la 14\u1d49 place.\u00a0Un contexte \u00e9conomique d\u00e9licat qui risque d&rsquo;\u00eatre encore accentu\u00e9 par la\u00a0<a href=\"https:\/\/www.lalsace.fr\/education\/2026\/04\/30\/frais-plus-eleves-pour-les-etudiants-etrangers-appel-a-manifester-le-12-mai\" target=\"_blank\" rel=\"nofollow noopener\">hausse des frais des \u00e9tudiants \u00e9trangers dans les universit\u00e9s tricolores<\/a>\u00a0et par une\u00a0<a href=\"https:\/\/www.lalsace.fr\/economie\/2026\/08\/20\/apl-rsa-sebastien-lecornu-dement-certaines-pistes-d-economies-tout-cela-est-faux\" target=\"_blank\" rel=\"nofollow noopener\">possible modification des Aides personnelles au logement (APL)<\/a>\u00a0pr\u00e9vue par le gouvernement.<\/p>\n<p>Selon un autre classement r\u00e9alis\u00e9 par le m\u00e9dia\u00a0<a href=\"https:\/\/www.letudiant.fr\/classements\/classement-des-villes-etudiantes.html\" target=\"_blank\" rel=\"nofollow noopener\">L&rsquo;\u00c9tudiant<\/a>, Strasbourg\u00a0est en 11\u1d49 position.\u00a0En comparaison, Mulhouse est mieux lotie. 41\u1d49 l&rsquo;an dernier dans les villes les plus ch\u00e8res, elle est m\u00eame consid\u00e9r\u00e9e comme \u00e9tant l&rsquo;une des communes les moins on\u00e9reuses pour un jeune (loyer mensuel moyen : 432 \u20ac, contre 570 \u20ac \u00e0 Strasbourg).<\/p>\n","protected":false},"excerpt":{"rendered":"Strasbourg, 15\u1d49 ville la plus ch\u00e8re pour un \u00e9tudiant Dans le d\u00e9tail, Strasbourg occupe la 15\u1d49 place des&hellip;\n","protected":false},"author":2,"featured_media":1162131,"comment_status":"","ping_status":"","sticky":false,"template":"","format":"standard","meta":{"footnotes":"","_share_on_mastodon":"0"},"categories":[2820],"tags":[1111,11,2389,2649,5065,130,1687,33,2413,1636,1057,4854,1777,674,107,1011,27,775,1634,12,2922,25,640,2803],"class_list":["post-1162130","post","type-post","status-publish","format-standard","has-post-thumbnail","category-strasbourg","tag-actu","tag-actualites","tag-alsace","tag-bas-rhin","tag-colmar","tag-consommation","tag-culture-loisirs","tag-economie","tag-edition-colmar-guebwiller","tag-edition-mulhouse-thann","tag-education","tag-enseignement-superieur","tag-eu","tag-europe","tag-fil-info","tag-fr","tag-france","tag-grand-est","tag-mulhouse","tag-news","tag-pouvoir-dachat","tag-republique-francaise","tag-strasbourg","tag-transport"],"share_on_mastodon":{"url":"https:\/\/pubeurope.com\/@fr\/117199016416869563","error":""},"_links":{"self":[{"href":"https:\/\/www.europesays.com\/fr\/wp-json\/wp\/v2\/posts\/1162130","targetHints":{"allow":["GET"]}}],"collection":[{"href":"https:\/\/www.europesays.com\/fr\/wp-json\/wp\/v2\/posts"}],"about":[{"href":"https:\/\/www.europesays.com\/fr\/wp-json\/wp\/v2\/types\/post"}],"author":[{"embeddable":true,"href":"https:\/\/www.europesays.com\/fr\/wp-json\/wp\/v2\/users\/2"}],"replies":[{"embeddable":true,"href":"https:\/\/www.europesays.com\/fr\/wp-json\/wp\/v2\/comments?post=1162130"}],"version-history":[{"count":0,"href":"https:\/\/www.europesays.com\/fr\/wp-json\/wp\/v2\/posts\/1162130\/revisions"}],"wp:featuredmedia":[{"embeddable":true,"href":"https:\/\/www.europesays.com\/fr\/wp-json\/wp\/v2\/media\/1162131"}],"wp:attachment":[{"href":"https:\/\/www.europesays.com\/fr\/wp-json\/wp\/v2\/media?parent=1162130"}],"wp:term":[{"taxonomy":"category","embeddable":true,"href":"https:\/\/www.europesays.com\/fr\/wp-json\/wp\/v2\/categories?post=1162130"},{"taxonomy":"post_tag","embeddable":true,"href":"https:\/\/www.europesays.com\/fr\/wp-json\/wp\/v2\/tags?post=1162130"}],"curies":[{"name":"wp","href":"https:\/\/api.w.org\/{rel}","templated":true}]}}