{"id":1162160,"date":"2026-09-02T02:33:19","date_gmt":"2026-09-02T02:33:19","guid":{"rendered":"https:\/\/www.europesays.com\/fr\/1162160\/"},"modified":"2026-09-02T02:33:19","modified_gmt":"2026-09-02T02:33:19","slug":"apres-plus-dun-an-de-travaux-le-pont-de-lile-saint-denis-a-enfin-rouvert-le-tramway-t1-circule-a-nouveau","status":"publish","type":"post","link":"https:\/\/www.europesays.com\/fr\/1162160\/","title":{"rendered":"Apr\u00e8s plus d&rsquo;un an de travaux, le pont de l&rsquo;\u00cele-Saint-Denis a enfin rouvert, le tramway T1 circule \u00e0 nouveau"},"content":{"rendered":"<p>                    Par<br \/>\n        <strong><br \/>\n            <a href=\"https:\/\/actu.fr\/auteur\/emilie-salabelle\" title=\"Consulter tous les articles de Emilie Salabelle\" rel=\"nofollow noopener\" target=\"_blank\">Emilie Salabelle<\/a><br \/>\n                    <\/strong><\/p>\n<p>        Publi\u00e9 le<\/p>\n<p>            1 sept. 2026 \u00e0 12h13        <\/p>\n<p>Enfin, \u00e7a roule\u2009! Condamn\u00e9 depuis mai\u00a02025, le pont de L\u2019\u00cele-Saint-Denis est \u00e0 nouveau ouvert \u00e0 la circulation pour la rentr\u00e9e 2026. Ce mardi 1er\u00a0septembre,<a href=\"https:\/\/actu.fr\/ile-de-france\/l-ile-saint-denis_93039\/ratp-fermeture-du-pont-de-l-ile-saint-denis-le-t1-ne-circulera-pas-pour-la-rentree_64677793.html\" rel=\"nofollow noopener\" target=\"_blank\"> le tramway T1<\/a> et l<a href=\"https:\/\/actu.fr\/ile-de-france\/l-ile-saint-denis_93039\/le-pont-de-l-ile-saint-denis-rouvrira-t-il-aux-voitures-une-petition-relance-le-debat_64596454.html\" rel=\"nofollow noopener\" target=\"_blank\">es voitures<\/a> peuvent \u00e0 nouveau le franchir, mettant fin \u00e0 des jours de <a href=\"https:\/\/actu.fr\/ile-de-france\/l-ile-saint-denis_93039\/ratp-interruption-du-t1-a-cause-d-un-bateau-a-l-ile-saint-denis-le-calendrier-de-la-reprise-se-precise_64085440.html\" rel=\"nofollow noopener\" target=\"_blank\">suspens sur la date pr\u00e9cise<\/a> de cet \u00e9v\u00e9nement. Il y a plus d\u2019un an, l\u2019ouvrage \u00e9tait <a href=\"https:\/\/actu.fr\/ile-de-france\/l-ile-saint-denis_93039\/accident-de-bateau-sur-le-pont-de-l-ile-saint-denis-plusieurs-jours-d-interruption-de-circulation-a-prevoir_62649402.html\" rel=\"nofollow noopener\" target=\"_blank\">ferm\u00e9 en urgence<\/a>, \u00e0 la suite d\u2019un<a href=\"https:\/\/actu.fr\/ile-de-france\/l-ile-saint-denis_93039\/un-bateau-percute-le-pont-de-l-ile-saint-denis-la-circulation-et-la-navigation-fluviale-totalement-coupees_62645364.html\" rel=\"nofollow noopener\" target=\"_blank\"> accident avec une p\u00e9niche<\/a>, qui avait embouti l\u2019un des piliers du pont.<\/p>\n<p>Des travaux de plus d\u2019un an<\/p>\n<p class=\" wall-content\">De longs mois de travaux ont \u00e9t\u00e9 n\u00e9cessaires pour remettre le pont en \u00e9tat. Il a fallu remplacer l\u2019arc m\u00e9tallique endommag\u00e9 lors de l\u2019accident, tout en pr\u00e9servant les rails du tramway, indique le d\u00e9partement, qui a supervis\u00e9 le chantier avec la RATP. Durant toute sa dur\u00e9e, seuls les pi\u00e9tons et les cyclistes \u00e9taient autoris\u00e9s \u00e0 l\u2019emprunter. Apr\u00e8s des phases d\u2019\u00e9tudes, de travaux, puis de test, le tramway T1 circule \u00e0 nouveau.<\/p>\n<p class=\" wall-content\">Un \u00e9v\u00e9nement majeur pour la ville, que n\u2019a pas manqu\u00e9 de saluer sur ses r\u00e9seaux sociaux le maire (\u00c9cologiste). \u00ab\u2009Apr\u00e8s de longs mois de travaux, \u00e7a fait vraiment quelque chose de le voir traverser \u00e0 nouveau notre \u00eele\u2009\u00bb, s\u2019est \u00e9mu Mohamed Gnabaly, qui a particip\u00e9 aux derniers tests du tramway.<\/p>\n<p>Une concertation sur la place des voitures pr\u00e9vue<\/p>\n<p class=\" wall-content\">\u00ab\u2009Quel bonheur, enfin\u2009\u00bb, \u00ab\u2009contente de retrouver le pont qui a manqu\u00e9 \u00e0 beaucoup\u2009\u00bb\u2026 Sur les r\u00e9seaux sociaux, les riverains de l\u2019\u00cele-Saint-Denis, mais \u00e9galement des communes voisines ont partag\u00e9 leur enthousiasme de retrouver cette liaison ma\u00eetresse dans l\u2019acc\u00e8s \u00e0 l\u2019\u00eele. Sans elle, les automobilistes ont d\u00fb faire un d\u00e9tour de 6\u00a0km via Saint-Ouen. Quant aux usagers du T1, ils avaient d\u00fb se rabattre sur des <a href=\"https:\/\/actu.fr\/ile-de-france\/l-ile-saint-denis_93039\/interruption-du-tramway-t1-une-navette-mise-en-place-pour-mieux-desservir-l-ile-saint-denis_62930909.html\" rel=\"nofollow noopener\" target=\"_blank\">bus de substitution<\/a>, et traverser le pont \u00e0 pied, moyennant 15\u00a0minutes de marche pour traverser l\u2019\u00eele et rejoindre la gare de Saint-Denis.<\/p>\n<p class=\" wall-content\">D\u2019autres, au contraire, militaient pour que le pont reste pi\u00e9ton. Alors qu\u2019une <a href=\"https:\/\/actu.fr\/ile-de-france\/l-ile-saint-denis_93039\/le-pont-de-l-ile-saint-denis-rouvrira-t-il-aux-voitures-une-petition-relance-le-debat_64596454.html\" rel=\"nofollow noopener\" target=\"_blank\">p\u00e9tition avait relanc\u00e9 le d\u00e9bat<\/a>, la mairie avait promis une concertation avant de trancher cette question. \u00ab\u2009Plusieurs r\u00e9unions publiques seront organis\u00e9es dans les prochains mois afin de recueillir leur avis avant toute d\u00e9cision\u2009\u00bb, avait indiqu\u00e9 Victor Drot, directeur de cabinet du maire \u00e0 actu Paris. En attendant ces d\u00e9bats qui s\u2019annoncent houleux, la r\u00e9ouverture du pont sera officiellement inaugur\u00e9e samedi 5\u00a0septembre 2026.<\/p>\n<p class=\" wall-content\">Personnalisez votre actualit\u00e9 en ajoutant vos villes et m\u00e9dias en favori avec <a href=\"https:\/\/moncompte.actu.fr\" title=\"D\u00e9couvez Mon Actu\" rel=\"nofollow noopener\" data-trk=\"{&quot;cta&quot;:{&quot;action&quot;:&quot;https:\\\/\\\/moncompte.actu.fr&quot;,&quot;category&quot;:&quot;mon compte&quot;,&quot;from&quot;:&quot;article footer&quot;,&quot;name&quot;:&quot;Mon actu&quot;,&quot;type&quot;:&quot;cta&quot;}}\" target=\"_blank\">Mon Actu<\/a>.<\/p>\n","protected":false},"excerpt":{"rendered":"Par Emilie Salabelle Publi\u00e9 le 1 sept. 2026 \u00e0 12h13 Enfin, \u00e7a roule\u2009! Condamn\u00e9 depuis mai\u00a02025, le pont&hellip;\n","protected":false},"author":2,"featured_media":1162161,"comment_status":"","ping_status":"","sticky":false,"template":"","format":"standard","meta":{"footnotes":"","_share_on_mastodon":"0"},"categories":[1888],"tags":[1111,1928,11,1927,646,1777,674,1011,27,12,1926,626,1925,25,104,93074,2803],"class_list":["post-1162160","post","type-post","status-publish","format-standard","has-post-thumbnail","category-paris","tag-actu","tag-actu-paris","tag-actualites","tag-actualites-paris","tag-automobile","tag-eu","tag-europe","tag-fr","tag-france","tag-news","tag-news-paris","tag-paris","tag-paris-news","tag-republique-francaise","tag-societe","tag-tramway-t1","tag-transport"],"share_on_mastodon":{"url":"https:\/\/pubeurope.com\/@fr\/117199110807850409","error":""},"_links":{"self":[{"href":"https:\/\/www.europesays.com\/fr\/wp-json\/wp\/v2\/posts\/1162160","targetHints":{"allow":["GET"]}}],"collection":[{"href":"https:\/\/www.europesays.com\/fr\/wp-json\/wp\/v2\/posts"}],"about":[{"href":"https:\/\/www.europesays.com\/fr\/wp-json\/wp\/v2\/types\/post"}],"author":[{"embeddable":true,"href":"https:\/\/www.europesays.com\/fr\/wp-json\/wp\/v2\/users\/2"}],"replies":[{"embeddable":true,"href":"https:\/\/www.europesays.com\/fr\/wp-json\/wp\/v2\/comments?post=1162160"}],"version-history":[{"count":0,"href":"https:\/\/www.europesays.com\/fr\/wp-json\/wp\/v2\/posts\/1162160\/revisions"}],"wp:featuredmedia":[{"embeddable":true,"href":"https:\/\/www.europesays.com\/fr\/wp-json\/wp\/v2\/media\/1162161"}],"wp:attachment":[{"href":"https:\/\/www.europesays.com\/fr\/wp-json\/wp\/v2\/media?parent=1162160"}],"wp:term":[{"taxonomy":"category","embeddable":true,"href":"https:\/\/www.europesays.com\/fr\/wp-json\/wp\/v2\/categories?post=1162160"},{"taxonomy":"post_tag","embeddable":true,"href":"https:\/\/www.europesays.com\/fr\/wp-json\/wp\/v2\/tags?post=1162160"}],"curies":[{"name":"wp","href":"https:\/\/api.w.org\/{rel}","templated":true}]}}