{"id":1162174,"date":"2026-09-02T02:43:14","date_gmt":"2026-09-02T02:43:14","guid":{"rendered":"https:\/\/www.europesays.com\/fr\/1162174\/"},"modified":"2026-09-02T02:43:14","modified_gmt":"2026-09-02T02:43:14","slug":"antonio-rudiger-arrete-avec-lallemagne-apres-86-matchs","status":"publish","type":"post","link":"https:\/\/www.europesays.com\/fr\/1162174\/","title":{"rendered":"Antonio R\u00fcdiger arr\u00eate avec l&rsquo;Allemagne apr\u00e8s 86 matchs"},"content":{"rendered":"<p>Antonio R\u00fcdiger met fin \u00e0 sa carri\u00e8re internationale apr\u00e8s 86 s\u00e9lections avec l&rsquo;Allemagne<\/p>\n<p>Antonio R\u00fcdiger a annonc\u00e9 qu&rsquo;il mettait fin \u00e0 sa carri\u00e8re internationale, refermant ainsi un chapitre qui aura dur\u00e9 plus de 12 ans avec l&rsquo;\u00e9quipe nationale A d&rsquo;<a href=\"https:\/\/www.stay22.com\/allez\/roam?aid=crododo&amp;lat=51.163818&amp;lng=10.447831&amp;currency=EUR&amp;lang=fr&amp;campaign=smjestaj\" target=\"_blank\" rel=\"sponsored nofollow noopener\" class=\"smjestaj-link\">Allemagne<\/a>. Le d\u00e9fenseur du Real Madrid a annonc\u00e9 sa d\u00e9cision le 1er septembre 2026, un peu plus de deux mois apr\u00e8s l&rsquo;\u00e9limination de l&rsquo;Allemagne de la Coupe du monde organis\u00e9e aux \u00c9tats-Unis, au Canada et au Mexique. Selon les statistiques officielles de la F\u00e9d\u00e9ration allemande de football, R\u00fcdiger a disput\u00e9 86 rencontres avec l&rsquo;\u00e9quipe A, inscrit trois buts et enregistr\u00e9 44 victoires, 21 matchs nuls et 21 d\u00e9faites. Dans son message d&rsquo;adieu, il a indiqu\u00e9 qu&rsquo;apr\u00e8s une p\u00e9riode de r\u00e9flexion, il \u00e9tait arriv\u00e9 \u00e0 la conclusion que le moment \u00e9tait venu de mettre un terme \u00e0 son parcours international et de laisser la place \u00e0 la jeune g\u00e9n\u00e9ration. Son d\u00e9part marque la fin de l&rsquo;une des carri\u00e8res d\u00e9fensives les plus longues au sein de l&rsquo;\u00e9quipe nationale allemande au cours de la derni\u00e8re d\u00e9cennie.<\/p>\n<p>R\u00fcdiger a soulign\u00e9 que, lorsqu&rsquo;il avait port\u00e9 pour la premi\u00e8re fois le maillot de l&rsquo;<a href=\"https:\/\/www.stay22.com\/allez\/roam?aid=crododo&amp;lat=51.163818&amp;lng=10.447831&amp;currency=EUR&amp;lang=fr&amp;campaign=smjestaj\" target=\"_blank\" rel=\"sponsored nofollow noopener\" class=\"smjestaj-link\">Allemagne<\/a> en 2014, il ne pouvait pas imaginer qu&rsquo;il atteindrait 86 s\u00e9lections au niveau senior. Sa carri\u00e8re internationale a compris trois Coupes du monde, deux Championnats d&rsquo;Europe, des apparitions en Ligue des nations de l&rsquo;UEFA et en qualifications, ainsi que la victoire en Coupe des Conf\u00e9d\u00e9rations en 2017. Dans son compte rendu de sa retraite internationale, la Bundesliga indique qu&rsquo;il a annonc\u00e9 cette d\u00e9cision avec effet imm\u00e9diat, en remerciant ses co\u00e9quipiers, les diff\u00e9rents staffs techniques et les supporters qui l&rsquo;ont accompagn\u00e9 tout au long de ses ann\u00e9es en s\u00e9lection. R\u00fcdiger avait 33 ans au moment de son d\u00e9part et restait actif en club au Real Madrid. Le club espagnol a officiellement annonc\u00e9 en juin 2026 avoir prolong\u00e9 son contrat jusqu&rsquo;au 30 juin 2027.<\/p>\n<p>De ses d\u00e9buts contre la Pologne \u00e0 86 s\u00e9lections<\/p>\n<p>Le parcours de R\u00fcdiger avec l&rsquo;\u00e9quipe nationale senior a commenc\u00e9 en mai 2014 lors d&rsquo;un match amical entre l&rsquo;<a href=\"https:\/\/www.stay22.com\/allez\/roam?aid=crododo&amp;lat=51.163818&amp;lng=10.447831&amp;currency=EUR&amp;lang=fr&amp;campaign=smjestaj\" target=\"_blank\" rel=\"sponsored nofollow noopener\" class=\"smjestaj-link\">Allemagne<\/a> et la Pologne qui s&rsquo;est termin\u00e9 sur un score nul et vierge. Il a fait ses d\u00e9buts juste avant la Coupe du monde 2014, mais ne faisait pas partie de l&rsquo;\u00e9quipe qui a remport\u00e9 le titre mondial au Br\u00e9sil. Au cours des ann\u00e9es suivantes, il s&rsquo;est progressivement impos\u00e9 comme un membre important de la d\u00e9fense, tandis que sa puissance physique, sa rapidit\u00e9 dans les r\u00e9actions d\u00e9fensives et son style de jeu agressif ont fait de lui un \u00e9l\u00e9ment reconnaissable de l&rsquo;arri\u00e8re-garde allemande. Selon les donn\u00e9es de la DFB, il a inscrit trois buts en 86 rencontres internationales seniors et re\u00e7u au total 14 cartons jaunes. L&rsquo;Allemagne a obtenu avec lui sur le terrain 44 victoires, ainsi que 21 matchs nuls et 21 d\u00e9faites.<\/p>\n<p>Sa continuit\u00e9 en s\u00e9lection s&rsquo;est \u00e9tendue sur les mandats de plusieurs s\u00e9lectionneurs et sur plusieurs phases diff\u00e9rentes de l&rsquo;\u00e9quipe nationale allemande. Il a fait partie de la g\u00e9n\u00e9ration qui, apr\u00e8s le titre mondial de 2014, a tent\u00e9 de maintenir l&rsquo;Allemagne au sommet du football international, mais qui a \u00e9galement travers\u00e9 des d\u00e9ceptions lors de grandes comp\u00e9titions et des changements au sein de l&rsquo;effectif. R\u00fcdiger a n\u00e9anmoins conserv\u00e9 son statut de l&rsquo;un des d\u00e9fenseurs les plus exp\u00e9riment\u00e9s et a r\u00e9guli\u00e8rement assum\u00e9 des responsabilit\u00e9s lors de matchs \u00e0 haute intensit\u00e9. Ses 86 s\u00e9lections se r\u00e9partissent entre matchs amicaux, qualifications, Ligue des nations, Championnats d&rsquo;Europe et Coupes du monde, ainsi que Coupe des Conf\u00e9d\u00e9rations. Une telle continuit\u00e9 confirme que son r\u00f4le en s\u00e9lection ne s&rsquo;est pas limit\u00e9 \u00e0 une seule p\u00e9riode ou \u00e0 un seul grand tournoi, mais s&rsquo;est prolong\u00e9 sur plusieurs cycles.<\/p>\n<p>Trois Coupes du monde et deux Championnats d&rsquo;Europe<\/p>\n<p>R\u00fcdiger a repr\u00e9sent\u00e9 l&rsquo;Allemagne lors des Coupes du monde 2018, 2022 et 2026. Les statistiques de la DFB recensent au total huit apparitions de sa part en Coupe du monde. Les tournois de 2018 et 2022 se sont termin\u00e9s plus t\u00f4t que pr\u00e9vu pour l&rsquo;Allemagne, tandis qu&rsquo;\u00e0 la Coupe du monde 2026, la s\u00e9lection a franchi la phase de groupes et atteint le premier tour \u00e0 \u00e9limination directe du tournoi \u00e9largi. La derni\u00e8re apparition de R\u00fcdiger avec l&rsquo;\u00e9quipe nationale a eu lieu le 29 juin 2026 contre le Paraguay \u00e0 Foxborough. Apr\u00e8s un score de 1:1 \u00e0 l&rsquo;issue de la prolongation, l&rsquo;Allemagne a perdu la s\u00e9ance de tirs au but et a \u00e9t\u00e9 \u00e9limin\u00e9e en seizi\u00e8mes de finale, R\u00fcdiger d\u00e9butant la rencontre au centre de la d\u00e9fense aux c\u00f4t\u00e9s de Jonathan Tah.<\/p>\n<p>Cette d\u00e9faite a pris une importance suppl\u00e9mentaire parce qu&rsquo;elle a marqu\u00e9 la fin du parcours de l&rsquo;Allemagne dans le tournoi et, comme cela s&rsquo;est r\u00e9v\u00e9l\u00e9 par la suite, \u00e9galement la fin de la carri\u00e8re internationale de R\u00fcdiger. Dans son compte rendu du match, la DFB a indiqu\u00e9 que le Paraguay avait ouvert le score par Julio Enciso, tandis que Kai Havertz avait \u00e9galis\u00e9 en seconde p\u00e9riode. La d\u00e9cision s&rsquo;est faite lors de la s\u00e9ance de tirs au but, apr\u00e8s laquelle l&rsquo;Allemagne a \u00e9t\u00e9 priv\u00e9e d&rsquo;une place au tour suivant. R\u00fcdiger n&rsquo;a plus port\u00e9 le maillot national apr\u00e8s le tournoi et a publiquement confirm\u00e9 sa d\u00e9cision au d\u00e9but du mois de septembre. Sa derni\u00e8re s\u00e9lection reste ainsi li\u00e9e \u00e0 une grande comp\u00e9tition, ce qui referme symboliquement une carri\u00e8re au cours de laquelle c&rsquo;est pr\u00e9cis\u00e9ment lors des Coupes du monde et des Championnats d&rsquo;Europe qu&rsquo;il a assum\u00e9 la plus grande part des responsabilit\u00e9s.<\/p>\n<p>Lors des Championnats d&rsquo;Europe, il a jou\u00e9 en 2021, lors de l&rsquo;\u00e9dition report\u00e9e de l&rsquo;Euro 2020, ainsi qu&rsquo;au Championnat d&rsquo;Europe 2024 en Allemagne. Selon la DFB, il a cumul\u00e9 neuf apparitions en Championnat d&rsquo;Europe. L&rsquo;Allemagne a atteint les quarts de finale lors de son Euro 2024 \u00e0 domicile, et R\u00fcdiger a \u00e9t\u00e9 un \u00e9l\u00e9ment important de la d\u00e9fense de l&rsquo;\u00e9quipe qui, sous la direction de Julian Nagelsmann, tentait alors de retrouver de la stabilit\u00e9 apr\u00e8s les \u00e9checs pr\u00e9c\u00e9dents. Bien qu&rsquo;il n&rsquo;ait remport\u00e9 ni Championnat d&rsquo;Europe ni Coupe du monde avec l&rsquo;Allemagne, il est rest\u00e9 l&rsquo;un des internationaux poss\u00e9dant une exp\u00e9rience de presque toutes les comp\u00e9titions internationales majeures de son \u00e9poque. Ses statistiques en s\u00e9lection refl\u00e8tent donc aussi l&rsquo;histoire plus large d&rsquo;une \u00e9quipe allemande qui, au cours de la derni\u00e8re d\u00e9cennie, a travers\u00e9 un changement de g\u00e9n\u00e9ration et recherch\u00e9 une nouvelle identit\u00e9 apr\u00e8s son apog\u00e9e de 2014.<\/p>\n<p>La Coupe des Conf\u00e9d\u00e9rations 2017 reste son troph\u00e9e en s\u00e9lection<\/p>\n<p>Le plus grand troph\u00e9e que R\u00fcdiger conserve de sa carri\u00e8re internationale est la Coupe des Conf\u00e9d\u00e9rations remport\u00e9e en 2017 en Russie. Selon le centre de donn\u00e9es de la DFB, il a particip\u00e9 \u00e0 quatre rencontres de cette comp\u00e9tition, et l&rsquo;Allemagne a remport\u00e9 les quatre matchs auxquels il a pris part. En finale, le 2 juillet 2017, la s\u00e9lection allemande a battu le Chili 1:0 et remport\u00e9 le titre. Le tournoi avait alors \u00e9galement servi d&rsquo;occasion \u00e0 un groupe \u00e9largi de joueurs, et R\u00fcdiger figurait parmi les footballeurs qui ont renforc\u00e9 leur statut au sein de l&rsquo;\u00e9quipe nationale senior gr\u00e2ce \u00e0 cette comp\u00e9tition. Ce troph\u00e9e est rest\u00e9 la seule grande distinction internationale de sa carri\u00e8re senior.<\/p>\n<p>La Coupe des Conf\u00e9d\u00e9rations n&rsquo;est plus organis\u00e9e dans le format dans lequel R\u00fcdiger l&rsquo;a remport\u00e9e, ce qui conf\u00e8re au titre de 2017 une dimension historique particuli\u00e8re. Pour le joueur lui-m\u00eame, ce tournoi a \u00e9t\u00e9 important parce qu&rsquo;il s&rsquo;est d\u00e9roul\u00e9 trois ans apr\u00e8s ses d\u00e9buts et avant sa premi\u00e8re apparition en Coupe du monde. Au cours des saisons suivantes, il est devenu un membre plus r\u00e9gulier de l&rsquo;\u00e9quipe, et l&rsquo;exp\u00e9rience acquise en Russie a pr\u00e9c\u00e9d\u00e9 une longue s\u00e9rie de matchs au plus haut niveau international. Dans son bilan global en s\u00e9lection, ce troph\u00e9e reste la preuve la plus tangible de sa r\u00e9ussite, m\u00eame si l&rsquo;importance de R\u00fcdiger pour l&rsquo;Allemagne s&rsquo;est davantage mesur\u00e9e \u00e0 sa continuit\u00e9 et \u00e0 sa responsabilit\u00e9 en d\u00e9fense qu&rsquo;au nombre de titres remport\u00e9s. Il a disput\u00e9 au total 119 matchs pour les diff\u00e9rentes s\u00e9lections nationales si l&rsquo;on inclut \u00e9galement les \u00e9quipes de jeunes, dont 86 au niveau senior.<\/p>\n<p>La retraite intervient au moment d&rsquo;un nouveau d\u00e9part pour l&rsquo;Allemagne<\/p>\n<p>Le d\u00e9part de R\u00fcdiger intervient dans une p\u00e9riode de nouveau changement sur le banc de l&rsquo;\u00e9quipe nationale allemande. Apr\u00e8s l&rsquo;\u00e9limination face au Paraguay, Julian Nagelsmann a d\u00e9missionn\u00e9 et, le 24 juillet 2026, la DFB a officiellement pr\u00e9sent\u00e9 J\u00fcrgen Klopp comme nouveau s\u00e9lectionneur de l&rsquo;Allemagne. Klopp a pris ses fonctions le 15 ao\u00fbt et sign\u00e9 un contrat de quatre ans avec pour objectif de conduire la s\u00e9lection vers le Championnat d&rsquo;Europe 2028 et la Coupe du monde 2030. Lors de ses premi\u00e8res prises de parole publiques en tant que s\u00e9lectionneur, il a \u00e9voqu\u00e9 la n\u00e9cessit\u00e9 d&rsquo;associer le d\u00e9veloppement de l&rsquo;\u00e9quipe aux r\u00e9sultats et annonc\u00e9 qu&rsquo;il ne proc\u00e9derait pas \u00e0 des exp\u00e9rimentations incontr\u00f4l\u00e9es avec l&rsquo;effectif. La d\u00e9cision de R\u00fcdiger intervient donc pr\u00e9cis\u00e9ment au moment o\u00f9 le nouveau staff technique commence \u00e0 d\u00e9finir la hi\u00e9rarchie pour le prochain cycle.<\/p>\n<p>Pour Klopp, le d\u00e9part du d\u00e9fenseur de 33 ans signifie la perte de l&rsquo;un des internationaux les plus exp\u00e9riment\u00e9s en d\u00e9fense avant le d\u00e9but de la nouvelle saison de la Ligue des nations de l&rsquo;UEFA. La DFB a annonc\u00e9 des matchs contre les Pays-Bas, la Gr\u00e8ce et la Serbie pour septembre et octobre 2026, et le premier rassemblement de la nouvelle \u00e8re devrait montrer \u00e0 qui reviendra davantage de responsabilit\u00e9s au centre de la d\u00e9fense. Dans son message d&rsquo;adieu, R\u00fcdiger a pr\u00e9cis\u00e9ment cit\u00e9 le changement de g\u00e9n\u00e9ration comme l&rsquo;une des raisons de son d\u00e9part, inscrivant ainsi sa d\u00e9cision dans le contexte de l&rsquo;avenir de la s\u00e9lection et pas uniquement dans une \u00e9valuation personnelle de la charge physique ou de sa forme. L&rsquo;Allemagne doit d\u00e9sormais remplacer \u00e0 la fois sa qualit\u00e9 dans les duels en un contre un et son exp\u00e9rience dans la gestion des matchs face aux adversaires les plus forts. Ce processus constituera l&rsquo;une des premi\u00e8res t\u00e2ches importantes du nouveau s\u00e9lectionneur.<\/p>\n<p>Le d\u00e9part de R\u00fcdiger r\u00e9duit en m\u00eame temps le nombre de joueurs de l&rsquo;effectif ayant travers\u00e9 plusieurs cycles internationaux et particip\u00e9 \u00e0 de grands tournois sous diff\u00e9rents s\u00e9lectionneurs. Pour une \u00e9quipe qui entre dans une nouvelle p\u00e9riode, cela peut ouvrir de l&rsquo;espace aux d\u00e9fenseurs de la jeune g\u00e9n\u00e9ration, mais aussi accro\u00eetre la responsabilit\u00e9 des joueurs exp\u00e9riment\u00e9s restants. L&rsquo;Allemagne devra trouver un nouvel \u00e9quilibre entre exp\u00e9rience et d\u00e9veloppement, en particulier en d\u00e9fense, o\u00f9 la communication et les automatismes demandent souvent davantage de temps qu&rsquo;\u00e0 d&rsquo;autres postes. Pendant des ann\u00e9es, R\u00fcdiger a apport\u00e9 une combinaison de puissance physique, de vitesse et d&rsquo;exp\u00e9rience internationale acquise dans les plus grands clubs europ\u00e9ens. Son absence ne constitue donc pas seulement le remplacement d&rsquo;un nom dans l&rsquo;effectif, mais la disparition d&rsquo;un r\u00f4le clairement d\u00e9fini au sein de la structure d\u00e9fensive de la s\u00e9lection.<\/p>\n<p>La carri\u00e8re en club se poursuit au Real Madrid<\/p>\n<p>Bien qu&rsquo;il ait quitt\u00e9 la s\u00e9lection, R\u00fcdiger ne met pas fin \u00e0 sa carri\u00e8re professionnelle. Le Real Madrid le consid\u00e8re toujours comme un membre de l&rsquo;\u00e9quipe premi\u00e8re, et le club a annonc\u00e9 le 16 juin 2026 la prolongation de son contrat jusqu&rsquo;au 30 juin 2027. Selon le profil officiel du club madril\u00e8ne, R\u00fcdiger a rejoint le Real en 2022 apr\u00e8s cinq saisons \u00e0 Chelsea, apr\u00e8s avoir auparavant jou\u00e9 \u00e0 la Roma et \u00e0 Stuttgart. Sa carri\u00e8re en club comprend une exp\u00e9rience en Bundesliga, en Serie A, en Premier League et en Liga espagnole, ainsi que de nombreuses ann\u00e9es de participation aux comp\u00e9titions europ\u00e9ennes. Son retrait de la s\u00e9lection lui permet donc de concentrer son calendrier sur le football de club dans la phase finale de sa carri\u00e8re de joueur.<\/p>\n<p>Dans son profil officiel, le Real Madrid indique que R\u00fcdiger a remport\u00e9 avec le club des troph\u00e9es nationaux et internationaux, tandis que son contrat a \u00e9t\u00e9 prolong\u00e9 seulement quelques semaines avant la Coupe du monde 2026. Une telle d\u00e9cision confirme que Madrid continue de compter sur son exp\u00e9rience. Pour un joueur qui a assum\u00e9 pendant plus d&rsquo;une d\u00e9cennie les obligations du club et de la s\u00e9lection en parall\u00e8le, l&rsquo;arr\u00eat des rassemblements internationaux signifie moins de d\u00e9placements et un peu plus de temps de r\u00e9cup\u00e9ration entre les matchs de club. Cela peut \u00eatre particuli\u00e8rement important pour un d\u00e9fenseur central au milieu de la trentaine, dont le poste exige un haut niveau de condition physique, d&rsquo;explosivit\u00e9 et de continuit\u00e9. R\u00fcdiger lui-m\u00eame a annonc\u00e9 dans son message d&rsquo;adieu qu&rsquo;il se consacrerait enti\u00e8rement \u00e0 son club dans ce nouveau chapitre.<\/p>\n<p>Des adieux apr\u00e8s plus d&rsquo;une d\u00e9cennie au c\u0153ur de la d\u00e9fense allemande<\/p>\n<p>Les 86 s\u00e9lections de R\u00fcdiger le placent parmi les internationaux allemands les plus exp\u00e9riment\u00e9s de sa g\u00e9n\u00e9ration. Sa carri\u00e8re n&rsquo;a pas seulement \u00e9t\u00e9 marqu\u00e9e par le nombre de matchs, mais aussi par le fait qu&rsquo;il est rest\u00e9 important \u00e0 travers plusieurs changements majeurs au sein de l&rsquo;\u00e9quipe. De ses d\u00e9buts en 2014 \u00e0 sa derni\u00e8re apparition lors de la Coupe du monde 2026, les s\u00e9lectionneurs, les capitaines, les syst\u00e8mes de jeu et une grande partie de l&rsquo;effectif ont chang\u00e9, mais R\u00fcdiger a conserv\u00e9 pendant une longue p\u00e9riode un r\u00f4le d\u00e9fensif important. Dans ses donn\u00e9es officielles, la f\u00e9d\u00e9ration allemande recense ses apparitions lors de huit matchs de Coupe du monde et neuf rencontres de Championnat d&rsquo;Europe, auxquelles s&rsquo;ajoutent des matchs de qualification, de Ligue des nations et des rencontres amicales. Son empreinte en s\u00e9lection d\u00e9passe donc le simple nombre final de ses apparitions.<\/p>\n<p>Sa d\u00e9cision intervient \u00e9galement sans longue p\u00e9riode de transition ni annonce d&rsquo;un match d&rsquo;adieu. Elle a \u00e9t\u00e9 rendue publique apr\u00e8s la fin de la Coupe du monde et avant le premier cycle comp\u00e9titif sous Klopp, laissant ainsi au nouveau staff technique le temps de construire l&rsquo;\u00e9quipe sans lui. Cela correspond \u00e0 son explication selon laquelle il souhaite laisser de la place aux jeunes joueurs. Dans le m\u00eame temps, cette d\u00e9cision n&rsquo;efface pas le fait qu&rsquo;il figurait encore, lors du dernier grand tournoi, parmi les joueurs auxquels l&rsquo;Allemagne faisait confiance pour un match \u00e0 \u00e9limination directe. C&rsquo;est pr\u00e9cis\u00e9ment pour cette raison que son d\u00e9part repr\u00e9sente une ligne g\u00e9n\u00e9rationnelle visible entre l&rsquo;\u00e9quipe qui a achev\u00e9 le cycle de 2026 et la s\u00e9lection que la DFB pr\u00e9pare d\u00e9sormais pour l&rsquo;Euro 2028.<\/p>\n<p>Pour R\u00fcdiger, l&rsquo;histoire en s\u00e9lection s&rsquo;ach\u00e8ve avec 86 matchs, trois buts, cinq grands tournois et un troph\u00e9e de la Coupe des Conf\u00e9d\u00e9rations. Il a disput\u00e9 son dernier match lors de la Coupe du monde et annonc\u00e9 ses adieux le 1er septembre 2026, plusieurs semaines avant le d\u00e9but des premiers matchs de l&rsquo;Allemagne dans le nouveau cycle. Son prochain objectif sera le Real Madrid, avec lequel il est sous contrat jusqu&rsquo;\u00e0 l&rsquo;\u00e9t\u00e9 2027. L&rsquo;Allemagne, de son c\u00f4t\u00e9, entrera dans une nouvelle phase sans l&rsquo;un de ses d\u00e9fenseurs les plus reconnaissables de ces derni\u00e8res ann\u00e9es. Le message de R\u00fcdiger concernant le fait de c\u00e9der sa place \u00e0 la jeune g\u00e9n\u00e9ration constitue ainsi \u00e0 la fois un adieu personnel et le symbole d&rsquo;un changement plus large qui s&rsquo;op\u00e8re au sein de l&rsquo;\u00e9quipe nationale allemande.<\/p>\n<p><b>Sources :<\/b><br \/>&#8211; Deutscher Fu\u00dfball-Bund \u2013 centre de donn\u00e9es officiel recensant les 86 s\u00e9lections seniors de R\u00fcdiger, ses trois buts et ses statistiques par comp\u00e9tition (<a href=\"https:\/\/datencenter.dfb.de\/datencenter\/personen\/230406\/spieler\" target=\"_blank\" rel=\"nofollow noopener\">lien<\/a>)<br \/>&#8211; Bundesliga \u2013 compte rendu de la retraite internationale de R\u00fcdiger et r\u00e9sum\u00e9 de son message d&rsquo;adieu du 1er septembre 2026 (<a href=\"https:\/\/www.bundesliga.com\/en\/bundesliga\/news\/antonio-rudiger-announces-germany-retirement-real-madrid-38967\" target=\"_blank\" rel=\"nofollow noopener\">lien<\/a>)<br \/>&#8211; Deutscher Fu\u00dfball-Bund \u2013 compte rendu de l&rsquo;\u00e9limination de l&rsquo;Allemagne face au Paraguay lors de la Coupe du monde 2026 et de la derni\u00e8re apparition de R\u00fcdiger (<a href=\"https:\/\/www.dfb.de\/news\/aus-nach-elfmeterschiessen-deutschland-scheitert-an-paraguay\" target=\"_blank\" rel=\"nofollow noopener\">lien<\/a>)<br \/>&#8211; Deutscher Fu\u00dfball-Bund \u2013 annonce officielle de la nomination de J\u00fcrgen Klopp comme s\u00e9lectionneur de l&rsquo;Allemagne et du d\u00e9but de son mandat le 15 ao\u00fbt 2026 (<a href=\"https:\/\/www.dfb.de\/news\/juergen-klopp-als-bundestrainer-vorgestellt\" target=\"_blank\" rel=\"nofollow noopener\">lien<\/a>)<br \/>&#8211; Deutscher Fu\u00dfball-Bund \u2013 calendrier officiel de l&rsquo;Allemagne en Ligue des nations de l&rsquo;UEFA 2026\/27, utilis\u00e9 pour le contexte des premiers matchs du nouveau cycle (<a href=\"https:\/\/datencenter.dfb.de\/teams\/deutschland\" target=\"_blank\" rel=\"nofollow noopener\">lien<\/a>)<br \/>&#8211; L\u2019\u00c9quipe \u2013 compte rendu du message d&rsquo;adieu et de l&rsquo;annonce de R\u00fcdiger selon laquelle il se concentrera sur ses obligations en club apr\u00e8s sa retraite internationale (<a href=\"https:\/\/www.lequipe.fr\/Football\/Actualites\/Le-defenseur-du-real-madrid-antonio-rudiger-met-un-terme-a-sa-carriere-internationale-avec-l-allemagne\/1715242\" target=\"_blank\" rel=\"nofollow noopener\">lien<\/a>)<br \/>&#8211; Real Madrid C.F. \u2013 annonce officielle de la prolongation du contrat de R\u00fcdiger jusqu&rsquo;au 30 juin 2027 et profil du joueur sur le site du club (<a href=\"https:\/\/www.realmadrid.com\/en-US\/news\/club\/announcements\/rudiger-16-06-2026\" target=\"_blank\" rel=\"nofollow noopener\">lien<\/a>)<\/p>\n","protected":false},"excerpt":{"rendered":"Antonio R\u00fcdiger met fin \u00e0 sa carri\u00e8re internationale apr\u00e8s 86 s\u00e9lections avec l&rsquo;Allemagne Antonio R\u00fcdiger a annonc\u00e9 qu&rsquo;il&hellip;\n","protected":false},"author":2,"featured_media":1162175,"comment_status":"","ping_status":"","sticky":false,"template":"","format":"standard","meta":{"footnotes":"","_share_on_mastodon":"0"},"categories":[1587],"tags":[119622,11,672,101129,1804,119623,451,1805,1803,50445,1777,450,674,1801,12,4790,1802,119621],"class_list":["post-1162174","post","type-post","status-publish","format-standard","has-post-thumbnail","category-allemagne","tag-86-selections","tag-actualites","tag-allemagne","tag-antonio-rudiger","tag-bundesrepublik-deutschland","tag-coupe-des-confederations","tag-coupe-du-monde","tag-de","tag-deutschland","tag-equipe-dallemagne","tag-eu","tag-euro","tag-europe","tag-germany","tag-news","tag-real-madrid","tag-republique-federale-dallemagne","tag-retraite-internationale"],"share_on_mastodon":{"url":"https:\/\/pubeurope.com\/@fr\/117199150043934893","error":""},"_links":{"self":[{"href":"https:\/\/www.europesays.com\/fr\/wp-json\/wp\/v2\/posts\/1162174","targetHints":{"allow":["GET"]}}],"collection":[{"href":"https:\/\/www.europesays.com\/fr\/wp-json\/wp\/v2\/posts"}],"about":[{"href":"https:\/\/www.europesays.com\/fr\/wp-json\/wp\/v2\/types\/post"}],"author":[{"embeddable":true,"href":"https:\/\/www.europesays.com\/fr\/wp-json\/wp\/v2\/users\/2"}],"replies":[{"embeddable":true,"href":"https:\/\/www.europesays.com\/fr\/wp-json\/wp\/v2\/comments?post=1162174"}],"version-history":[{"count":0,"href":"https:\/\/www.europesays.com\/fr\/wp-json\/wp\/v2\/posts\/1162174\/revisions"}],"wp:featuredmedia":[{"embeddable":true,"href":"https:\/\/www.europesays.com\/fr\/wp-json\/wp\/v2\/media\/1162175"}],"wp:attachment":[{"href":"https:\/\/www.europesays.com\/fr\/wp-json\/wp\/v2\/media?parent=1162174"}],"wp:term":[{"taxonomy":"category","embeddable":true,"href":"https:\/\/www.europesays.com\/fr\/wp-json\/wp\/v2\/categories?post=1162174"},{"taxonomy":"post_tag","embeddable":true,"href":"https:\/\/www.europesays.com\/fr\/wp-json\/wp\/v2\/tags?post=1162174"}],"curies":[{"name":"wp","href":"https:\/\/api.w.org\/{rel}","templated":true}]}}