{"id":116218,"date":"2025-05-21T06:48:09","date_gmt":"2025-05-21T06:48:09","guid":{"rendered":"https:\/\/www.europesays.com\/fr\/116218\/"},"modified":"2025-05-21T06:48:09","modified_gmt":"2025-05-21T06:48:09","slug":"malgre-la-victoire-de-bruno-retailleau-xavier-bertrand-conserve-lambition-detre-candidat","status":"publish","type":"post","link":"https:\/\/www.europesays.com\/fr\/116218\/","title":{"rendered":"malgr\u00e9 la victoire de Bruno Retailleau, Xavier Bertrand conserve l\u2019\u00abambition\u00bb d\u2019\u00eatre candidat"},"content":{"rendered":"<p>Invit\u00e9 sur France 2, le pr\u00e9sident des Hauts-de-France a jug\u00e9 que l\u2019\u00e9lection de Bruno Retailleau \u00e0 la pr\u00e9sidence de LR ne r\u00e8gle pas la question du candidat de la droite.<\/p>\n<p class=\"fig-paragraph\">Depuis plusieurs mois,\u00a0<a href=\"http:\/\/www.lefigaro.fr\/politique\/presidentielle-2027-xavier-bertrand-se-prepare-a-etre-candidat-20250203\" data-fig-type=\"NewsFlash\" data-gtm-custom-categorie=\"navigation\" data-gtm-custom-action=\"crossclick\" data-gtm-custom-label=\"Contextuel\" data-gtm-event=\"customEventSPE\" data-fig-domain=\"LEFIGARO\" target=\"_blank\" rel=\"noopener\">Xavier Bertrand<\/a>\u00a0ne cesse de r\u00e9p\u00e9ter qu\u2019il se \u00abpr\u00e9pare\u00bb \u00e0 \u00eatre candidat \u00e0 l\u2019\u00e9lection pr\u00e9sidentielle 2027. La victoire \u00e9crasante de Bruno Retailleau dans la course \u00e0 la pr\u00e9sidence de LR pourrait-elle l\u2019emp\u00eacher de partir \u00e0 la conqu\u00eate de l\u2019\u00c9lys\u00e9e\u00a0? \u00abNous avons \u00e9lu le pr\u00e9sident des R\u00e9publicains, nous n\u2019avons pas d\u00e9sign\u00e9 le candidat \u00e0 l\u2019\u00e9lection pr\u00e9sidentielle. Cela viendra en son temps et on verra aussi qui est le mieux plac\u00e9, le moment venu, pour rassembler\u00bb, a temp\u00e9r\u00e9 le pr\u00e9sident du conseil r\u00e9gional des Hauts-de-France, invit\u00e9 sur France 2.<\/p>\n<p>\u00abLa droite doit rassembler les Fran\u00e7ais\u00bb<\/p>\n<p class=\"fig-paragraph\">Xavier Bertrand, qui a soutenu le ministre de l\u2019Int\u00e9rieur face \u00e0 Laurent Wauquiez, s\u2019est montr\u00e9 tr\u00e8s laudateur \u00e0 l\u2019\u00e9gard du nouveau pr\u00e9sident de LR. \u00abIl a le temp\u00e9rament et les qualit\u00e9s pour permettre \u00e0 chacun de travailler ensemble (&#8230;) Il a la sinc\u00e9rit\u00e9 de son engagement\u00bb, a salu\u00e9 l\u2019ancien ministre du Travail. \u00c0 ses yeux,\u00a0<a href=\"http:\/\/www.lefigaro.fr\/politique\/bruno-retailleau-reclame-l-unite-a-droite-et-trace-les-pistes-de-la-reconquete-20250520\" data-fig-type=\"Article\" data-gtm-custom-categorie=\"navigation\" data-gtm-custom-action=\"crossclick\" data-gtm-custom-label=\"Contextuel\" data-gtm-event=\"customEventSPE\" data-fig-domain=\"LEFIGARO\" target=\"_blank\" rel=\"noopener\">Bruno Retailleau<\/a>\u00a0est \u00abtout \u00e0 fait l\u00e9gitime pour avoir cette ambition\u00bb \u00e9lys\u00e9enne. \u00abComme d\u2019autres, comme moi\u00bb, a toutefois ajout\u00e9 Xavier Bertrand, dans la lign\u00e9e du maire de Cannes, David Lisnard, pour qui l\u2019\u00e9lection de Bruno Retailleau ne r\u00e8gle pas la question du candidat.<\/p>\n<p class=\"fig-paragraph\">Le pr\u00e9sident des Hauts-de-France a d\u00e9fendu sa vision d\u2019une droite \u00abpopulaire\u00bb, qui peut appara\u00eetre comme une critique \u00e0 demi-mot de la ligne port\u00e9e par le ministre de l\u2019Int\u00e9rieur\u00a0: \u00abLa droite doit rassembler les Fran\u00e7ais qui vont bien et les Fran\u00e7ais qui vont moins bien. Elle doit ressembler les Fran\u00e7ais de toute confession. Elle doit rassembler les Fran\u00e7ais de tous \u00e2ges.\u00bb Alors que la porte-parole du gouvernement\u00a0<a href=\"http:\/\/www.lefigaro.fr\/politique\/fin-du-macronisme-dans-les-mois-qui-viennent-la-porte-parole-du-gouvernement-ulcere-le-bloc-central-20250520\" data-fig-type=\"NewsFlash\" data-gtm-custom-categorie=\"navigation\" data-gtm-custom-action=\"crossclick\" data-gtm-custom-label=\"Contextuel\" data-gtm-event=\"customEventSPE\" data-fig-domain=\"LEFIGARO\" target=\"_blank\" rel=\"noopener\">Sophie Primas<\/a>\u00a0s\u2019est attir\u00e9 les foudres du bloc central en \u00e9voquant la fin du macronisme dans \u00ables mois qui viennent\u00bb, Xavier Bertrand a jug\u00e9 que \u00abce sont les Fran\u00e7ais qui d\u00e9cideront s\u2019ils veulent un h\u00e9ritier du macronisme ou une rupture compl\u00e8te\u00bb.<\/p>\n","protected":false},"excerpt":{"rendered":"Invit\u00e9 sur France 2, le pr\u00e9sident des Hauts-de-France a jug\u00e9 que l\u2019\u00e9lection de Bruno Retailleau \u00e0 la pr\u00e9sidence&hellip;\n","protected":false},"author":2,"featured_media":116219,"comment_status":"","ping_status":"","sticky":false,"template":"","format":"standard","meta":{"footnotes":""},"categories":[1356],"tags":[426,427,422,423,58,59,1011,27,418,424,425,420,421,419,316,429,252,1364,428,15431],"class_list":{"0":"post-116218","1":"post","2":"type-post","3":"status-publish","4":"format-standard","5":"has-post-thumbnail","7":"category-television","8":"tag-candidat","9":"tag-candidats","10":"tag-depute","11":"tag-deputes","12":"tag-divertissement","13":"tag-entertainment","14":"tag-fr","15":"tag-france","16":"tag-gouvernement","17":"tag-institution","18":"tag-institutions","19":"tag-loi","20":"tag-lois","21":"tag-opposition","22":"tag-politique","23":"tag-ps","24":"tag-television","25":"tag-tv","26":"tag-ump","27":"tag-xavier-bertrand"},"share_on_mastodon":{"url":"https:\/\/pubeurope.com\/@fr\/114544489677305731","error":""},"_links":{"self":[{"href":"https:\/\/www.europesays.com\/fr\/wp-json\/wp\/v2\/posts\/116218","targetHints":{"allow":["GET"]}}],"collection":[{"href":"https:\/\/www.europesays.com\/fr\/wp-json\/wp\/v2\/posts"}],"about":[{"href":"https:\/\/www.europesays.com\/fr\/wp-json\/wp\/v2\/types\/post"}],"author":[{"embeddable":true,"href":"https:\/\/www.europesays.com\/fr\/wp-json\/wp\/v2\/users\/2"}],"replies":[{"embeddable":true,"href":"https:\/\/www.europesays.com\/fr\/wp-json\/wp\/v2\/comments?post=116218"}],"version-history":[{"count":0,"href":"https:\/\/www.europesays.com\/fr\/wp-json\/wp\/v2\/posts\/116218\/revisions"}],"wp:featuredmedia":[{"embeddable":true,"href":"https:\/\/www.europesays.com\/fr\/wp-json\/wp\/v2\/media\/116219"}],"wp:attachment":[{"href":"https:\/\/www.europesays.com\/fr\/wp-json\/wp\/v2\/media?parent=116218"}],"wp:term":[{"taxonomy":"category","embeddable":true,"href":"https:\/\/www.europesays.com\/fr\/wp-json\/wp\/v2\/categories?post=116218"},{"taxonomy":"post_tag","embeddable":true,"href":"https:\/\/www.europesays.com\/fr\/wp-json\/wp\/v2\/tags?post=116218"}],"curies":[{"name":"wp","href":"https:\/\/api.w.org\/{rel}","templated":true}]}}