{"id":1162180,"date":"2026-09-02T02:48:30","date_gmt":"2026-09-02T02:48:30","guid":{"rendered":"https:\/\/www.europesays.com\/fr\/1162180\/"},"modified":"2026-09-02T02:48:30","modified_gmt":"2026-09-02T02:48:30","slug":"mercato-om-timber-vendu-sur-le-gong-a-crystal-palace","status":"publish","type":"post","link":"https:\/\/www.europesays.com\/fr\/1162180\/","title":{"rendered":"Mercato OM\u00a0: Timber vendu sur le gong \u00e0 Crystal Palace"},"content":{"rendered":"<p>Finalement, un Olympien a bien pris la poudre d\u2019escampette. Alors que les supporters redoutaient de voir <a href=\"https:\/\/www.laprovence.com\/article\/om\/1242817766966414\/om-igor-paixao-va-renouer-avec-l-entrainement-collectif-et-devrait-rester-en-provence\" target=\"_self\" rel=\"nofollow noopener\">Igor Paixao s\u2019envoler pour Sunderland<\/a> lors de ce dernier jour mercato, pour les cinq principaux championnats europ\u00e9ens, c\u2019est un autre Marseillais qui a rejoint l\u2019Angleterre sur le fil.<\/p>\n<p>Crystal Palace a tent\u00e9 un baroud d\u2019honneur pour recruter Quinten Timber, dont l\u2019OM voulait se s\u00e9parer en priorit\u00e9 en cette fin ao\u00fbt. Accapar\u00e9s par plusieurs dossiers (Fofana, Chilwell, Osorio), jusqu\u2019\u00e0 la cl\u00f4ture du march\u00e9 anglais (minuit, heure fran\u00e7aise), les Eagles ont gard\u00e9 de l\u2019\u00e9nergie pour convaincre l\u2019OM de l\u00e2cher le N\u00e9erlandais. Les n\u00e9gociations ont tra\u00een\u00e9 jusqu\u2019au gong, avant que l\u2019OM, qui esp\u00e9rait r\u00e9cup\u00e9rer environ 20M\u20ac pour son milieu, ne donne son accord \u00e0 Crystal Palace. \u00c0 une heure du matin, le dossier \u00e9tait d\u00e9finitivement ficel\u00e9.<\/p>\n<p>Selon L\u2019\u00c9quipe, l\u2019OM devrait toucher une somme approchant ce total, bonus compris. Pour rappel, le clan Timber r\u00e9cup\u00e9rera un pourcentage de ce transfert (entre 5 et 10%), en vertu des termes n\u00e9goci\u00e9s lors de son arriv\u00e9e, au mois de janvier.<\/p>\n<p>L\u2019OM, qui a toujours grand besoin de r\u00e9duire sa masse salariale, a estim\u00e9 \u00eatre assez fourni au milieu pour c\u00e9der l\u2019ex joueur du Feyenoord. Timber a sign\u00e9 une derni\u00e8re apparition sans saveur sous le maillot marseillais, dimanche contre Monaco (2-0), \u00e0 l\u2019image de son fugace passage en Provence.<\/p>\n","protected":false},"excerpt":{"rendered":"Finalement, un Olympien a bien pris la poudre d\u2019escampette. Alors que les supporters redoutaient de voir Igor Paixao&hellip;\n","protected":false},"author":2,"featured_media":1162181,"comment_status":"","ping_status":"","sticky":false,"template":"","format":"standard","meta":{"footnotes":"","_share_on_mastodon":"0"},"categories":[2],"tags":[5734,11,119624,1011,27,47837,1434,12,149,25,3356,18619,36795],"class_list":["post-1162180","post","type-post","status-publish","format-standard","has-post-thumbnail","category-actualites","tag-5734","tag-actualites","tag-crystal","tag-fr","tag-france","tag-gong","tag-mercato","tag-news","tag-om","tag-republique-francaise","tag-sur","tag-timber","tag-vendu"],"share_on_mastodon":{"url":"https:\/\/pubeurope.com\/@fr\/117199169410667285","error":""},"_links":{"self":[{"href":"https:\/\/www.europesays.com\/fr\/wp-json\/wp\/v2\/posts\/1162180","targetHints":{"allow":["GET"]}}],"collection":[{"href":"https:\/\/www.europesays.com\/fr\/wp-json\/wp\/v2\/posts"}],"about":[{"href":"https:\/\/www.europesays.com\/fr\/wp-json\/wp\/v2\/types\/post"}],"author":[{"embeddable":true,"href":"https:\/\/www.europesays.com\/fr\/wp-json\/wp\/v2\/users\/2"}],"replies":[{"embeddable":true,"href":"https:\/\/www.europesays.com\/fr\/wp-json\/wp\/v2\/comments?post=1162180"}],"version-history":[{"count":0,"href":"https:\/\/www.europesays.com\/fr\/wp-json\/wp\/v2\/posts\/1162180\/revisions"}],"wp:featuredmedia":[{"embeddable":true,"href":"https:\/\/www.europesays.com\/fr\/wp-json\/wp\/v2\/media\/1162181"}],"wp:attachment":[{"href":"https:\/\/www.europesays.com\/fr\/wp-json\/wp\/v2\/media?parent=1162180"}],"wp:term":[{"taxonomy":"category","embeddable":true,"href":"https:\/\/www.europesays.com\/fr\/wp-json\/wp\/v2\/categories?post=1162180"},{"taxonomy":"post_tag","embeddable":true,"href":"https:\/\/www.europesays.com\/fr\/wp-json\/wp\/v2\/tags?post=1162180"}],"curies":[{"name":"wp","href":"https:\/\/api.w.org\/{rel}","templated":true}]}}