{"id":1162190,"date":"2026-09-02T03:00:18","date_gmt":"2026-09-02T03:00:18","guid":{"rendered":"https:\/\/www.europesays.com\/fr\/1162190\/"},"modified":"2026-09-02T03:00:18","modified_gmt":"2026-09-02T03:00:18","slug":"echappee-chez-les-pros-podium-en-n2-tout-va-bien-pour-lilou-jauvin-actualite","status":"publish","type":"post","link":"https:\/\/www.europesays.com\/fr\/1162190\/","title":{"rendered":"\u00c9chapp\u00e9e chez les pros, podium en N2, tout va bien pour Lilou Jauvin &#8211; Actualit\u00e9"},"content":{"rendered":"<p>Lilou Jauvin \u00e9tait satisfaite ce dimanche \u00e0 l\u2019arriv\u00e9e du Grand Prix de la ville de Sarlat. Avec sa co\u00e9quipi\u00e8re Tha\u00efs Poirier, la soci\u00e9taire de Marmande D\u00e9veloppement Team a permis au club lot-et-garonnais de briller en Dordogne.\u00a0<a href=\"https:\/\/www.directvelo.com\/epreuve\/48972\/grand-prix-feminin-de-la-ville-de-sarlat-2026\" target=\"_blank\" rel=\"noopener nofollow\"><strong>\u00c0 Tha\u00efs Poirier la victoire, \u00e0 elle la 3e plac<\/strong>e<\/a>.\u00a0\u201cIl y a beaucoup de satisfaction d&rsquo;avoir gagn\u00e9 d&rsquo;abord la course avec Marmande. C&rsquo;\u00e9tait notre objectif, donc il est atteint. Avec Tha\u00efs, on s&rsquo;est dit que c&rsquo;\u00e9tait soit elle, soit moi, selon le sc\u00e9nario de la course\u201d, rapporte Lilou Jauvin \u00e0 DirectVelo.<\/p>\n<p>Les deux Juniors ont \u00e9t\u00e9 accompagn\u00e9es jusqu\u2019au bout par l\u2019exp\u00e9riment\u00e9e Pauline Allin. \u201cLa fin de course a \u00e9t\u00e9 compliqu\u00e9e. Pauline \u00e9tait costaude, surtout sur les parties roulantes, donc elle revenait toujours quand on attaquait. On a fait ce qu&rsquo;on pouvait. Je lance Tha\u00efs \u00e0 la fin et elle gagne, donc c&rsquo;est parfait\u201d. <\/p>\n<p><strong>MEILLEURE GRIMPEUSE DU KBE<\/strong><\/p>\n<p>Trois jours avant, <a href=\"https:\/\/www.directvelo.com\/coureur\/57634\/lilou-jauvin\" target=\"_blank\" rel=\"noopener nofollow\"><strong>Lilou Jauvin<\/strong><\/a> a particip\u00e9 au <strong><a href=\"https:\/\/www.directvelo.com\/epreuve\/51644\/kreiz-breizh-elites-feminin-2026\" target=\"_blank\" rel=\"noopener nofollow\">Kreiz Breizh Elites<\/a><\/strong> avec la ProTeam Mayenne-Monbana-My Pie o\u00f9 elle est actuellement stagiaire. \u201cC&rsquo;est un petit peu un r\u00eave qui se r\u00e9alise, parce que dans le peloton, avec des professionnelles qu&rsquo;on regarde \u00e0 la t\u00e9l\u00e9, c&rsquo;est toujours impressionnant. J\u2019ai pris beaucoup de plaisir\u201d. Elle s\u2019est distingu\u00e9e gr\u00e2ce \u00e0 une longue \u00e9chapp\u00e9e, qui lui a permis d\u2019avoir les honneurs de la c\u00e9r\u00e9monie protocolaire pour recevoir le prix de la meilleure grimpeuse. \u201cC&rsquo;\u00e9tait une tr\u00e8s belle exp\u00e9rience, j&rsquo;ai bien \u00e9t\u00e9 int\u00e9gr\u00e9e dans l&rsquo;\u00e9quipe, ils m&rsquo;ont mise en confiance et ils m&rsquo;ont laiss\u00e9 ma carte, donc c&rsquo;\u00e9tait g\u00e9nial\u201d.<\/p>\n<p>L&rsquo;athl\u00e8te de 17 ans termine de belle fa\u00e7on une saison o\u00f9 elle a mis du temps \u00e0 se lancer, en raison de chutes ou de crevaisons. \u201cJ&rsquo;ai r\u00e9ussi \u00e0 m&rsquo;en remettre, et depuis <strong><a href=\"https:\/\/www.directvelo.com\/epreuve\/51064\/championnat-de-france-u19-femmes-2026\" target=\"_blank\" rel=\"noopener nofollow\">le Championnat de France<\/a><\/strong>, \u00e7a va un peu mieux comme au Tour de Charente-Maritime, au Kreiz Breizh ou \u00e0 Sarlat. Je finis bien la saison\u201d. Elle essaiera de profiter de sa bonne condition du 10 au 13 septembre, \u00e0 l&rsquo;occasion du Faun Tour, la nouvelle version du Tour de l\u2019Ard\u00e8che F\u00e9minin, qu\u2019elle disputera avec Mayenne-Monbana-My Pie. \u201cL\u00e0, \u00e7a va \u00eatre un peu plus difficile, mais je suis contente d&rsquo;y aller\u201d.<\/p>\n","protected":false},"excerpt":{"rendered":"Lilou Jauvin \u00e9tait satisfaite ce dimanche \u00e0 l\u2019arriv\u00e9e du Grand Prix de la ville de Sarlat. Avec sa&hellip;\n","protected":false},"author":2,"featured_media":1162191,"comment_status":"","ping_status":"","sticky":false,"template":"","format":"standard","meta":{"footnotes":"","_share_on_mastodon":"0"},"categories":[1411],"tags":[834,828,836,829,837,827,83,826,824,823,1154,207,814,817,815,816,822,821,832,211,839,1011,27,820,818,819,835,831,830,833,838,60,212,208,825],"class_list":["post-1162190","post","type-post","status-publish","format-standard","has-post-thumbnail","category-cyclisme","tag-attaque","tag-belgique","tag-braquet","tag-bretagne","tag-chute","tag-competition","tag-coupe-de-france","tag-coureur","tag-course-cyclisme","tag-course-cycliste","tag-cycling","tag-cyclisme","tag-direct","tag-direct-velo","tag-directvelo","tag-directvelo-com","tag-epreuve","tag-epreuve-cycliste","tag-federation-francaise-de-cyclisme","tag-ffc","tag-flandres","tag-fr","tag-france","tag-live","tag-live-course","tag-live-epreuve","tag-peloton","tag-radio-peloton","tag-radio-tour","tag-ravitaillement","tag-relance","tag-sports","tag-uci","tag-velo","tag-velos"],"share_on_mastodon":{"url":"https:\/\/pubeurope.com\/@fr\/117199216814233341","error":""},"_links":{"self":[{"href":"https:\/\/www.europesays.com\/fr\/wp-json\/wp\/v2\/posts\/1162190","targetHints":{"allow":["GET"]}}],"collection":[{"href":"https:\/\/www.europesays.com\/fr\/wp-json\/wp\/v2\/posts"}],"about":[{"href":"https:\/\/www.europesays.com\/fr\/wp-json\/wp\/v2\/types\/post"}],"author":[{"embeddable":true,"href":"https:\/\/www.europesays.com\/fr\/wp-json\/wp\/v2\/users\/2"}],"replies":[{"embeddable":true,"href":"https:\/\/www.europesays.com\/fr\/wp-json\/wp\/v2\/comments?post=1162190"}],"version-history":[{"count":0,"href":"https:\/\/www.europesays.com\/fr\/wp-json\/wp\/v2\/posts\/1162190\/revisions"}],"wp:featuredmedia":[{"embeddable":true,"href":"https:\/\/www.europesays.com\/fr\/wp-json\/wp\/v2\/media\/1162191"}],"wp:attachment":[{"href":"https:\/\/www.europesays.com\/fr\/wp-json\/wp\/v2\/media?parent=1162190"}],"wp:term":[{"taxonomy":"category","embeddable":true,"href":"https:\/\/www.europesays.com\/fr\/wp-json\/wp\/v2\/categories?post=1162190"},{"taxonomy":"post_tag","embeddable":true,"href":"https:\/\/www.europesays.com\/fr\/wp-json\/wp\/v2\/tags?post=1162190"}],"curies":[{"name":"wp","href":"https:\/\/api.w.org\/{rel}","templated":true}]}}