{"id":116220,"date":"2025-05-21T06:49:09","date_gmt":"2025-05-21T06:49:09","guid":{"rendered":"https:\/\/www.europesays.com\/fr\/116220\/"},"modified":"2025-05-21T06:49:09","modified_gmt":"2025-05-21T06:49:09","slug":"vald-annonce-la-tracklist-de-pandemonium-reloaded","status":"publish","type":"post","link":"https:\/\/www.europesays.com\/fr\/116220\/","title":{"rendered":"Vald annonce la tracklist de \u00ab\u00a0Pand\u00e9monium Reloaded\u00a0\u00bb"},"content":{"rendered":"<p itemprop=\"description\"><strong>La r\u00e9\u00e9dition de l&rsquo;album de Vald est d\u00e9sormais annonc\u00e9e officiellement.<\/strong><\/p>\n<p>Ce n&rsquo;est un secret pour personne : <strong>Vald <\/strong>a r\u00e9alis\u00e9 <strong>un des plus gros projets de ce d\u00e9but d&rsquo;ann\u00e9e 2025<\/strong> avec la sortie de <strong>\u00ab\u00a0Pand\u00e9monium\u00a0\u00bb<\/strong> en mars dernier. Un projet qui a rapidement rencontr\u00e9 un gros succ\u00e8s, avec <a href=\"https:\/\/generations.fr\/news\/musique\/79648\/vald-disque-d-or-avec-pandemonium\" target=\"_blank\" rel=\"noopener nofollow\">un disque d&rsquo;or d\u00e9croch\u00e9 en un peu moins de 3 semaines<\/a>, ce qui lui a d&rsquo;ailleurs valu de <a href=\"https:\/\/generations.fr\/news\/coulisse\/79583\/booba-allume-violemment-gazo-et-vald-sur-leurs-derniers-sons\" target=\"_blank\" rel=\"noopener nofollow\">nouvelles attaques de la part de Booba<\/a> qui l&rsquo;accuse de \u00ab\u00a0tricher\u00a0\u00bb. Mais le V est loin d&rsquo;en avoir fini avec l&rsquo;arc \u00ab\u00a0Pand\u00e9monium\u00a0\u00bb, puisque comme pr\u00e9vu, <strong>une r\u00e9\u00e9dition devrait bient\u00f4t voir le jour. Il vient d&rsquo;ailleurs d&rsquo;en d\u00e9voiler la tracklist.<\/strong><\/p>\n<p><strong>On ne sait pas s&rsquo;il s&rsquo;agira d&rsquo;une r\u00e9\u00e9dition officielle, ou simplement d&rsquo;un album de remixes, ou un m\u00e9lange des deux<\/strong>, mais on commence \u00e0 avoir un premier \u00e9l\u00e9ment de r\u00e9ponse puisque <a href=\"https:\/\/generations.fr\/news\/musique\/79667\/werenoi-vald-doechii-shay-niska-kalash-embouteillage-de-certifications-chez-le-snep\" target=\"_blank\" rel=\"noopener nofollow\">Vald<\/a> a lui-m\u00eame publi\u00e9 sur ses r\u00e9seaux la photo de ce qui ressemble \u00e0 la tracklist de ce projet, qui s&rsquo;appellera <strong>\u00ab\u00a0Pand\u00e9monium Reloaded\u00a0\u00bb<\/strong>. Un projet qui, si on en croit l&rsquo;image, <strong>fera 13 titres, contre les 17 morceaux (+ 3 bonus) que compte l&rsquo;album dans sa version originale.\u00a0<\/strong><\/p>\n<blockquote class=\"instagram-media\" style=\"background: #FFF; border: 0; border-radius: 3px; box-shadow: 0 0 1px 0 rgba(0,0,0,0.5),0 1px 10px 0 rgba(0,0,0,0.15); margin: 1px; max-width: 540px; min-width: 326px; padding: 0; width: calc(100% - 2px);\" data-instgrm-captioned=\"\" data-instgrm-permalink=\"https:\/\/www.instagram.com\/p\/DJ3vtiBt0Rb\/?utm_source=ig_embed&amp;utm_campaign=loading\" data-instgrm-version=\"14\"><p>&#13;<br \/>\n&#13;\n<\/p><\/blockquote>\n<p>A c\u00f4t\u00e9 de \u00e7a, on remarque \u00e9galement que <strong>certains des titres ne sont pas pr\u00e9sents sur la version originale<\/strong>, ce qui nous oriente donc dans la direction d&rsquo;une r\u00e9\u00e9dition : on pense notamment aux titres <strong>\u00ab\u00a0TAL\/TAL\u00a0\u00bb, ou encore \u00ab\u00a0RAP RIP\u00a0\u00bb<\/strong>. A moins qu&rsquo;il ne s&rsquo;agisse de bouts de morceaux remix\u00e9s, \u00e0 la mani\u00e8re de <strong>\u00ab\u00a0R\u00e9gulation Reloaded\u00a0\u00bb, revisit\u00e9 par Vladimir Cauchemar et Todieflor<\/strong>, et publi\u00e9 par <a href=\"https:\/\/generations.fr\/news\/musique\/79512\/vald-annonce-un-gros-concert-a-paris-la-defense-arena\" target=\"_blank\" rel=\"noopener nofollow\">Vald<\/a> sur ses plateformes il y a deux semaines. D&rsquo;ailleurs, il pourrait tr\u00e8s bien s&rsquo;agir d&rsquo;<strong>un album entier de morceaux simplement remix\u00e9s par Vladimir Cauchemar et Todieflor<\/strong>, et m\u00eame \u00e7a, ce serait probablement une dinguerie !<\/p>\n<p>Plus d&rsquo;infos \u00e0 venir concernant la date de sortie notamment, on vous tient au courant. Il se murmure d&rsquo;ailleurs que le projet pourrait \u00eatre <strong>dispo d\u00e8s ce vendredi 23 mai !<\/strong><\/p>\n<p>\t\t\t\t\t\t\t\t\t\t\t\t\t\t\t\t\t\t\t<script async src=\"\/\/www.instagram.com\/embed.js\"><\/script><\/p>\n","protected":false},"excerpt":{"rendered":"La r\u00e9\u00e9dition de l&rsquo;album de Vald est d\u00e9sormais annonc\u00e9e officiellement. Ce n&rsquo;est un secret pour personne : Vald&hellip;\n","protected":false},"author":2,"featured_media":116221,"comment_status":"","ping_status":"","sticky":false,"template":"","format":"standard","meta":{"footnotes":""},"categories":[1355],"tags":[3627,3628,3626,3632,3631,3630,3629,3649,3634,3647,3663,3625,3623,3646,2163,3648,3645,58,59,3660,1011,27,3612,3620,3606,3607,3605,3608,3665,3657,3622,3613,3617,3615,3609,3614,3659,3654,3643,3653,3650,3641,3636,3642,3638,3651,3635,1361,873,12,3624,626,3639,2189,3658,1825,3618,3616,3661,3656,3619,3621,3662,3640,3664,3633,3644,3611,3610,3637,1863,2955,3655,3652],"class_list":{"0":"post-116220","1":"post","2":"type-post","3":"status-publish","4":"format-standard","5":"has-post-thumbnail","7":"category-musique","8":"tag-3627","9":"tag-3628","10":"tag-3626","11":"tag-3632","12":"tag-3631","13":"tag-3630","14":"tag-3629","15":"tag-al-peco","16":"tag-alibi","17":"tag-alpeco","18":"tag-b2o","19":"tag-banlieue","20":"tag-black","21":"tag-booba","22":"tag-chroniques","23":"tag-despo","24":"tag-diams","25":"tag-divertissement","26":"tag-entertainment","27":"tag-exclus","28":"tag-fr","29":"tag-france","30":"tag-freestyles","31":"tag-funk","32":"tag-generation","33":"tag-generation88-2","34":"tag-generations","35":"tag-generations88-2","36":"tag-generationslive","37":"tag-genratio","38":"tag-grime","39":"tag-hip","40":"tag-hip-hop","41":"tag-hiphop","42":"tag-hiphopsoul","43":"tag-hop","44":"tag-hotlist","45":"tag-james","46":"tag-k1fry","47":"tag-kerry","48":"tag-larsen","49":"tag-lim","50":"tag-lskadrille","51":"tag-mafia","52":"tag-mctyer","53":"tag-medine","54":"tag-montana","55":"tag-music","56":"tag-musique","57":"tag-news","58":"tag-noir","59":"tag-paris","60":"tag-parishiphop","61":"tag-photos","62":"tag-playlist","63":"tag-radio","64":"tag-ragga","65":"tag-rap","66":"tag-rap-francais","67":"tag-rapfr","68":"tag-reggae","69":"tag-rnb","70":"tag-roh2f","71":"tag-rue","72":"tag-ruskov-molotov","73":"tag-sefyu","74":"tag-sinik","75":"tag-sons","76":"tag-soul","77":"tag-tandem","78":"tag-us","79":"tag-videos","80":"tag-webradio","81":"tag-youssoupha"},"share_on_mastodon":{"url":"","error":"Validation failed: Text character limit of 500 exceeded"},"_links":{"self":[{"href":"https:\/\/www.europesays.com\/fr\/wp-json\/wp\/v2\/posts\/116220","targetHints":{"allow":["GET"]}}],"collection":[{"href":"https:\/\/www.europesays.com\/fr\/wp-json\/wp\/v2\/posts"}],"about":[{"href":"https:\/\/www.europesays.com\/fr\/wp-json\/wp\/v2\/types\/post"}],"author":[{"embeddable":true,"href":"https:\/\/www.europesays.com\/fr\/wp-json\/wp\/v2\/users\/2"}],"replies":[{"embeddable":true,"href":"https:\/\/www.europesays.com\/fr\/wp-json\/wp\/v2\/comments?post=116220"}],"version-history":[{"count":0,"href":"https:\/\/www.europesays.com\/fr\/wp-json\/wp\/v2\/posts\/116220\/revisions"}],"wp:featuredmedia":[{"embeddable":true,"href":"https:\/\/www.europesays.com\/fr\/wp-json\/wp\/v2\/media\/116221"}],"wp:attachment":[{"href":"https:\/\/www.europesays.com\/fr\/wp-json\/wp\/v2\/media?parent=116220"}],"wp:term":[{"taxonomy":"category","embeddable":true,"href":"https:\/\/www.europesays.com\/fr\/wp-json\/wp\/v2\/categories?post=116220"},{"taxonomy":"post_tag","embeddable":true,"href":"https:\/\/www.europesays.com\/fr\/wp-json\/wp\/v2\/tags?post=116220"}],"curies":[{"name":"wp","href":"https:\/\/api.w.org\/{rel}","templated":true}]}}