{"id":1162206,"date":"2026-09-02T03:12:20","date_gmt":"2026-09-02T03:12:20","guid":{"rendered":"https:\/\/www.europesays.com\/fr\/1162206\/"},"modified":"2026-09-02T03:12:20","modified_gmt":"2026-09-02T03:12:20","slug":"cyril-hanouna-et-shana-loustau-en-couple-leur-baiser-enflamme-diffuse-dans-tbt9","status":"publish","type":"post","link":"https:\/\/www.europesays.com\/fr\/1162206\/","title":{"rendered":"Cyril Hanouna et Shana Loustau en couple : leur baiser enflamm\u00e9 diffus\u00e9 dans TBT9"},"content":{"rendered":"<p>          <img loading=\"lazy\" width=\"150\" height=\"150\" src=\"data:image\/svg+xml,%3Csvg%20xmlns=\" http:=\"\" class=\"w-16 self-stretch object-cover shrink-0\" alt=\"Cyril Hanouna Biographie\" decoding=\"async\" data-lazy-src=\"https:\/\/www.europesays.com\/fr\/wp-content\/uploads\/2026\/07\/Cyril-Hanouna-150x150.webp\"\/>        <\/p>\n<p>\n        Couverture compl\u00e8te sur<\/p>\n<p>          Cyril Hanouna\n      <\/p>\n<p>\n        Cyril Hanouna est un animateur et producteur de t\u00e9l\u00e9vision. Il s&rsquo;est fait conna\u00eetre sur les cha\u00eenes Com\u00e9die ! et M6 avant de devenir <strong>le roi du PAF<\/strong> gr\u00e2ce \u00e0 son \u00e9mission quotidienne Touche pas \u00e0 mon poste, diffus\u00e9e depuis 12 ans sur C8.      <\/p>\n<p>C&rsquo;est ce qu&rsquo;on appelle se faire prendre la main dans le sac&#8230; <strong>ou plut\u00f4t les l\u00e8vres sur les l\u00e8vres<\/strong> ! Ce mardi 1er septembre 2026, l\u2019heure \u00e9tait aux r\u00e9v\u00e9lations sur le plateau de <strong><a href=\"https:\/\/www.public.fr\/tag\/tout-beau-tout-9\" rel=\"nofollow noopener\" target=\"_blank\">TBT9<\/a><\/strong>. Alors que les rumeurs sur la vie sentimentale de <a href=\"https:\/\/www.public.fr\/tag\/cyril-hanouna\" rel=\"nofollow noopener\" target=\"_blank\">Cyril Hanouna<\/a> font parler depuis des mois, Gilles Verdez a d\u00e9cid\u00e9 de frapper un grand coup.\u00a0<\/p>\n<p>Arm\u00e9 d&rsquo;une s\u00e9rie de vid\u00e9os vol\u00e9es lors de l&rsquo;anniversaire de la chroniqueuse Shana Loustau le 27 juillet dernier \u00e0 Saint-Tropez, <a href=\"https:\/\/www.public.fr\/ce-soir-je-vous-revele-tout-gilles-verdez-pirate-les-reseaux-de-tbt9-et-menace-cyril-hanouna-et-shana-loustau-de-tout-balancer-ce-soir\" rel=\"nofollow noopener\" target=\"_blank\">le fouineur de l&rsquo;\u00e9quipe a balanc\u00e9 les images en direct<\/a>. Et si l&rsquo;animateur star a tent\u00e9 de nier jusqu&rsquo;au bout en \u00e9voquant de simples marques d&rsquo;affection amicales, la derni\u00e8re s\u00e9quence a balay\u00e9 toutes ses excuses. Devant des t\u00e9l\u00e9spectateurs hilares, <strong>le fameux bisou amical s&rsquo;est transform\u00e9 en un baiser passionn\u00e9<\/strong>, <a href=\"https:\/\/www.public.fr\/couple-ou-pas-couple-cyril-hanouna-promet-enfin-de-dire-toute-la-verite-sur-sa-relation-avec-shana-loustau\" rel=\"nofollow noopener\" target=\"_blank\">officialisant enfin l\u2019idylle.<\/a><\/p>\n<blockquote class=\"tiktok-embed\" cite=\"https:\/\/www.tiktok.com\/@insidepublic\/video\/7680665773752257814\" data-video-id=\"7680665773752257814\" data-embed-from=\"oembed\" style=\"max-width:605px; min-width:325px;\"><p>  <a target=\"_blank\" title=\"@insidepublic\" href=\"https:\/\/www.tiktok.com\/@insidepublic?refer=embed\" rel=\"nofollow noopener\">@insidepublic<\/a> <\/p>\n<p>Pi\u00e9g\u00e9 en direct sur le plateau de TBT9 par des vid\u00e9os de Gilles Verdez tourn\u00e9es cet \u00e9t\u00e9 \u00e0 Saint-Tropez, Cyril Hanouna a fini par se faire griller : son langoureux baiser avec la chroniqueuse Shana Loustau officialise enfin leur idylle au grand jour. tbt9 cyrilhanouna shanaloustau people actupeople<\/p>\n<p> <a target=\"_blank\" title=\"\u266c son original - insidepublic - insidepublic\" href=\"https:\/\/www.tiktok.com\/music\/son-original-insidepublic-7680665785832246038?refer=embed\" rel=\"nofollow noopener\">\u266c son original &#8211; insidepublic &#8211; insidepublic<\/a>  <\/p><\/blockquote>\n<p><strong>Fiesta VIP \u00e0 Saint-Tropez avec Gilbert Montagn\u00e9, Tarte Trop\u00e9zienne et Yann Muller<\/strong><\/p>\n<p><a href=\"https:\/\/www.public.fr\/je-ne-supporte-pas-detre-separe-delle-cyril-hanouna-revelations-sur-son-couple-avec-shana-loustau-en-direct-dans-tbt9\" rel=\"nofollow noopener\" target=\"_blank\">Pour f\u00eater l&rsquo;anniversaire de sa belle <\/a>le 27 juillet dernier, Cyril Hanouna n&rsquo;avait pas fait les choses \u00e0 moiti\u00e9. Direction la C\u00f4te d&rsquo;Azur et la mythique cit\u00e9 trop\u00e9zienne pour une soir\u00e9e XXL dont Gilles Verdez s&rsquo;est fait le reporter tr\u00e8s sp\u00e9cial. Sur les premi\u00e8res images diffus\u00e9es \u00e0 l&rsquo;antenne, l&rsquo;ambiance \u00e9tait d\u00e9j\u00e0 survolt\u00e9e : <strong>guest-star de choix, Gilbert Montagn\u00e9 est venu pousser la chansonnette en personne pour ravir les invit\u00e9s, \u00e9paul\u00e9 par Yann Muller<\/strong>, le DJ vedette de ces derniers mois.<\/p>\n<p>Mais le vrai spectacle se jouait sur la piste de danse. Entre l\u2019arriv\u00e9e d\u2019une Tarte Trop\u00e9zienne g\u00e9ante et les d\u00e9hanch\u00e9s endiabl\u00e9s du patron de <strong>TBT9<\/strong> avec Shana Loustau, la complicit\u00e9 crevait l&rsquo;\u00e9cran. \u00ab\u00a0C\u2019est le lieu de toutes les passions et vous partagez une passion avec Shana Loustau, Cyril. C&rsquo;est la musique. Vous avez tous les deux le rythme dans la peau\u00a0\u00bb, a lanc\u00e9 Gilles Verdez.\u00a0<\/p>\n<p>Pris en flagrant d\u00e9lit de tendresse sur une premi\u00e8re vid\u00e9o, l&rsquo;animateur a tent\u00e9 un r\u00e9trop\u00e9dalage d\u00e9sesp\u00e9r\u00e9 : \u00ab\u00a0<strong>C\u2019est un bisou sur la joue. C&rsquo;est un bisou sur la joue !<\/strong>\u00ab\u00a0. Une mauvaise foi l\u00e9gendaire qui n&rsquo;allait pas tenir bien longtemps.<\/p>\n<p><strong>La preuve par l&rsquo;image du baiser langoureux<\/strong> entre Cyril Hanouna et Shana Loustau<\/p>\n<p>L&rsquo;\u00e9tau s&rsquo;est rapidement resserr\u00e9 autour du <a href=\"https:\/\/vsd.fr\/tag\/cyril-hanouna\/\" rel=\"nofollow noopener\" target=\"_blank\">trublion du PAF<\/a>. Relanc\u00e9 par un Gilles Verdez au sommet de sa forme, l&rsquo;\u00e9change a vir\u00e9 au comique de r\u00e9p\u00e9tition : \u00ab\u00a0J\u2019ai une question pour vous. <strong>Quand vous embrassez des amis, vous les embrassez o\u00f9 et comment ?<\/strong>\u00ab\u00a0. \u00ab\u00a0Sur la joue comme l\u00e0\u00a0\u00bb, a r\u00e9pondu Cyril Hanouna, \u00e0 quoi son chroniqueur a r\u00e9torqu\u00e9 : \u00ab\u00a0Oui, et quand vous embrassez quelqu&rsquo;un sur la bouche, c&rsquo;est quoi alors ?\u00a0\u00bb. \u00ab\u00a0Ce n&rsquo;est pas un ami\u00a0\u00bb, a admis le principal int\u00e9ress\u00e9. C\u2019est le moment pr\u00e9cis qu&rsquo;a choisi Gilles Verdez pour diffuser sa derni\u00e8re p\u00e9pite : \u00ab\u00a0Regardons la prochaine vid\u00e9o.\u00a0\u00bb<\/p>\n<p>Sur l&rsquo;\u00e9cran du plateau, <strong>les t\u00e9l\u00e9spectateurs ont d\u00e9couvert Cyril Hanouna et Shana Loustau s&#8217;embrassant \u00e0 pleine bouche<\/strong> dans un baiser passionn\u00e9 et langoureux. Une officialisation \u00e9clatante pour ce couple qui fait jaser les coulisses du PAF depuis plusieurs mois.\u00a0<\/p>\n<p>Journaliste talentueuse et chroniqueuse \u00e0 la pr\u00e9sence remarqu\u00e9e sur le plateau de <strong>TBT9<\/strong>, Shana Loustau partage visiblement la vie de l&rsquo;animateur star au quotidien et pour de bon. Pris au pi\u00e8ge par les preuves de la fiesta trop\u00e9zienne, Baba ne pourra plus pr\u00e9texter la simple camaraderie : entre la jeune femme et le patron du PAF, c&rsquo;est bel et bien le grand amour.<\/p>\n<p>      Mentionn\u00e9s dans cet article<\/p>\n<p>      Sur le m\u00eame sujet<\/p>\n<p>  <script async src=\"\/\/www.tiktok.com\/embed.js\"><\/script><\/p>\n","protected":false},"excerpt":{"rendered":"Couverture compl\u00e8te sur Cyril Hanouna Cyril Hanouna est un animateur et producteur de t\u00e9l\u00e9vision. Il s&rsquo;est fait conna\u00eetre&hellip;\n","protected":false},"author":2,"featured_media":1162207,"comment_status":"","ping_status":"","sticky":false,"template":"","format":"standard","meta":{"footnotes":"","_share_on_mastodon":"0"},"categories":[8],"tags":[1193,1083,58,59,1011,27,97723,22498,22497,2395],"class_list":["post-1162206","post","type-post","status-publish","format-standard","has-post-thumbnail","category-divertissement","tag-couple","tag-cyril-hanouna","tag-divertissement","tag-entertainment","tag-fr","tag-france","tag-shana-loustau","tag-tout-9-tbt9","tag-tout-beau","tag-w9"],"share_on_mastodon":{"url":"https:\/\/pubeurope.com\/@fr\/117199263945816373","error":""},"_links":{"self":[{"href":"https:\/\/www.europesays.com\/fr\/wp-json\/wp\/v2\/posts\/1162206","targetHints":{"allow":["GET"]}}],"collection":[{"href":"https:\/\/www.europesays.com\/fr\/wp-json\/wp\/v2\/posts"}],"about":[{"href":"https:\/\/www.europesays.com\/fr\/wp-json\/wp\/v2\/types\/post"}],"author":[{"embeddable":true,"href":"https:\/\/www.europesays.com\/fr\/wp-json\/wp\/v2\/users\/2"}],"replies":[{"embeddable":true,"href":"https:\/\/www.europesays.com\/fr\/wp-json\/wp\/v2\/comments?post=1162206"}],"version-history":[{"count":0,"href":"https:\/\/www.europesays.com\/fr\/wp-json\/wp\/v2\/posts\/1162206\/revisions"}],"wp:featuredmedia":[{"embeddable":true,"href":"https:\/\/www.europesays.com\/fr\/wp-json\/wp\/v2\/media\/1162207"}],"wp:attachment":[{"href":"https:\/\/www.europesays.com\/fr\/wp-json\/wp\/v2\/media?parent=1162206"}],"wp:term":[{"taxonomy":"category","embeddable":true,"href":"https:\/\/www.europesays.com\/fr\/wp-json\/wp\/v2\/categories?post=1162206"},{"taxonomy":"post_tag","embeddable":true,"href":"https:\/\/www.europesays.com\/fr\/wp-json\/wp\/v2\/tags?post=1162206"}],"curies":[{"name":"wp","href":"https:\/\/api.w.org\/{rel}","templated":true}]}}