{"id":1162222,"date":"2026-09-02T03:23:11","date_gmt":"2026-09-02T03:23:11","guid":{"rendered":"https:\/\/www.europesays.com\/fr\/1162222\/"},"modified":"2026-09-02T03:23:11","modified_gmt":"2026-09-02T03:23:11","slug":"photos-sciences-po-nancy-lance-sa-nouvelle-annee-academique","status":"publish","type":"post","link":"https:\/\/www.europesays.com\/fr\/1162222\/","title":{"rendered":"Photos . Sciences Po Nancy lance sa nouvelle ann\u00e9e acad\u00e9mique"},"content":{"rendered":"<p>Le campus nanc\u00e9ien de Sciences Po a officiellement lanc\u00e9 son ann\u00e9e acad\u00e9mique ce lundi 31 ao\u00fbt. Les \u00e9tudiants de premi\u00e8re et deuxi\u00e8me ann\u00e9es ont \u00e9t\u00e9 accueillis lors de la traditionnelle rentr\u00e9e solennelle, en pr\u00e9sence des autorit\u00e9s locales et r\u00e9gionales. La le\u00e7on solennelle a \u00e9t\u00e9 assur\u00e9e par Sophie Lagoutte, ambassadrice de France en Azerba\u00efdjan et ancienne \u00e9l\u00e8ve du campus de Nancy o\u00f9 elle a \u00e9tudi\u00e9 de 2001 \u00e0 2003.<\/p>\n","protected":false},"excerpt":{"rendered":"Le campus nanc\u00e9ien de Sciences Po a officiellement lanc\u00e9 son ann\u00e9e acad\u00e9mique ce lundi 31 ao\u00fbt. Les \u00e9tudiants&hellip;\n","protected":false},"author":2,"featured_media":1162223,"comment_status":"","ping_status":"","sticky":false,"template":"","format":"standard","meta":{"footnotes":"","_share_on_mastodon":"0"},"categories":[9635],"tags":[1111,11,1704,1057,1777,674,1795,1011,27,5325,2798,775,1702,12,25],"class_list":["post-1162222","post","type-post","status-publish","format-standard","has-post-thumbnail","category-nancy","tag-actu","tag-actualites","tag-edition-nancy-et-agglomeration","tag-education","tag-eu","tag-europe","tag-fil-web","tag-fr","tag-france","tag-galerie-media","tag-galerie-photo","tag-grand-est","tag-nancy","tag-news","tag-republique-francaise"],"share_on_mastodon":{"url":"https:\/\/pubeurope.com\/@fr\/117199307209838231","error":""},"_links":{"self":[{"href":"https:\/\/www.europesays.com\/fr\/wp-json\/wp\/v2\/posts\/1162222","targetHints":{"allow":["GET"]}}],"collection":[{"href":"https:\/\/www.europesays.com\/fr\/wp-json\/wp\/v2\/posts"}],"about":[{"href":"https:\/\/www.europesays.com\/fr\/wp-json\/wp\/v2\/types\/post"}],"author":[{"embeddable":true,"href":"https:\/\/www.europesays.com\/fr\/wp-json\/wp\/v2\/users\/2"}],"replies":[{"embeddable":true,"href":"https:\/\/www.europesays.com\/fr\/wp-json\/wp\/v2\/comments?post=1162222"}],"version-history":[{"count":0,"href":"https:\/\/www.europesays.com\/fr\/wp-json\/wp\/v2\/posts\/1162222\/revisions"}],"wp:featuredmedia":[{"embeddable":true,"href":"https:\/\/www.europesays.com\/fr\/wp-json\/wp\/v2\/media\/1162223"}],"wp:attachment":[{"href":"https:\/\/www.europesays.com\/fr\/wp-json\/wp\/v2\/media?parent=1162222"}],"wp:term":[{"taxonomy":"category","embeddable":true,"href":"https:\/\/www.europesays.com\/fr\/wp-json\/wp\/v2\/categories?post=1162222"},{"taxonomy":"post_tag","embeddable":true,"href":"https:\/\/www.europesays.com\/fr\/wp-json\/wp\/v2\/tags?post=1162222"}],"curies":[{"name":"wp","href":"https:\/\/api.w.org\/{rel}","templated":true}]}}