{"id":1162256,"date":"2026-09-02T03:49:27","date_gmt":"2026-09-02T03:49:27","guid":{"rendered":"https:\/\/www.europesays.com\/fr\/1162256\/"},"modified":"2026-09-02T03:49:27","modified_gmt":"2026-09-02T03:49:27","slug":"girondins-le-meilleur-tirage-que-lon-pouvait-avoir-saintes-ravi-de-recevoir-bordeaux","status":"publish","type":"post","link":"https:\/\/www.europesays.com\/fr\/1162256\/","title":{"rendered":"Girondins : \u00ab\u00a0Le meilleur tirage que l&rsquo;on pouvait avoir\u00a0\u00bb, Saintes ravi de recevoir Bordeaux"},"content":{"rendered":"<p><img decoding=\"async\" src=\"https:\/\/www.europesays.com\/fr\/wp-content\/uploads\/2026\/09\/671_dc735511fc89ee87a54a85a8abcf1440.jpg\" alt=\"Girondins : &quot;Le meilleur tirage que l'on pouvait avoir&quot;, Saintes ravi de recevoir Bordeaux\" class=\"img-responsive mt-3\"\/><\/p>\n<p class=\"text-center mb-3\" style=\"font-size: 14px\">\u00a9 Iconsport<\/p>\n<p>      <strong>Girondins : l&rsquo;entra\u00eeneur de Saintes savoure d\u00e9j\u00e0 la r\u00e9ception de Bordeaux<\/strong><\/p>\n<p style=\"text-align: justify;\">Le <a href=\"https:\/\/www.webgirondins.com\/actualite-girondins-coupe-de-france-les-girondins-connaissent-leur-adversaire-pour-leur-premier-match-officiel-134379\" target=\"_blank\" rel=\"noopener nofollow\">tirage au sort du 3e tour de la Coupe de France<\/a> a r\u00e9serv\u00e9 une belle affiche \u00e0 l&rsquo;ES Saintes. Le club charentais-maritime accueillera les Girondins de Bordeaux le samedi 12 septembre \u00e0 19h, au stade Yvon Chevalier.<\/p>\n<p style=\"text-align: justify;\">Interrog\u00e9 par <a href=\"https:\/\/www.hautesaintonge.fr\/actualite-32970-charente-maritime-le-meilleur-tirage-possible-saintes-va-recevoir-les-girondins-de-bordeaux-en-coupe-de-france\" target=\"_blank\" rel=\"noopener nofollow\">Haute Saintonge<\/a>, l&rsquo;entra\u00eeneur de Saintes Martial Mikelbrencis ne cache pas sa satisfaction :<\/p>\n<p style=\"text-align: justify;\">\u00ab\u00a0C&rsquo;est tr\u00e8s certainement le meilleur tirage que l&rsquo;on pouvait avoir ! Je ne me suis pas encore plong\u00e9 dans la confrontation, mais je suis s\u00fbr que tous mes joueurs vont en parler toute la journ\u00e9e, certains sont jeunes, donc les Girondins, \u00e7a repr\u00e9sente forc\u00e9ment quelque chose pour eux.\u00a0\u00bb<\/p>\n<p style=\"text-align: justify;\">Cette rencontre doit \u00e9galement marquer le premier match officiel de la saison des Girondins de Bordeaux.<\/p>\n<p>&#8211; \u00c0 lire : <strong><a href=\"https:\/\/www.webgirondins.com\/actualite-girondins-girondins-l-accord-avec-sparta-prolonge-mais-le-temps-presse-pour-bordeaux-134373\" target=\"_blank\" rel=\"noopener nofollow\">l&rsquo;accord avec Sparta prolong\u00e9, mais le temps presse pour Bordeaux<\/a><\/strong><\/p>\n<p>\u00c9coutez notre podcast court sur l&rsquo;actu des Girondins :<\/p>\n<p>\u00a0<\/p>\n","protected":false},"excerpt":{"rendered":"\u00a9 Iconsport Girondins : l&rsquo;entra\u00eeneur de Saintes savoure d\u00e9j\u00e0 la r\u00e9ception de Bordeaux Le tirage au sort du&hellip;\n","protected":false},"author":2,"featured_media":1162257,"comment_status":"","ping_status":"","sticky":false,"template":"","format":"standard","meta":{"footnotes":"","_share_on_mastodon":"0"},"categories":[2817],"tags":[1111,11,4612,6661,26056,1997,3530,615,1442,11925,9241,1777,674,1011,27,5852,1987,3289,14954,12,2219,16525,83403,47319,25,93295,11478,31079,3584],"class_list":["post-1162256","post","type-post","status-publish","format-standard","has-post-thumbnail","category-bordeaux","tag-actu","tag-actualites","tag-adversaire","tag-avoir","tag-beaucoup","tag-bordeaux","tag-chez","tag-coupe","tag-deja","tag-deplacement","tag-enthousiasme","tag-eu","tag-europe","tag-fr","tag-france","tag-futur","tag-girondins","tag-leur","tag-meilleur","tag-news","tag-nouvelle-aquitaine","tag-pouvait","tag-ravi","tag-recevoir","tag-republique-francaise","tag-saintes","tag-suscite","tag-tirage","tag-tour"],"share_on_mastodon":{"url":"https:\/\/pubeurope.com\/@fr\/117199411059643309","error":""},"_links":{"self":[{"href":"https:\/\/www.europesays.com\/fr\/wp-json\/wp\/v2\/posts\/1162256","targetHints":{"allow":["GET"]}}],"collection":[{"href":"https:\/\/www.europesays.com\/fr\/wp-json\/wp\/v2\/posts"}],"about":[{"href":"https:\/\/www.europesays.com\/fr\/wp-json\/wp\/v2\/types\/post"}],"author":[{"embeddable":true,"href":"https:\/\/www.europesays.com\/fr\/wp-json\/wp\/v2\/users\/2"}],"replies":[{"embeddable":true,"href":"https:\/\/www.europesays.com\/fr\/wp-json\/wp\/v2\/comments?post=1162256"}],"version-history":[{"count":0,"href":"https:\/\/www.europesays.com\/fr\/wp-json\/wp\/v2\/posts\/1162256\/revisions"}],"wp:featuredmedia":[{"embeddable":true,"href":"https:\/\/www.europesays.com\/fr\/wp-json\/wp\/v2\/media\/1162257"}],"wp:attachment":[{"href":"https:\/\/www.europesays.com\/fr\/wp-json\/wp\/v2\/media?parent=1162256"}],"wp:term":[{"taxonomy":"category","embeddable":true,"href":"https:\/\/www.europesays.com\/fr\/wp-json\/wp\/v2\/categories?post=1162256"},{"taxonomy":"post_tag","embeddable":true,"href":"https:\/\/www.europesays.com\/fr\/wp-json\/wp\/v2\/tags?post=1162256"}],"curies":[{"name":"wp","href":"https:\/\/api.w.org\/{rel}","templated":true}]}}