{"id":1162263,"date":"2026-09-02T03:54:12","date_gmt":"2026-09-02T03:54:12","guid":{"rendered":"https:\/\/www.europesays.com\/fr\/1162263\/"},"modified":"2026-09-02T03:54:12","modified_gmt":"2026-09-02T03:54:12","slug":"mercato-ligue-1-le-stade-brestois-officialise-la-venue-en-pret-de-noah-edjouma","status":"publish","type":"post","link":"https:\/\/www.europesays.com\/fr\/1162263\/","title":{"rendered":"Mercato Ligue 1. Le Stade Brestois officialise la venue en pr\u00eat de\u00a0Noah Edjouma"},"content":{"rendered":"<p>\n                Article premium,<br \/>\n                    R\u00e9serv\u00e9 aux\u00a0abonn\u00e9s\n            <\/p>\n<p class=\"su-standfirst chapeau\">Le Stade Brestois a officialis\u00e9 la venue en pr\u00eat de\u00a0Noah Edjouma, ce mardi 1er\u00a0septembre, quelques minutes avant la fin du mercato. L\u2019ailier droit arrive en provenance de Lille.<\/p>\n<p>                                        <img decoding=\"async\" class=\"su-media\" src=\"https:\/\/media.ouest-france.fr\/v1\/pictures\/MjAyNjA5MjYyNjk3NzQzNzgxZGIzYThkODBjYWE0YzVkYTY0Y2M?width=630&amp;height=354&amp;focuspoint=50%2C25&amp;cropresize=1&amp;client_id=bpeditorial&amp;sign=86515a905b8a2d396f38dc895ffcbf3445b5d536fe918659b231418af8b3b5f9\" alt=\"Noah Edjouma est Brestois.\"  \/><\/p>\n<p>                            Noah Edjouma est Brestois. | STADE BRESTOIS<\/p>\n<p>                            fermer<\/p>\n<ul class=\"su-row su-carrousel-container su-not-list\" data-suswipe=\"{\" rambo=\"\" .carrousel-nav-bas=\"\" .item=\"\">\n<li class=\"su-col-xs-6 su-col-md-24 carrousel-contenu su-carrousel-item\" data-ofvwidth=\"{\" mobileonly=\"\"><img decoding=\"async\" data-ofmaxheight=\"\" class=\"su-media lazyload\" alt=\"Noah Edjouma est Brestois.\" src=\"data:image\/png;base64,iVBORw0KGgoAAAANSUhEUgAAABAAAAAJCAYAAAA7KqwyAAAAGXRFWHRTb2Z0d2FyZQBBZG9iZSBJbWFnZVJlYWR5ccllPAAAABhJREFUeNpi\/P\/\/PwMlgHHUgFEDgAAgwAD+lBrvy+NcxAAAAABJRU5ErkJggg==\" data-oflazyload=\"{&quot;srcset&quot;:&quot;https:\/\/media.ouest-france.fr\/v1\/pictures\/MjAyNjA5MjYyNjk3NzQzNzgxZGIzYThkODBjYWE0YzVkYTY0Y2M?width=320&amp;focuspoint=50%2C25&amp;cropresize=1&amp;client_id=bpeditorial&amp;sign=eb00415bbf43268618ce2026f9e91d8a674a5bb89f456ffbcbdd80cb68cc15e0 320w,https:\/\/media.ouest-france.fr\/v1\/pictures\/MjAyNjA5MjYyNjk3NzQzNzgxZGIzYThkODBjYWE0YzVkYTY0Y2M?width=375&amp;focuspoint=50%2C25&amp;cropresize=1&amp;client_id=bpeditorial&amp;sign=b1b512e94b47523cf36ff14f6fc04377c585d11a1e957ae4e022879be400fe3f 360w,https:\/\/media.ouest-france.fr\/v1\/pictures\/MjAyNjA5MjYyNjk3NzQzNzgxZGIzYThkODBjYWE0YzVkYTY0Y2M?width=480&amp;focuspoint=50%2C25&amp;cropresize=1&amp;client_id=bpeditorial&amp;sign=f3e372fbad71203324a64e8696688f1c068596adfc05bab1a05168d58e9d5356 480w,https:\/\/media.ouest-france.fr\/v1\/pictures\/MjAyNjA5MjYyNjk3NzQzNzgxZGIzYThkODBjYWE0YzVkYTY0Y2M?width=630&amp;focuspoint=50%2C25&amp;cropresize=1&amp;client_id=bpeditorial&amp;sign=fd41377b214c3392f11ffebe8cfc536a638d8b4bd2348bf8254fc1c6e1046fb3 630w,https:\/\/media.ouest-france.fr\/v1\/pictures\/MjAyNjA5MjYyNjk3NzQzNzgxZGIzYThkODBjYWE0YzVkYTY0Y2M?width=940&amp;focuspoint=50%2C25&amp;cropresize=1&amp;client_id=bpeditorial&amp;sign=7ebe9f227efdd97ca110dcf0655bd1688cdf18d17a0c80548dd756243b6f4f0f 940w,https:\/\/media.ouest-france.fr\/v1\/pictures\/MjAyNjA5MjYyNjk3NzQzNzgxZGIzYThkODBjYWE0YzVkYTY0Y2M?width=1260&amp;focuspoint=50%2C25&amp;cropresize=1&amp;client_id=bpeditorial&amp;sign=ba437736c90a048eaa8713e0a5d9cd48429f211707e2676b22cc8ff08e7e4749 1260w&quot;}\"\/>Noah Edjouma est Brestois. | STADE BRESTOIS<\/li>\n<\/ul>\n<p data-ofstats-scroll=\"read_depth_30\"><a href=\"https:\/\/www.ouest-france.fr\/sport\/football\/stade-brestois\/mercato-cest-officiel-romain-del-castillo-quitte-le-stade-brestois-pour-osasuna-addb8bf4-a5e4-11f1-8a27-1e0c4eb5e395\" target=\"_self\" rel=\"nofollow noopener\">Apr\u00e8s le d\u00e9part de\u00a0Romain Del Castillo vers\u00a0Osasuna<\/a>, le Stade Brestois vient d\u2019officialiser l\u2019arriv\u00e9e en pr\u00eat de\u00a0Noah Edjouma\u00a0(20\u00a0ans), en provenance de Lille. Alors que le mercato ferme \u00e0 20\u00a0h, ce mardi 1er\u00a0septembre, les dirigeants finist\u00e9riens \u00e9taient \u00e0 la recherche d\u2019un joueur offensif pour compl\u00e9ter leur effectif. Il est trouv\u00e9, <a href=\"https:\/\/www.ouest-france.fr\/sport\/football\/stade-brestois\/stade-brestois-une-pepite-achetee-par-liverpool-sur-le-point-darriver-en-pret-9dd947f8-a609-11f1-8a27-1e0c4eb5e395\" target=\"_self\" rel=\"nofollow noopener\">m\u00eame si\u00a0Djylian N\u2019Guessan\u00a0(18\u00a0ans) devrait l\u2019accompagner<\/a>.<\/p>\n<blockquote class=\"twitter-tweet\" wp_automatic_readability=\"6\">\n<p lang=\"fr\" dir=\"ltr\">\ud835\udc0d\ud835\udc28\ud835\udc1a\ud835\udc21 \ud835\udc04\ud835\udc1d\ud835\udc23\ud835\udc28\ud835\udc2e\ud835\udc26\ud835\udc1a \ud835\udc1e\ud835\udc2c\ud835\udc2d \ud835\udc01\ud835\udc2b\ud835\udc1e\ud835\udc2c\ud835\udc2d\ud835\udc28\ud835\udc22\ud835\udc2c ! \ud83d\udee1\ufe0f<\/p>\n<p>Le Stade&#8230;<\/p>\n<\/blockquote>\n<p style=\"text-align: center; background-color: #dbbe4d; padding-top: 5px; padding-bottom: 5px; font-size: 14px;\"><strong>D\u00e9j\u00e0 abonn\u00e9 ? <\/strong><a data-trkartmonet=\"Identification\" data-trk-sipa=\"{\" blockcategory=\"\" paywall=\"\" href=\"http:\/\/www.ouest-france.fr\/login?redirect=https:\/\/www.ouest-france.fr\/sport\/football\/stade-brestois\/mercato-ligue-1-le-stade-brestois-officialise-la-venue-en-pret-de-noah-edjouma-7ea8f3ec-a631-11f1-95a1-d7cb1b3759ac\" rel=\"nofollow noopener\" title=\"Se connecter \u00e0 Ouest-France\" class=\"su-link-light\" target=\"_blank\">Connectez-vous<\/a><\/p>\n<p style=\"text-align: center; padding-top: 15px; padding-bottom: 8px; vertical-align: bottom;\">bloqu\u00e9<strong> Pour lire la suite, abonnez-vous<\/strong><\/p>\n<p style=\"text-align: center;\"><strong>1er mois \u00e0 1\u20ac<\/strong><\/p>\n<p style=\"text-align: center; margin-top: -5px;\">Annulable \u00e0 tout moment<\/p>\n<p style=\"text-align: center;\">\u00a0<\/p>\n<p style=\"text-align: center;\"><a data-ida=\"\" data-trkartmonet=\"Tunnel OF+\" data-trk-sipa=\"{&#010;\" blockcategory=\"\" paywall=\"\" :=\"\" m=\"\" of=\"\" class=\"su-button su-subscription\" data-trk-bloc=\"paywall\" href=\"https:\/\/abonnement.ouest-france.fr\/tunnel\/pack-essentiel-article\/122096117101?int_medium=lien&amp;int_campaign=PWFR0225-OF&amp;int_content=page-article-payant_boutonjaune-paywall&amp;marquesource=OF&amp;rt=https:\/\/www.ouest-france.fr\/sport\/football\/stade-brestois\/mercato-ligue-1-le-stade-brestois-officialise-la-venue-en-pret-de-noah-edjouma-7ea8f3ec-a631-11f1-95a1-d7cb1b3759ac\" rel=\"nofollow noopener\" target=\"_blank\"><strong>Je m&rsquo;abonne<\/strong><\/a><\/p>\n<p style=\"text-align: center; padding-top: 10px; padding-bottom: 10px;\"><img decoding=\"async\" src=\"https:\/\/media.ouest-france.fr\/v1\/fonts\/be7723fcee3f1866f1ce99184077fc6f-carte-bancaire.svg?height=36\" alt=\"CB\"\/>\u00a0\u00a0<img decoding=\"async\" src=\"https:\/\/media.ouest-france.fr\/v1\/fonts\/1819d54c599d8afa64539cfba4ac9dde-rib.svg?height=36\" alt=\"RIB\"\/>\u00a0\u00a0<img decoding=\"async\" src=\"https:\/\/media.ouest-france.fr\/v1\/fonts\/065fc80d7b6a03d14a834c224ce723e1-paypal.svg?height=36\" alt=\"PAYPAL\"\/><\/p>\n","protected":false},"excerpt":{"rendered":"Article premium, R\u00e9serv\u00e9 aux\u00a0abonn\u00e9s Le Stade Brestois a officialis\u00e9 la venue en pr\u00eat de\u00a0Noah Edjouma, ce mardi 1er\u00a0septembre,&hellip;\n","protected":false},"author":2,"featured_media":1162264,"comment_status":"","ping_status":"","sticky":false,"template":"","format":"standard","meta":{"footnotes":"","_share_on_mastodon":"0"},"categories":[2815],"tags":[1111,11,3450,829,1777,674,3321,63,1011,27,811,66,1307,44780,12,25,517,4449,8512,97298],"class_list":["post-1162263","post","type-post","status-publish","format-standard","has-post-thumbnail","category-lille","tag-actu","tag-actualites","tag-brest","tag-bretagne","tag-eu","tag-europe","tag-finistere","tag-football","tag-fr","tag-france","tag-hauts-de-france","tag-ligue-1","tag-lille","tag-lille-osc","tag-news","tag-republique-francaise","tag-sport","tag-stade-brestois","tag-toulouse-fc","tag-transferts-mercato"],"share_on_mastodon":{"url":"https:\/\/pubeurope.com\/@fr\/117199431039358178","error":""},"_links":{"self":[{"href":"https:\/\/www.europesays.com\/fr\/wp-json\/wp\/v2\/posts\/1162263","targetHints":{"allow":["GET"]}}],"collection":[{"href":"https:\/\/www.europesays.com\/fr\/wp-json\/wp\/v2\/posts"}],"about":[{"href":"https:\/\/www.europesays.com\/fr\/wp-json\/wp\/v2\/types\/post"}],"author":[{"embeddable":true,"href":"https:\/\/www.europesays.com\/fr\/wp-json\/wp\/v2\/users\/2"}],"replies":[{"embeddable":true,"href":"https:\/\/www.europesays.com\/fr\/wp-json\/wp\/v2\/comments?post=1162263"}],"version-history":[{"count":0,"href":"https:\/\/www.europesays.com\/fr\/wp-json\/wp\/v2\/posts\/1162263\/revisions"}],"wp:featuredmedia":[{"embeddable":true,"href":"https:\/\/www.europesays.com\/fr\/wp-json\/wp\/v2\/media\/1162264"}],"wp:attachment":[{"href":"https:\/\/www.europesays.com\/fr\/wp-json\/wp\/v2\/media?parent=1162263"}],"wp:term":[{"taxonomy":"category","embeddable":true,"href":"https:\/\/www.europesays.com\/fr\/wp-json\/wp\/v2\/categories?post=1162263"},{"taxonomy":"post_tag","embeddable":true,"href":"https:\/\/www.europesays.com\/fr\/wp-json\/wp\/v2\/tags?post=1162263"}],"curies":[{"name":"wp","href":"https:\/\/api.w.org\/{rel}","templated":true}]}}