{"id":1162276,"date":"2026-09-02T04:02:33","date_gmt":"2026-09-02T04:02:33","guid":{"rendered":"https:\/\/www.europesays.com\/fr\/1162276\/"},"modified":"2026-09-02T04:02:33","modified_gmt":"2026-09-02T04:02:33","slug":"le-parquet-de-paris-requiert-le-renvoi-en-proces-pour-viol-de-lavocat-juan-branco","status":"publish","type":"post","link":"https:\/\/www.europesays.com\/fr\/1162276\/","title":{"rendered":"Le parquet de Paris requiert le renvoi en proc\u00e8s pour viol de l&rsquo;avocat Juan Branco"},"content":{"rendered":"<p class=\"rev-margin-0 rev-text-xs-normal\">Juan Branco, avocat fran\u00e7ais de l&rsquo;opposant s\u00e9n\u00e9galais Ousmane Sonko, lors d&rsquo;une conf\u00e9rence de presse, le 22 juin 2023 \u00e0 Paris<\/p>\n<p class=\"rev-margin-0 rev-text-xs-bold\">PHOTO AFP \/ Stefano RELLANDINI<\/p>\n<p>Dans son r\u00e9quisitoire d\u00e9finitif rendu le 6 ao\u00fbt, le parquet de Paris demande que Juan Branco, 37 ans, soit jug\u00e9 pour un viol commis sur une jeune femme, Marie (pr\u00e9nom d&#8217;emprunt), au printemps 2021, devant la cour criminelle d\u00e9partementale.<\/p>\n<p>Il r\u00e9clame un non-lieu pour d&rsquo;autres faits d&rsquo;agression sexuelle et de viol sur deux autres femmes, pour lesquels l&rsquo;avocat est \u00e9galement poursuivi.<\/p>\n<p>Au cours de l&rsquo;instruction, Juan Branco a contest\u00e9 les faits qui lui \u00e9taient reproch\u00e9s.<\/p>\n<p>La d\u00e9cision du parquet \u00ab\u00a0est un immense soulagement pour notre cliente, apr\u00e8s cinq ann\u00e9es d&rsquo;une proc\u00e9dure judiciaire harassante\u00a0\u00bb, ont r\u00e9agi aupr\u00e8s de l&rsquo;AFP Mes Nicolas Paganelli et Charlie-Elie Martin, les avocats de Marie.<\/p>\n<p>\u00ab\u00a0Nous esp\u00e9rons tr\u00e8s sinc\u00e8rement qu&rsquo;elle mettra un terme au comportement de toute puissance compl\u00e8tement hors de contr\u00f4le du mis en examen\u00a0\u00bb, m\u00eame si le juge d&rsquo;instruction doit encore se prononcer sur la tenue d&rsquo;un proc\u00e8s, ont-ils ajout\u00e9.<\/p>\n<p>Leur cliente, alors \u00e9tudiante en sciences politiques \u00e2g\u00e9e de 20 ans, \u00e9tait all\u00e9e voir la police au surlendemain d&rsquo;une nuit pass\u00e9e au domicile de Juan Branco, expliquant qu&rsquo;il lui avait fait consommer un m\u00e9dicament \u00e0 base d&rsquo;opium, puis l&rsquo;avait forc\u00e9e \u00e0 un rapport sexuel sans son consentement.<\/p>\n<p>De son c\u00f4t\u00e9, Juan Branco, qui a ni\u00e9 tout viol pendant l&rsquo;instruction, d\u00e9nonce un r\u00e9quisitoire qui aurait \u00e9t\u00e9 sign\u00e9 \u00ab\u00a0apr\u00e8s cinq ans de fr\u00e9n\u00e9tiques recherches d&rsquo;autres plaignantes demeur\u00e9es vaines, afin de sauver un dossier vide\u00a0\u00bb, dans un communiqu\u00e9 transmis par l&rsquo;interm\u00e9diaire de son avocat, Me Luc Brossollet.<\/p>\n<p>Avocat franco-espagnol, Juan Branco est connu pour un pamphlet anti-Emmanuel Macron, \u00ab\u00a0Cr\u00e9puscule\u00a0\u00bb, publi\u00e9 en 2018. Il a notamment d\u00e9fendu un temps l&rsquo;artiste russe Piotr Pavlenski, condamn\u00e9 pour avoir diffus\u00e9 des vid\u00e9os \u00e0 caract\u00e8re sexuel de Benjamin Griveaux en 2020, contraignant ce dernier \u00e0 abandonner la course \u00e0 la mairie de Paris.<\/p>\n<p>Son comportement pendant l&rsquo;instruction du dossier judiciaire \u00e0 son encontre, comme la publication sur internet de proc\u00e8s-verbaux d&rsquo;auditions de plusieurs femmes ou d&rsquo;extraits de la proc\u00e9dure, lui a valu une suspension de neuf mois en octobre 2025.<\/p>\n","protected":false},"excerpt":{"rendered":"Juan Branco, avocat fran\u00e7ais de l&rsquo;opposant s\u00e9n\u00e9galais Ousmane Sonko, lors d&rsquo;une conf\u00e9rence de presse, le 22 juin 2023&hellip;\n","protected":false},"author":2,"featured_media":1162277,"comment_status":"","ping_status":"","sticky":false,"template":"","format":"standard","meta":{"footnotes":"","_share_on_mastodon":"0"},"categories":[1888],"tags":[5734,1111,1928,11,1927,1777,674,1011,27,329,12,1926,626,1925,15860,471,2694,114307,25,99015,1265],"class_list":["post-1162276","post","type-post","status-publish","format-standard","has-post-thumbnail","category-paris","tag-5734","tag-actu","tag-actu-paris","tag-actualites","tag-actualites-paris","tag-eu","tag-europe","tag-fr","tag-france","tag-france-monde","tag-news","tag-news-paris","tag-paris","tag-paris-news","tag-parquet","tag-pour","tag-proces","tag-renvoi","tag-republique-francaise","tag-requiert","tag-viol"],"share_on_mastodon":{"url":"https:\/\/pubeurope.com\/@fr\/117199460269858850","error":""},"_links":{"self":[{"href":"https:\/\/www.europesays.com\/fr\/wp-json\/wp\/v2\/posts\/1162276","targetHints":{"allow":["GET"]}}],"collection":[{"href":"https:\/\/www.europesays.com\/fr\/wp-json\/wp\/v2\/posts"}],"about":[{"href":"https:\/\/www.europesays.com\/fr\/wp-json\/wp\/v2\/types\/post"}],"author":[{"embeddable":true,"href":"https:\/\/www.europesays.com\/fr\/wp-json\/wp\/v2\/users\/2"}],"replies":[{"embeddable":true,"href":"https:\/\/www.europesays.com\/fr\/wp-json\/wp\/v2\/comments?post=1162276"}],"version-history":[{"count":0,"href":"https:\/\/www.europesays.com\/fr\/wp-json\/wp\/v2\/posts\/1162276\/revisions"}],"wp:featuredmedia":[{"embeddable":true,"href":"https:\/\/www.europesays.com\/fr\/wp-json\/wp\/v2\/media\/1162277"}],"wp:attachment":[{"href":"https:\/\/www.europesays.com\/fr\/wp-json\/wp\/v2\/media?parent=1162276"}],"wp:term":[{"taxonomy":"category","embeddable":true,"href":"https:\/\/www.europesays.com\/fr\/wp-json\/wp\/v2\/categories?post=1162276"},{"taxonomy":"post_tag","embeddable":true,"href":"https:\/\/www.europesays.com\/fr\/wp-json\/wp\/v2\/tags?post=1162276"}],"curies":[{"name":"wp","href":"https:\/\/api.w.org\/{rel}","templated":true}]}}