{"id":1162300,"date":"2026-09-02T04:20:26","date_gmt":"2026-09-02T04:20:26","guid":{"rendered":"https:\/\/www.europesays.com\/fr\/1162300\/"},"modified":"2026-09-02T04:20:26","modified_gmt":"2026-09-02T04:20:26","slug":"france-a-quelle-heure-et-sur-quelle-chaine-regarder-le-dernier-match-de-poule-des-bleues-a-leuro-de-volley","status":"publish","type":"post","link":"https:\/\/www.europesays.com\/fr\/1162300\/","title":{"rendered":"France. \u00c0 quelle heure et sur quelle cha\u00eene regarder le dernier match de poule des Bleues \u00e0 l\u2019Euro de volley\u00a0?"},"content":{"rendered":"<p>\n                Article premium,<br \/>\n                    R\u00e9serv\u00e9 aux\u00a0abonn\u00e9s\n            <\/p>\n<p class=\"su-standfirst chapeau\">Les Fran\u00e7aises, d\u00e9j\u00e0 qualifi\u00e9es en huiti\u00e8mes de finale de l\u2019Euro f\u00e9minin de volley disputent leur dernier match de poule ce jeudi 27\u00a0ao\u00fbt face \u00e0 la Su\u00e8de, qui jouera \u00e0 domicile. Enjeux, horaires, cha\u00eene TV\u2026 Voici tout ce qu\u2019il faut savoir avant la rencontre.<\/p>\n<p>                                        <img decoding=\"async\" class=\"su-media\" src=\"https:\/\/media.ouest-france.fr\/v1\/pictures\/MjAyNjA4OGE2ZGZhYTk5OWMwZjRlM2IyMTcwZDM5ZWNlODYxOWM?width=630&amp;height=354&amp;focuspoint=50%2C25&amp;cropresize=1&amp;client_id=bpeditorial&amp;sign=9f07abbd59ef4887215480ebb3b027fab478109181c75d4fbfd845cb4e9eefa8\" alt=\"Les Fran\u00e7ais joueront face \u00e0 la Su\u00e8de pour la 2e\u00a0place de leur poule.\"  \/><\/p>\n<p>                            Les Fran\u00e7ais joueront face \u00e0 la Su\u00e8de pour la 2e\u00a0place de leur poule. | BJ\u00d6RN LARSSON ROSVALL \/TT NEWS AGENCY VIA AFP<\/p>\n<p>                            fermer<\/p>\n<ul class=\"su-row su-carrousel-container su-not-list\" data-suswipe=\"{\" rambo=\"\" .carrousel-nav-bas=\"\" .item=\"\">\n<li class=\"su-col-xs-6 su-col-md-24 carrousel-contenu su-carrousel-item\" data-ofvwidth=\"{\" mobileonly=\"\"><img decoding=\"async\" data-ofmaxheight=\"\" class=\"su-media lazyload\" alt=\"Les Fran\u00e7ais joueront face \u00e0 la Su\u00e8de pour la 2e\u00a0place de leur poule.\" src=\"data:image\/png;base64,iVBORw0KGgoAAAANSUhEUgAAABAAAAAJCAYAAAA7KqwyAAAAGXRFWHRTb2Z0d2FyZQBBZG9iZSBJbWFnZVJlYWR5ccllPAAAABhJREFUeNpi\/P\/\/PwMlgHHUgFEDgAAgwAD+lBrvy+NcxAAAAABJRU5ErkJggg==\" data-oflazyload=\"{&quot;srcset&quot;:&quot;https:\/\/media.ouest-france.fr\/v1\/pictures\/MjAyNjA4OGE2ZGZhYTk5OWMwZjRlM2IyMTcwZDM5ZWNlODYxOWM?width=320&amp;focuspoint=50%2C25&amp;cropresize=1&amp;client_id=bpeditorial&amp;sign=3cd1610223fa82bf1fe30f39b1f03e03d5ba9af4179ccbae0bdeb87f51dd693f 320w,https:\/\/media.ouest-france.fr\/v1\/pictures\/MjAyNjA4OGE2ZGZhYTk5OWMwZjRlM2IyMTcwZDM5ZWNlODYxOWM?width=375&amp;focuspoint=50%2C25&amp;cropresize=1&amp;client_id=bpeditorial&amp;sign=5ed0532efbfe136cc1df18937d1d07ffec05adfc7a6d439b1221cad8b30dd408 360w,https:\/\/media.ouest-france.fr\/v1\/pictures\/MjAyNjA4OGE2ZGZhYTk5OWMwZjRlM2IyMTcwZDM5ZWNlODYxOWM?width=480&amp;focuspoint=50%2C25&amp;cropresize=1&amp;client_id=bpeditorial&amp;sign=80fc8b9686cd058bae287a4672a9e91e2b768e4c6100e940378fb987d47756d7 480w,https:\/\/media.ouest-france.fr\/v1\/pictures\/MjAyNjA4OGE2ZGZhYTk5OWMwZjRlM2IyMTcwZDM5ZWNlODYxOWM?width=630&amp;focuspoint=50%2C25&amp;cropresize=1&amp;client_id=bpeditorial&amp;sign=181df476600128d7a56c85fbc815eab08a915336704a1f8220b873cee794edc3 630w,https:\/\/media.ouest-france.fr\/v1\/pictures\/MjAyNjA4OGE2ZGZhYTk5OWMwZjRlM2IyMTcwZDM5ZWNlODYxOWM?width=940&amp;focuspoint=50%2C25&amp;cropresize=1&amp;client_id=bpeditorial&amp;sign=f0418e8a4c8481ff051a0158bba52bb42e4a7a176876f238c98e25bb925da25b 940w,https:\/\/media.ouest-france.fr\/v1\/pictures\/MjAyNjA4OGE2ZGZhYTk5OWMwZjRlM2IyMTcwZDM5ZWNlODYxOWM?width=1260&amp;focuspoint=50%2C25&amp;cropresize=1&amp;client_id=bpeditorial&amp;sign=21e3477b4f8de0a36b9ead79c49fd7cbd907c441de06a0deeca310c8fe153cc9 1260w&quot;}\"\/>Les Fran\u00e7ais joueront face \u00e0 la Su\u00e8de pour la 2e\u00a0place de leur poule. | BJ\u00d6RN LARSSON ROSVALL \/TT NEWS AGENCY VIA AFP<\/li>\n<\/ul>\n<p data-ofstats-scroll=\"read_depth_50\">Les Fran\u00e7aises jouent d\u00e9sormais la 2e\u00a0place de leur groupe face \u00e0 la Su\u00e8de ce jeudi 27\u00a0ao\u00fbt. <a href=\"https:\/\/www.ouest-france.fr\/sport\/volley\/equipe-de-france\/direct-france-italie-suivez-le-match-des-bleues-a-leuro-feminin-de-volley-en-live-46fa9f00-d89b-46ad-932a-26b32c70706b\" target=\"_blank\" rel=\"nofollow noopener\">Malgr\u00e9 la d\u00e9faite face \u00e0 l\u2019Italie mercredi\u00a0(3-1),<\/a> les Bleues, d\u00e9j\u00e0 qualifi\u00e9es pour la suite de la comp\u00e9tition gr\u00e2ce \u00e0 leurs trois victoires\u00a0(face \u00e0 la Croatie, Slovaquie et Mont\u00e9n\u00e9gro), sont en confiance. Elles ont montr\u00e9 un \u00e9tat d\u2019esprit tr\u00e8s positif pour aller accrocher un set face aux championnes du monde.<\/p>\n<p>Cette fois-ci, les Tricolores devront g\u00e9rer la&#8230;<\/p>\n<p style=\"text-align: center; background-color: #dbbe4d; padding-top: 5px; padding-bottom: 5px; font-size: 14px;\"><strong>D\u00e9j\u00e0 abonn\u00e9 ? <\/strong><a data-trkartmonet=\"Identification\" data-trk-sipa=\"{\" blockcategory=\"\" paywall=\"\" href=\"http:\/\/www.ouest-france.fr\/login?redirect=https:\/\/www.ouest-france.fr\/sport\/volley\/suede-france-a-quelle-heure-et-sur-quelle-chaine-regarder-le-dernier-match-de-poule-des-bleues-a-leuro-de-volley-9872cf82-a1ea-11f1-bba4-fb5ac80a227f\" rel=\"nofollow noopener\" title=\"Se connecter \u00e0 Ouest-France\" class=\"su-link-light\" target=\"_blank\">Connectez-vous<\/a><\/p>\n<p style=\"text-align: center; padding-top: 15px; padding-bottom: 8px; vertical-align: bottom;\">bloqu\u00e9<strong> Pour lire la suite, abonnez-vous<\/strong><\/p>\n<p style=\"text-align: center;\"><strong>1er mois \u00e0 1\u20ac<\/strong><\/p>\n<p style=\"text-align: center; margin-top: -5px;\">Annulable \u00e0 tout moment<\/p>\n<p style=\"text-align: center;\">\u00a0<\/p>\n<p style=\"text-align: center;\"><a data-ida=\"\" data-trkartmonet=\"Tunnel OF+\" data-trk-sipa=\"{&#010;\" blockcategory=\"\" paywall=\"\" :=\"\" m=\"\" of=\"\" class=\"su-button su-subscription\" data-trk-bloc=\"paywall\" href=\"https:\/\/abonnement.ouest-france.fr\/tunnel\/pack-essentiel-article\/122096117101?int_medium=lien&amp;int_campaign=PWFR0225-OF&amp;int_content=page-article-payant_boutonjaune-paywall&amp;marquesource=OF&amp;rt=https:\/\/www.ouest-france.fr\/sport\/volley\/suede-france-a-quelle-heure-et-sur-quelle-chaine-regarder-le-dernier-match-de-poule-des-bleues-a-leuro-de-volley-9872cf82-a1ea-11f1-bba4-fb5ac80a227f\" rel=\"nofollow noopener\" target=\"_blank\"><strong>Je m&rsquo;abonne<\/strong><\/a><\/p>\n<p style=\"text-align: center; padding-top: 10px; padding-bottom: 10px;\"><img decoding=\"async\" src=\"https:\/\/media.ouest-france.fr\/v1\/fonts\/be7723fcee3f1866f1ce99184077fc6f-carte-bancaire.svg?height=36\" alt=\"CB\"\/>\u00a0\u00a0<img decoding=\"async\" src=\"https:\/\/media.ouest-france.fr\/v1\/fonts\/1819d54c599d8afa64539cfba4ac9dde-rib.svg?height=36\" alt=\"RIB\"\/>\u00a0\u00a0<img decoding=\"async\" src=\"https:\/\/media.ouest-france.fr\/v1\/fonts\/065fc80d7b6a03d14a834c224ce723e1-paypal.svg?height=36\" alt=\"PAYPAL\"\/><\/p>\n","protected":false},"excerpt":{"rendered":"Article premium, R\u00e9serv\u00e9 aux\u00a0abonn\u00e9s Les Fran\u00e7aises, d\u00e9j\u00e0 qualifi\u00e9es en huiti\u00e8mes de finale de l\u2019Euro f\u00e9minin de volley disputent&hellip;\n","protected":false},"author":2,"featured_media":1162301,"comment_status":"","ping_status":"","sticky":false,"template":"","format":"standard","meta":{"footnotes":"","_share_on_mastodon":"0"},"categories":[1417],"tags":[74853,1295,1011,27,10856,517,60,1470,1469],"class_list":["post-1162300","post","type-post","status-publish","format-standard","has-post-thumbnail","category-volley","tag-actualite-en-continu","tag-feminin","tag-fr","tag-france","tag-lequipe","tag-sport","tag-sports","tag-volley","tag-volleyball"],"share_on_mastodon":{"url":"https:\/\/pubeurope.com\/@fr\/117199532939554537","error":""},"_links":{"self":[{"href":"https:\/\/www.europesays.com\/fr\/wp-json\/wp\/v2\/posts\/1162300","targetHints":{"allow":["GET"]}}],"collection":[{"href":"https:\/\/www.europesays.com\/fr\/wp-json\/wp\/v2\/posts"}],"about":[{"href":"https:\/\/www.europesays.com\/fr\/wp-json\/wp\/v2\/types\/post"}],"author":[{"embeddable":true,"href":"https:\/\/www.europesays.com\/fr\/wp-json\/wp\/v2\/users\/2"}],"replies":[{"embeddable":true,"href":"https:\/\/www.europesays.com\/fr\/wp-json\/wp\/v2\/comments?post=1162300"}],"version-history":[{"count":0,"href":"https:\/\/www.europesays.com\/fr\/wp-json\/wp\/v2\/posts\/1162300\/revisions"}],"wp:featuredmedia":[{"embeddable":true,"href":"https:\/\/www.europesays.com\/fr\/wp-json\/wp\/v2\/media\/1162301"}],"wp:attachment":[{"href":"https:\/\/www.europesays.com\/fr\/wp-json\/wp\/v2\/media?parent=1162300"}],"wp:term":[{"taxonomy":"category","embeddable":true,"href":"https:\/\/www.europesays.com\/fr\/wp-json\/wp\/v2\/categories?post=1162300"},{"taxonomy":"post_tag","embeddable":true,"href":"https:\/\/www.europesays.com\/fr\/wp-json\/wp\/v2\/tags?post=1162300"}],"curies":[{"name":"wp","href":"https:\/\/api.w.org\/{rel}","templated":true}]}}