{"id":1162322,"date":"2026-09-02T04:37:16","date_gmt":"2026-09-02T04:37:16","guid":{"rendered":"https:\/\/www.europesays.com\/fr\/1162322\/"},"modified":"2026-09-02T04:37:16","modified_gmt":"2026-09-02T04:37:16","slug":"je-nai-pas-hesite-newcastle-porte-ses-depenses-estivales-a-262-m-avec-la-signature-lors-du-dernier-jour-du-mercato-de-lattaquant-de-lille-matias-fernandez-pardo-pou","status":"publish","type":"post","link":"https:\/\/www.europesays.com\/fr\/1162322\/","title":{"rendered":"\u00ab Je n\u2019ai pas h\u00e9sit\u00e9 \u00bb : Newcastle porte ses d\u00e9penses estivales \u00e0 262 M\u00a3 avec la signature, lors du dernier jour du mercato, de l\u2019attaquant de Lille Matias Fernandez-Pardo pour 51 M\u00a3"},"content":{"rendered":"<p>L&rsquo;entra\u00eeneur de Newcastle, Matthias Jaissle, n&rsquo;a pas tard\u00e9 \u00e0 louer sa nouvelle recrue, se disant convaincu que le joueur va s&rsquo;\u00e9panouir en Premier League : \u00ab Matias est un joueur tr\u00e8s technique, avec de l&rsquo;explosivit\u00e9 dans son jeu. Il peut marquer et d\u00e9livrer des passes d\u00e9cisives, il a du courage et il a la capacit\u00e9 d&rsquo;\u00e9liminer ses adversaires. Nous sommes s\u00fbrs que nos supporters prendront du plaisir \u00e0 le voir jouer. \u00bb<\/p>\n<p>L&rsquo;arriv\u00e9e de Fernandez-Pardo signifie que Nick Woltemade devrait d\u00e9sormais quitter Newcastle en pr\u00eat. La Juventus est actuellement en discussions directes pour recruter Woltemade dans le cadre d&rsquo;une op\u00e9ration d&rsquo;environ 3,4 millions de livres sterling, qui ne comprend ni option ni obligation d&rsquo;achat.<\/p>\n","protected":false},"excerpt":{"rendered":"L&rsquo;entra\u00eeneur de Newcastle, Matthias Jaissle, n&rsquo;a pas tard\u00e9 \u00e0 louer sa nouvelle recrue, se disant convaincu que le&hellip;\n","protected":false},"author":2,"featured_media":1162323,"comment_status":"","ping_status":"","sticky":false,"template":"","format":"standard","meta":{"footnotes":"","_share_on_mastodon":"0"},"categories":[9],"tags":[1011,27,66,1307,119639,1434,19739,48067,70,60,28401],"class_list":["post-1162322","post","type-post","status-publish","format-standard","has-post-thumbnail","category-sports","tag-fr","tag-france","tag-ligue-1","tag-lille","tag-m-fernandez-pardo","tag-mercato","tag-newcastle","tag-newcastle-united","tag-premier-league","tag-sports","tag-transfers"],"share_on_mastodon":{"url":"https:\/\/pubeurope.com\/@fr\/117199598203569278","error":""},"_links":{"self":[{"href":"https:\/\/www.europesays.com\/fr\/wp-json\/wp\/v2\/posts\/1162322","targetHints":{"allow":["GET"]}}],"collection":[{"href":"https:\/\/www.europesays.com\/fr\/wp-json\/wp\/v2\/posts"}],"about":[{"href":"https:\/\/www.europesays.com\/fr\/wp-json\/wp\/v2\/types\/post"}],"author":[{"embeddable":true,"href":"https:\/\/www.europesays.com\/fr\/wp-json\/wp\/v2\/users\/2"}],"replies":[{"embeddable":true,"href":"https:\/\/www.europesays.com\/fr\/wp-json\/wp\/v2\/comments?post=1162322"}],"version-history":[{"count":0,"href":"https:\/\/www.europesays.com\/fr\/wp-json\/wp\/v2\/posts\/1162322\/revisions"}],"wp:featuredmedia":[{"embeddable":true,"href":"https:\/\/www.europesays.com\/fr\/wp-json\/wp\/v2\/media\/1162323"}],"wp:attachment":[{"href":"https:\/\/www.europesays.com\/fr\/wp-json\/wp\/v2\/media?parent=1162322"}],"wp:term":[{"taxonomy":"category","embeddable":true,"href":"https:\/\/www.europesays.com\/fr\/wp-json\/wp\/v2\/categories?post=1162322"},{"taxonomy":"post_tag","embeddable":true,"href":"https:\/\/www.europesays.com\/fr\/wp-json\/wp\/v2\/tags?post=1162322"}],"curies":[{"name":"wp","href":"https:\/\/api.w.org\/{rel}","templated":true}]}}