{"id":1162330,"date":"2026-09-02T04:41:17","date_gmt":"2026-09-02T04:41:17","guid":{"rendered":"https:\/\/www.europesays.com\/fr\/1162330\/"},"modified":"2026-09-02T04:41:17","modified_gmt":"2026-09-02T04:41:17","slug":"pays-bas-une-fusillade-fait-un-mort-34-arrestations-dont-des-francais","status":"publish","type":"post","link":"https:\/\/www.europesays.com\/fr\/1162330\/","title":{"rendered":"Pays-Bas\u00a0: Une fusillade fait un mort, 34 arrestations dont des Fran\u00e7ais"},"content":{"rendered":"<p>La violence du <a href=\"https:\/\/www.20minutes.fr\/dossier\/narcotrafiquants\" target=\"_blank\" class=\"c-link c-link--is-underlined\" rel=\"nofollow noopener\">narcotrafic<\/a> est point\u00e9e du doigt aux <a href=\"https:\/\/www.20minutes.fr\/monde\/pays-bas\/\" target=\"_blank\" class=\"c-link c-link--is-underlined\" rel=\"nofollow noopener\">Pays-Bas<\/a>. La police a annonc\u00e9 mardi avoir arr\u00eat\u00e9 34 personnes, dont des Fran\u00e7ais, des Belges et des Alg\u00e9riens, apr\u00e8s une fusillade dans l\u2019est du pays qui a fait un mort et qui serait li\u00e9e \u00e0 un baron de la drogue.<\/p>\n<p>Vers 04 heures, un groupe d\u2019hommes cagoul\u00e9s et lourdement arm\u00e9s s\u2019est approch\u00e9 d\u2019une maison dans le village d\u2019Overasselt pr\u00e8s de la fronti\u00e8re allemande et des coups de feu ont \u00e9t\u00e9 tir\u00e9s, tuant un homme de 51 ans, qui serait un garde de s\u00e9curit\u00e9.<\/p>\n<p>Deux policiers bless\u00e9s<\/p>\n<p>Deux policiers ont \u00e9t\u00e9 bless\u00e9s lorsque la police arriv\u00e9e sur les lieux a \u00e9t\u00e9 aussit\u00f4t cibl\u00e9e par des tirs, a indiqu\u00e9 la porte-parole de la police Jolanda Aalbers, pr\u00e9cisant qu\u2019ils n\u2019\u00e9taient pas dans un \u00e9tat critique. Des armes, des appareils de stockage de donn\u00e9es et des v\u00e9hicules ont \u00e9t\u00e9 saisis.<\/p>\n<p>Selon les m\u00e9dias locaux, la fusillade serait probablement li\u00e9e \u00e0 l\u2019entourage du baron n\u00e9erlandais de la drogue Jos Leijdekkers, \u00e9galement connu sous le nom de \u00ab\u00a0Bolle Jos\u00a0\u00bb ou \u00ab\u00a0Jos le joufflu\u00a0\u00bb. Il est l\u2019un des criminels les plus recherch\u00e9s des Pays-Bas et a d\u00e9j\u00e0 \u00e9t\u00e9 condamn\u00e9 pour son r\u00f4le dans le trafic international de <a href=\"https:\/\/www.20minutes.fr\/dossier\/cocaine\" target=\"_blank\" class=\"c-link c-link--is-underlined\" rel=\"nofollow noopener\">coca\u00efne<\/a>. Il se trouverait en Sierra Leone et entretiendrait une relation avec la fille du pr\u00e9sident Julius Maada Bio.<\/p>\n<p>D\u00e9j\u00e0 des tirs en\u00a02025 dans la m\u00eame maison<\/p>\n<p>Selon le quotidien Het Parool, la fusillade serait due \u00e0 un conflit concernant plusieurs centaines de kilos de coca\u00efne qui auraient fait l\u2019objet d\u2019un trafic orchestr\u00e9 par le gang de Leijdekkers.<\/p>\n<p><a href=\"https:\/\/www.20minutes.fr\/dossier\/narcotrafiquants\" target=\"_blank\" class=\"c-link c-btn c-btn--primary\" rel=\"nofollow noopener\">Nos articles sur le Narcotrafic<\/a><\/p>\n<p>La procureure adjointe Monique Vinkesteijn a indiqu\u00e9 qu\u2019il y avait eu une fusillade dans la m\u00eame maison l\u2019ann\u00e9e derni\u00e8re li\u00e9e \u00e0 \u00ab\u00a0un conflit de longue date\u00a0\u00bb, mais elle n\u2019a pas r\u00e9v\u00e9l\u00e9 d\u2019autres d\u00e9tails. \u00ab\u00a0Nous savons que le groupe actuellement en d\u00e9tention est international\u00a0\u00bb, a-t-elle soulign\u00e9. \u00ab\u00a0Il comprend des ressortissants fran\u00e7ais et belges, des personnes d\u2019Alg\u00e9rie, et aussi des individus des Pays-Bas\u00a0\u00bb. Les suspects sont vis\u00e9s par plusieurs chefs d\u2019accusation, meurtre, homicide involontaire, tentative d\u2019enl\u00e8vement.<\/p>\n","protected":false},"excerpt":{"rendered":"La violence du narcotrafic est point\u00e9e du doigt aux Pays-Bas. La police a annonc\u00e9 mardi avoir arr\u00eat\u00e9 34&hellip;\n","protected":false},"author":2,"featured_media":1162331,"comment_status":"","ping_status":"","sticky":false,"template":"","format":"standard","meta":{"footnotes":"","_share_on_mastodon":"0"},"categories":[5],"tags":[47,11,3993,1011,27,3832,14,74,8721,12,934,887,133,28],"class_list":["post-1162330","post","type-post","status-publish","format-standard","has-post-thumbnail","category-international","tag-actualite","tag-actualites","tag-cocaine","tag-fr","tag-france","tag-fusillade","tag-international","tag-monde","tag-narcotrafic","tag-news","tag-pays-bas","tag-trafic-de-drogue","tag-video","tag-world"],"share_on_mastodon":{"url":"https:\/\/pubeurope.com\/@fr\/117199614063445302","error":""},"_links":{"self":[{"href":"https:\/\/www.europesays.com\/fr\/wp-json\/wp\/v2\/posts\/1162330","targetHints":{"allow":["GET"]}}],"collection":[{"href":"https:\/\/www.europesays.com\/fr\/wp-json\/wp\/v2\/posts"}],"about":[{"href":"https:\/\/www.europesays.com\/fr\/wp-json\/wp\/v2\/types\/post"}],"author":[{"embeddable":true,"href":"https:\/\/www.europesays.com\/fr\/wp-json\/wp\/v2\/users\/2"}],"replies":[{"embeddable":true,"href":"https:\/\/www.europesays.com\/fr\/wp-json\/wp\/v2\/comments?post=1162330"}],"version-history":[{"count":0,"href":"https:\/\/www.europesays.com\/fr\/wp-json\/wp\/v2\/posts\/1162330\/revisions"}],"wp:featuredmedia":[{"embeddable":true,"href":"https:\/\/www.europesays.com\/fr\/wp-json\/wp\/v2\/media\/1162331"}],"wp:attachment":[{"href":"https:\/\/www.europesays.com\/fr\/wp-json\/wp\/v2\/media?parent=1162330"}],"wp:term":[{"taxonomy":"category","embeddable":true,"href":"https:\/\/www.europesays.com\/fr\/wp-json\/wp\/v2\/categories?post=1162330"},{"taxonomy":"post_tag","embeddable":true,"href":"https:\/\/www.europesays.com\/fr\/wp-json\/wp\/v2\/tags?post=1162330"}],"curies":[{"name":"wp","href":"https:\/\/api.w.org\/{rel}","templated":true}]}}